{"id":6282,"date":"2022-06-17T16:41:45","date_gmt":"2022-06-17T16:41:45","guid":{"rendered":"https:\/\/www.ugt.cat\/jubilats\/?p=6282"},"modified":"2022-06-27T20:31:52","modified_gmt":"2022-06-27T20:31:52","slug":"ugt-y-ccoo-compareceran-en-el-tribunal-constitucional-para-defender-la-reforma-laboral-de-2021","status":"publish","type":"post","link":"https:\/\/www.ugt.cat\/jubilats\/ugt-y-ccoo-compareceran-en-el-tribunal-constitucional-para-defender-la-reforma-laboral-de-2021\/","title":{"rendered":"UGT y CCOO comparecer\u00e1n en el Tribunal Constitucional para defender la reforma laboral de 2021"},"content":{"rendered":"<header class=\"entry-header\">\n<div class=\"entry-meta margin-bottom-30 hidden-print\">\n<div class=\"down gray-icon clearfix\">\n<header class=\"entry-header\">\n<div class=\"entry-meta margin-bottom-30 hidden-print\">\n<div class=\"down gray-icon clearfix\"><\/div>\n<\/div>\n<\/header>\n<div class=\"entry-content\">\n<div class=\"entry-thumbnail margin-bottom-30\"><a title=\"\" href=\"https:\/\/www.ugt.es\/ugt-y-ccoo-compareceran-en-el-tribunal-constitucional-para-defender-la-reforma-laboral-de-2021\" rel=\"bookmark\"> <img decoding=\"async\" class=\"attachment-post-thumbnail\" src=\"https:\/\/www.ugt.es\/sites\/default\/files\/node_gallery\/Galer-a%20Igualdad-Sociedad\/tribunal_constitucional.jpg\" alt=\"\" \/> <\/a><\/div>\n<p><span class=\"print-link\"><span class=\"print_html\"><a class=\"print-page\" title=\"Display a printer-friendly version of this page.\" href=\"https:\/\/www.ugt.es\/print\/45440\" rel=\"nofollow\"><img decoding=\"async\" class=\"print-icon print-icon-margin\" title=\"Versi\u00f3n para impresi\u00f3n\" src=\"https:\/\/www.ugt.es\/sites\/all\/modules\/print\/icons\/print_icon.png\" alt=\"Versi\u00f3n para impresi\u00f3n\" \/>Versi\u00f3n para impresi\u00f3n<\/a><\/span><\/span><\/p>\n<p>&nbsp;<\/p>\n<div class=\"field field-name-body field-type-text-with-summary field-label-hidden\">\n<div class=\"field-items\">\n<div class=\"field-item even\">\n<p><strong>El lunes, 20 de junio, Pepe \u00c1lvarez y Unai Sordo registrar\u00e1n una solicitud en la sede del Alto Organismo para ser parte contra el recurso de Vox a la reforma<\/strong><\/p>\n<hr \/>\n<p>Los 52 diputados de Vox han presentado un recurso de inconstitucionalidad frente al Real Decreto-ley 32 \/2021 de 28 de diciembre, de medidas urgentes de la reforma laboral, la garant\u00eda de la estabilidad en el empleo y la transformaci\u00f3n del mercado de trabajo, con la intenci\u00f3n de anular y dejar sin efecto los derechos que esta norma asegura a las trabajadoras y trabajadores del pa\u00eds.<\/p>\n<p>Los diputados y diputadas de la formaci\u00f3n ultraderechista pretenden negar a este Gobierno la competencia, frecuentemente utilizada por todos los Gobiernos de la democracia, de dictar disposiciones legislativas de urgencia convalidadas posteriormente por el Congreso de los Diputados, a pesar de que reiterada doctrina del Tribunal Constitucional ha avalado el uso de esta f\u00f3rmula en contextos menos imperiosos que el que afrontaba la norma recurrida. Cuestionan que existiera, que exista, una urgente necesidad en Espa\u00f1a de acabar con el desempleo y la temporalidad. Cuestionan tambi\u00e9n la urgencia de acabar con la precariedad, como inquietante realidad que da lugar a malas condiciones de empleo, priva a nuestro sistema productivo de desplegar toda su capacidad y dificulta una ciudadan\u00eda plena en el trabajo.<\/p>\n<p>Tampoco les parece pertinente a los recurrentes que el Gobierno afrontara mediante el Di\u00e1logo Social las reformas comprometidas con las autoridades europeas, entre las que se encontraban todas las materias abordadas por el Decreto-ley; y que lo hiciera con la urgencia necesaria para cumplir el plazo establecido por Bruselas, 31 de diciembre de 2021, de lo que depend\u00eda la ejecuci\u00f3n de los recursos financieros del Fondo Europeo de Recuperaci\u00f3n. Los proyectos que constituyen dicho Plan permiten la realizaci\u00f3n de reformas estructurales, mediante cambios normativos e inversiones y, por lo tanto, permitir\u00e1n un cambio del modelo productivo para la recuperaci\u00f3n de nuestra econom\u00eda, con beneficios tanto para las empresas espa\u00f1olas, como a las personas trabajadoras ocupadas o en b\u00fasqueda de empleo.<\/p>\n<p>La reforma laboral de 2021, fruto del acuerdo del Gobierno y las organizaciones que recoge la Constituci\u00f3n Espa\u00f1ola en el art. 7 de su T\u00edtulo Preliminar \u2013los sindicatos de trabajadores y las asociaciones empresariales\u2013, pone en valor la concertaci\u00f3n social con un resultado hist\u00f3rico en el que por primera vez una ley laboral sirve para recuperar derechos de las personas trabajadoras al mismo tiempo que se robustecen nuestras empresas. El acuerdo que impugna la ultraderecha demuestra que es posible consensuar entre empresas y personas trabajadoras y allan\u00f3 el camino para que una cantidad importante de fondos europeos, 140. 000 millones de euros, los llamados Next Generation EU, lleguen a Espa\u00f1a para ayudar a nuestras empresas y aut\u00f3nomos a reparar los da\u00f1os econ\u00f3micos y sociales causados por la pandemia.<\/p>\n<p>En 5 meses que llevamos de reforma laboral se han suscrito m\u00e1s de 2 millones y medio de contratos fijos alcanzado cifras r\u00e9cords de contrataci\u00f3n indefinida nuca vistos hasta ahora en nuestro pa\u00eds. La contrataci\u00f3n indefinida supone uno de cada dos contratos de trabajo desde la entrada en vigor del texto consensuado por los interlocutores sociales.<\/p>\n<p>UGT y CCOO conscientes del papel constitucional en defensa de los intereses de la clase trabajadora que le otorga el art. 7 de la Constituci\u00f3n Espa\u00f1ola y en desarrollo pleno de los art\u00edculos 28 y 37 de nuestra norma fundamental va a personarse ante el Tribunal Constitucional para defender jur\u00eddicamente y legamente el texto pactado atacado por VOX en defensa de los millones de puestos de trabajo estable y de los derechos de las personas trabajadoras.<\/p>\n<p>El pr\u00f3ximo lunes, 20 de junio, los secretarios generales de UGT y CCOO, Pepe Alvarez y Unai Sordo, registrar\u00e1n un escrito en la sede del Tribunal Constitucional.<\/p>\n<\/div>\n<\/div>\n<\/div>\n<\/div>\n<\/div>\n<\/div>\n<\/header>\n<div class=\"entry-content\">\n<div class=\"entry-thumbnail margin-bottom-30\"><a title=\"\" href=\"https:\/\/www.ugt.es\/ugt-y-ccoo-compareceran-en-el-tribunal-constitucional-para-defender-la-reforma-laboral-de-2021\" rel=\"bookmark\">\u00a0<\/a><\/div>\n<p><span class=\"print-link\"><span class=\"print_html\"><a class=\"print-page\" title=\"Display a printer-friendly version of this page.\" href=\"https:\/\/www.ugt.es\/print\/45440\" rel=\"nofollow\"><img decoding=\"async\" class=\"print-icon print-icon-margin\" title=\"Versi\u00f3n para impresi\u00f3n\" src=\"https:\/\/www.ugt.es\/sites\/all\/modules\/print\/icons\/print_icon.png\" alt=\"Versi\u00f3n para impresi\u00f3n\" \/><\/a><\/span><\/span><\/p>\n<\/div>\n","protected":false},"excerpt":{"rendered":"<p>Versi\u00f3n para impresi\u00f3n &nbsp; El lunes, 20 de junio, Pepe \u00c1lvarez y Unai Sordo registrar\u00e1n una solicitud en la sede del Alto Organismo para ser parte contra el recurso de Vox a la reforma Los 52 diputados de Vox han <a class=\"more-link\" href=\"https:\/\/www.ugt.cat\/jubilats\/ugt-y-ccoo-compareceran-en-el-tribunal-constitucional-para-defender-la-reforma-laboral-de-2021\/\">Continua llegint <span class=\"meta-nav\">&rarr;<\/span><\/a><\/p>\n","protected":false},"author":3,"featured_media":6321,"comment_status":"closed","ping_status":"open","sticky":false,"template":"","format":"standard","meta":{"footnotes":""},"categories":[1],"tags":[],"class_list":["post-6282","post","type-post","status-publish","format-standard","has-post-thumbnail","hentry","category-general"],"_links":{"self":[{"href":"https:\/\/www.ugt.cat\/jubilats\/wp-json\/wp\/v2\/posts\/6282","targetHints":{"allow":["GET"]}}],"collection":[{"href":"https:\/\/www.ugt.cat\/jubilats\/wp-json\/wp\/v2\/posts"}],"about":[{"href":"https:\/\/www.ugt.cat\/jubilats\/wp-json\/wp\/v2\/types\/post"}],"author":[{"embeddable":true,"href":"https:\/\/www.ugt.cat\/jubilats\/wp-json\/wp\/v2\/users\/3"}],"replies":[{"embeddable":true,"href":"https:\/\/www.ugt.cat\/jubilats\/wp-json\/wp\/v2\/comments?post=6282"}],"version-history":[{"count":3,"href":"https:\/\/www.ugt.cat\/jubilats\/wp-json\/wp\/v2\/posts\/6282\/revisions"}],"predecessor-version":[{"id":6285,"href":"https:\/\/www.ugt.cat\/jubilats\/wp-json\/wp\/v2\/posts\/6282\/revisions\/6285"}],"wp:featuredmedia":[{"embeddable":true,"href":"https:\/\/www.ugt.cat\/jubilats\/wp-json\/wp\/v2\/media\/6321"}],"wp:attachment":[{"href":"https:\/\/www.ugt.cat\/jubilats\/wp-json\/wp\/v2\/media?parent=6282"}],"wp:term":[{"taxonomy":"category","embeddable":true,"href":"https:\/\/www.ugt.cat\/jubilats\/wp-json\/wp\/v2\/categories?post=6282"},{"taxonomy":"post_tag","embeddable":true,"href":"https:\/\/www.ugt.cat\/jubilats\/wp-json\/wp\/v2\/tags?post=6282"}],"curies":[{"name":"wp","href":"https:\/\/api.w.org\/{rel}","templated":true}]}}