{"id":6552,"date":"2022-09-21T09:59:20","date_gmt":"2022-09-21T09:59:20","guid":{"rendered":"https:\/\/www.ugt.cat\/jubilats\/?p=6552"},"modified":"2022-09-22T08:06:18","modified_gmt":"2022-09-22T08:06:18","slug":"celebrat-consell-ujp-ugt-de-catalunya","status":"publish","type":"post","link":"https:\/\/www.ugt.cat\/jubilats\/celebrat-consell-ujp-ugt-de-catalunya\/","title":{"rendered":"Celebrat Consell UJP-UGT de Catalunya"},"content":{"rendered":"\n\t\t<style>\n\t\t\t#gallery-1 {\n\t\t\t\tmargin: auto;\n\t\t\t}\n\t\t\t#gallery-1 .gallery-item {\n\t\t\t\tfloat: left;\n\t\t\t\tmargin-top: 10px;\n\t\t\t\ttext-align: center;\n\t\t\t\twidth: 33%;\n\t\t\t}\n\t\t\t#gallery-1 img {\n\t\t\t\tborder: 2px solid #cfcfcf;\n\t\t\t}\n\t\t\t#gallery-1 .gallery-caption {\n\t\t\t\tmargin-left: 0;\n\t\t\t}\n\t\t\t\/* see gallery_shortcode() in wp-includes\/media.php *\/\n\t\t<\/style>\n\t\t<div id='gallery-1' class='gallery galleryid-6552 gallery-columns-3 gallery-size-large'><dl class='gallery-item'>\n\t\t\t<dt class='gallery-icon landscape'>\n\t\t\t\t<a href='https:\/\/www.ugt.cat\/jubilats\/celebrat-consell-ujp-ugt-de-catalunya\/img_20220921_200417\/'><img loading=\"lazy\" decoding=\"async\" width=\"642\" height=\"203\" src=\"https:\/\/www.ugt.cat\/jubilats\/wp-content\/uploads\/2022\/09\/IMG_20220921_200417.jpg\" class=\"attachment-large size-large\" alt=\"\" srcset=\"https:\/\/www.ugt.cat\/jubilats\/wp-content\/uploads\/2022\/09\/IMG_20220921_200417.jpg 642w, https:\/\/www.ugt.cat\/jubilats\/wp-content\/uploads\/2022\/09\/IMG_20220921_200417-300x95.jpg 300w\" sizes=\"auto, (max-width: 642px) 100vw, 642px\" \/><\/a>\n\t\t\t<\/dt><\/dl><dl class='gallery-item'>\n\t\t\t<dt class='gallery-icon landscape'>\n\t\t\t\t<a href='https:\/\/www.ugt.cat\/jubilats\/celebrat-consell-ujp-ugt-de-catalunya\/img-20220921-wa0013\/'><img loading=\"lazy\" decoding=\"async\" width=\"1024\" height=\"768\" src=\"https:\/\/www.ugt.cat\/jubilats\/wp-content\/uploads\/2022\/09\/IMG-20220921-WA0013.jpg\" class=\"attachment-large size-large\" alt=\"\" srcset=\"https:\/\/www.ugt.cat\/jubilats\/wp-content\/uploads\/2022\/09\/IMG-20220921-WA0013.jpg 1024w, https:\/\/www.ugt.cat\/jubilats\/wp-content\/uploads\/2022\/09\/IMG-20220921-WA0013-300x225.jpg 300w, https:\/\/www.ugt.cat\/jubilats\/wp-content\/uploads\/2022\/09\/IMG-20220921-WA0013-768x576.jpg 768w\" sizes=\"auto, (max-width: 1024px) 100vw, 1024px\" \/><\/a>\n\t\t\t<\/dt><\/dl><dl class='gallery-item'>\n\t\t\t<dt class='gallery-icon landscape'>\n\t\t\t\t<a href='https:\/\/www.ugt.cat\/jubilats\/celebrat-consell-ujp-ugt-de-catalunya\/img-20220921-wa0011\/'><img loading=\"lazy\" decoding=\"async\" width=\"1024\" height=\"768\" src=\"https:\/\/www.ugt.cat\/jubilats\/wp-content\/uploads\/2022\/09\/IMG-20220921-WA0011.jpg\" class=\"attachment-large size-large\" alt=\"\" srcset=\"https:\/\/www.ugt.cat\/jubilats\/wp-content\/uploads\/2022\/09\/IMG-20220921-WA0011.jpg 1024w, https:\/\/www.ugt.cat\/jubilats\/wp-content\/uploads\/2022\/09\/IMG-20220921-WA0011-300x225.jpg 300w, https:\/\/www.ugt.cat\/jubilats\/wp-content\/uploads\/2022\/09\/IMG-20220921-WA0011-768x576.jpg 768w\" sizes=\"auto, (max-width: 1024px) 100vw, 1024px\" \/><\/a>\n\t\t\t<\/dt><\/dl><br style=\"clear: both\" \/><dl class='gallery-item'>\n\t\t\t<dt class='gallery-icon landscape'>\n\t\t\t\t<a href='https:\/\/www.ugt.cat\/jubilats\/celebrat-consell-ujp-ugt-de-catalunya\/img-20220921-wa0023\/'><img loading=\"lazy\" decoding=\"async\" width=\"1024\" height=\"768\" src=\"https:\/\/www.ugt.cat\/jubilats\/wp-content\/uploads\/2022\/09\/IMG-20220921-WA0023.jpg\" class=\"attachment-large size-large\" alt=\"\" srcset=\"https:\/\/www.ugt.cat\/jubilats\/wp-content\/uploads\/2022\/09\/IMG-20220921-WA0023.jpg 1024w, https:\/\/www.ugt.cat\/jubilats\/wp-content\/uploads\/2022\/09\/IMG-20220921-WA0023-300x225.jpg 300w, https:\/\/www.ugt.cat\/jubilats\/wp-content\/uploads\/2022\/09\/IMG-20220921-WA0023-768x576.jpg 768w\" sizes=\"auto, (max-width: 1024px) 100vw, 1024px\" \/><\/a>\n\t\t\t<\/dt><\/dl><dl class='gallery-item'>\n\t\t\t<dt class='gallery-icon landscape'>\n\t\t\t\t<a href='https:\/\/www.ugt.cat\/jubilats\/celebrat-consell-ujp-ugt-de-catalunya\/img-20220921-wa0022\/'><img loading=\"lazy\" decoding=\"async\" width=\"1024\" height=\"768\" src=\"https:\/\/www.ugt.cat\/jubilats\/wp-content\/uploads\/2022\/09\/IMG-20220921-WA0022.jpg\" class=\"attachment-large size-large\" alt=\"\" srcset=\"https:\/\/www.ugt.cat\/jubilats\/wp-content\/uploads\/2022\/09\/IMG-20220921-WA0022.jpg 1024w, https:\/\/www.ugt.cat\/jubilats\/wp-content\/uploads\/2022\/09\/IMG-20220921-WA0022-300x225.jpg 300w, https:\/\/www.ugt.cat\/jubilats\/wp-content\/uploads\/2022\/09\/IMG-20220921-WA0022-768x576.jpg 768w\" sizes=\"auto, (max-width: 1024px) 100vw, 1024px\" \/><\/a>\n\t\t\t<\/dt><\/dl><dl class='gallery-item'>\n\t\t\t<dt class='gallery-icon landscape'>\n\t\t\t\t<a href='https:\/\/www.ugt.cat\/jubilats\/celebrat-consell-ujp-ugt-de-catalunya\/img-20220921-wa0021\/'><img loading=\"lazy\" decoding=\"async\" width=\"1024\" height=\"768\" src=\"https:\/\/www.ugt.cat\/jubilats\/wp-content\/uploads\/2022\/09\/IMG-20220921-WA0021.jpg\" class=\"attachment-large size-large\" alt=\"\" srcset=\"https:\/\/www.ugt.cat\/jubilats\/wp-content\/uploads\/2022\/09\/IMG-20220921-WA0021.jpg 1024w, https:\/\/www.ugt.cat\/jubilats\/wp-content\/uploads\/2022\/09\/IMG-20220921-WA0021-300x225.jpg 300w, https:\/\/www.ugt.cat\/jubilats\/wp-content\/uploads\/2022\/09\/IMG-20220921-WA0021-768x576.jpg 768w\" sizes=\"auto, (max-width: 1024px) 100vw, 1024px\" \/><\/a>\n\t\t\t<\/dt><\/dl><br style=\"clear: both\" \/><dl class='gallery-item'>\n\t\t\t<dt class='gallery-icon portrait'>\n\t\t\t\t<a href='https:\/\/www.ugt.cat\/jubilats\/celebrat-consell-ujp-ugt-de-catalunya\/img-20220921-wa0015\/'><img loading=\"lazy\" decoding=\"async\" width=\"768\" height=\"1024\" src=\"https:\/\/www.ugt.cat\/jubilats\/wp-content\/uploads\/2022\/09\/IMG-20220921-WA0015.jpg\" class=\"attachment-large size-large\" alt=\"\" srcset=\"https:\/\/www.ugt.cat\/jubilats\/wp-content\/uploads\/2022\/09\/IMG-20220921-WA0015.jpg 768w, https:\/\/www.ugt.cat\/jubilats\/wp-content\/uploads\/2022\/09\/IMG-20220921-WA0015-225x300.jpg 225w\" sizes=\"auto, (max-width: 768px) 100vw, 768px\" \/><\/a>\n\t\t\t<\/dt><\/dl><dl class='gallery-item'>\n\t\t\t<dt class='gallery-icon landscape'>\n\t\t\t\t<a href='https:\/\/www.ugt.cat\/jubilats\/celebrat-consell-ujp-ugt-de-catalunya\/img-20220921-wa0014\/'><img loading=\"lazy\" decoding=\"async\" width=\"1024\" height=\"768\" src=\"https:\/\/www.ugt.cat\/jubilats\/wp-content\/uploads\/2022\/09\/IMG-20220921-WA0014.jpg\" class=\"attachment-large size-large\" alt=\"\" srcset=\"https:\/\/www.ugt.cat\/jubilats\/wp-content\/uploads\/2022\/09\/IMG-20220921-WA0014.jpg 1024w, https:\/\/www.ugt.cat\/jubilats\/wp-content\/uploads\/2022\/09\/IMG-20220921-WA0014-300x225.jpg 300w, https:\/\/www.ugt.cat\/jubilats\/wp-content\/uploads\/2022\/09\/IMG-20220921-WA0014-768x576.jpg 768w\" sizes=\"auto, (max-width: 1024px) 100vw, 1024px\" \/><\/a>\n\t\t\t<\/dt><\/dl><dl class='gallery-item'>\n\t\t\t<dt class='gallery-icon landscape'>\n\t\t\t\t<a href='https:\/\/www.ugt.cat\/jubilats\/celebrat-consell-ujp-ugt-de-catalunya\/img_20220921_121328\/'><img loading=\"lazy\" decoding=\"async\" width=\"1024\" height=\"459\" src=\"https:\/\/www.ugt.cat\/jubilats\/wp-content\/uploads\/2022\/09\/IMG_20220921_121328-1024x459.jpg\" class=\"attachment-large size-large\" alt=\"\" srcset=\"https:\/\/www.ugt.cat\/jubilats\/wp-content\/uploads\/2022\/09\/IMG_20220921_121328-1024x459.jpg 1024w, https:\/\/www.ugt.cat\/jubilats\/wp-content\/uploads\/2022\/09\/IMG_20220921_121328-300x134.jpg 300w, https:\/\/www.ugt.cat\/jubilats\/wp-content\/uploads\/2022\/09\/IMG_20220921_121328-768x344.jpg 768w, https:\/\/www.ugt.cat\/jubilats\/wp-content\/uploads\/2022\/09\/IMG_20220921_121328-1536x688.jpg 1536w, https:\/\/www.ugt.cat\/jubilats\/wp-content\/uploads\/2022\/09\/IMG_20220921_121328-2048x918.jpg 2048w\" sizes=\"auto, (max-width: 1024px) 100vw, 1024px\" \/><\/a>\n\t\t\t<\/dt><\/dl><br style=\"clear: both\" \/><dl class='gallery-item'>\n\t\t\t<dt class='gallery-icon portrait'>\n\t\t\t\t<a href='https:\/\/www.ugt.cat\/jubilats\/celebrat-consell-ujp-ugt-de-catalunya\/attachment\/1663769117001\/'><img loading=\"lazy\" decoding=\"async\" width=\"768\" height=\"1024\" src=\"https:\/\/www.ugt.cat\/jubilats\/wp-content\/uploads\/2022\/09\/1663769117001.jpg\" class=\"attachment-large size-large\" alt=\"\" srcset=\"https:\/\/www.ugt.cat\/jubilats\/wp-content\/uploads\/2022\/09\/1663769117001.jpg 768w, https:\/\/www.ugt.cat\/jubilats\/wp-content\/uploads\/2022\/09\/1663769117001-225x300.jpg 225w\" sizes=\"auto, (max-width: 768px) 100vw, 768px\" \/><\/a>\n\t\t\t<\/dt><\/dl><dl class='gallery-item'>\n\t\t\t<dt class='gallery-icon landscape'>\n\t\t\t\t<a href='https:\/\/www.ugt.cat\/jubilats\/celebrat-consell-ujp-ugt-de-catalunya\/img_20220921_121747\/'><img loading=\"lazy\" decoding=\"async\" width=\"1024\" height=\"459\" src=\"https:\/\/www.ugt.cat\/jubilats\/wp-content\/uploads\/2022\/09\/IMG_20220921_121747-1024x459.jpg\" class=\"attachment-large size-large\" alt=\"\" srcset=\"https:\/\/www.ugt.cat\/jubilats\/wp-content\/uploads\/2022\/09\/IMG_20220921_121747-1024x459.jpg 1024w, https:\/\/www.ugt.cat\/jubilats\/wp-content\/uploads\/2022\/09\/IMG_20220921_121747-300x134.jpg 300w, https:\/\/www.ugt.cat\/jubilats\/wp-content\/uploads\/2022\/09\/IMG_20220921_121747-768x344.jpg 768w, https:\/\/www.ugt.cat\/jubilats\/wp-content\/uploads\/2022\/09\/IMG_20220921_121747-1536x688.jpg 1536w, https:\/\/www.ugt.cat\/jubilats\/wp-content\/uploads\/2022\/09\/IMG_20220921_121747-2048x918.jpg 2048w\" sizes=\"auto, (max-width: 1024px) 100vw, 1024px\" \/><\/a>\n\t\t\t<\/dt><\/dl><dl class='gallery-item'>\n\t\t\t<dt class='gallery-icon landscape'>\n\t\t\t\t<a href='https:\/\/www.ugt.cat\/jubilats\/celebrat-consell-ujp-ugt-de-catalunya\/1663769116889-copia\/'><img loading=\"lazy\" decoding=\"async\" width=\"1024\" height=\"768\" src=\"https:\/\/www.ugt.cat\/jubilats\/wp-content\/uploads\/2022\/09\/1663769116889-copia.jpg\" class=\"attachment-large size-large\" alt=\"\" srcset=\"https:\/\/www.ugt.cat\/jubilats\/wp-content\/uploads\/2022\/09\/1663769116889-copia.jpg 1024w, https:\/\/www.ugt.cat\/jubilats\/wp-content\/uploads\/2022\/09\/1663769116889-copia-300x225.jpg 300w, https:\/\/www.ugt.cat\/jubilats\/wp-content\/uploads\/2022\/09\/1663769116889-copia-768x576.jpg 768w\" sizes=\"auto, (max-width: 1024px) 100vw, 1024px\" \/><\/a>\n\t\t\t<\/dt><\/dl><br style=\"clear: both\" \/><dl class='gallery-item'>\n\t\t\t<dt class='gallery-icon landscape'>\n\t\t\t\t<a href='https:\/\/www.ugt.cat\/jubilats\/celebrat-consell-ujp-ugt-de-catalunya\/attachment\/1663769014252\/'><img loading=\"lazy\" decoding=\"async\" width=\"1024\" height=\"473\" src=\"https:\/\/www.ugt.cat\/jubilats\/wp-content\/uploads\/2022\/09\/1663769014252-1024x473.jpg\" class=\"attachment-large size-large\" alt=\"\" srcset=\"https:\/\/www.ugt.cat\/jubilats\/wp-content\/uploads\/2022\/09\/1663769014252-1024x473.jpg 1024w, https:\/\/www.ugt.cat\/jubilats\/wp-content\/uploads\/2022\/09\/1663769014252-300x138.jpg 300w, https:\/\/www.ugt.cat\/jubilats\/wp-content\/uploads\/2022\/09\/1663769014252-768x354.jpg 768w, https:\/\/www.ugt.cat\/jubilats\/wp-content\/uploads\/2022\/09\/1663769014252-1536x709.jpg 1536w, https:\/\/www.ugt.cat\/jubilats\/wp-content\/uploads\/2022\/09\/1663769014252-2048x945.jpg 2048w\" sizes=\"auto, (max-width: 1024px) 100vw, 1024px\" \/><\/a>\n\t\t\t<\/dt><\/dl>\n\t\t\t<br style='clear: both' \/>\n\t\t<\/div>\n\n<p style=\"text-align: left;\"><span style=\"font-weight: 300;\">S&#8217;ha celebrat a la seu d&#8217;UGT a la rambla Santa M\u00f2nica de Barcelona el Consell d&#8217;UJP-UGT de Catalunya per tractar la informaci\u00f3 del consell estatal i preparar els actes i activitats previstos els pr\u00f2xims mesos.<\/span><\/p>\n<p>&nbsp;<\/p>\n<p>&nbsp;<\/p>\n<p>&nbsp;<\/p>\n<p>&nbsp;<\/p>\n<p>&nbsp;<\/p>\n<p>&nbsp;<\/p>\n","protected":false},"excerpt":{"rendered":"<p>S&#8217;ha celebrat a la seu d&#8217;UGT a la rambla Santa M\u00f2nica de Barcelona el Consell d&#8217;UJP-UGT de Catalunya per tractar la informaci\u00f3 del consell estatal i preparar els actes i activitats previstos els pr\u00f2xims mesos. &nbsp; &nbsp; &nbsp; &nbsp; &nbsp; <a class=\"more-link\" href=\"https:\/\/www.ugt.cat\/jubilats\/celebrat-consell-ujp-ugt-de-catalunya\/\">Continua llegint <span class=\"meta-nav\">&rarr;<\/span><\/a><\/p>\n","protected":false},"author":6,"featured_media":6555,"comment_status":"closed","ping_status":"open","sticky":false,"template":"","format":"standard","meta":{"footnotes":""},"categories":[1],"tags":[],"class_list":["post-6552","post","type-post","status-publish","format-standard","has-post-thumbnail","hentry","category-general"],"_links":{"self":[{"href":"https:\/\/www.ugt.cat\/jubilats\/wp-json\/wp\/v2\/posts\/6552","targetHints":{"allow":["GET"]}}],"collection":[{"href":"https:\/\/www.ugt.cat\/jubilats\/wp-json\/wp\/v2\/posts"}],"about":[{"href":"https:\/\/www.ugt.cat\/jubilats\/wp-json\/wp\/v2\/types\/post"}],"author":[{"embeddable":true,"href":"https:\/\/www.ugt.cat\/jubilats\/wp-json\/wp\/v2\/users\/6"}],"replies":[{"embeddable":true,"href":"https:\/\/www.ugt.cat\/jubilats\/wp-json\/wp\/v2\/comments?post=6552"}],"version-history":[{"count":8,"href":"https:\/\/www.ugt.cat\/jubilats\/wp-json\/wp\/v2\/posts\/6552\/revisions"}],"predecessor-version":[{"id":6581,"href":"https:\/\/www.ugt.cat\/jubilats\/wp-json\/wp\/v2\/posts\/6552\/revisions\/6581"}],"wp:featuredmedia":[{"embeddable":true,"href":"https:\/\/www.ugt.cat\/jubilats\/wp-json\/wp\/v2\/media\/6555"}],"wp:attachment":[{"href":"https:\/\/www.ugt.cat\/jubilats\/wp-json\/wp\/v2\/media?parent=6552"}],"wp:term":[{"taxonomy":"category","embeddable":true,"href":"https:\/\/www.ugt.cat\/jubilats\/wp-json\/wp\/v2\/categories?post=6552"},{"taxonomy":"post_tag","embeddable":true,"href":"https:\/\/www.ugt.cat\/jubilats\/wp-json\/wp\/v2\/tags?post=6552"}],"curies":[{"name":"wp","href":"https:\/\/api.w.org\/{rel}","templated":true}]}}