{"id":6726,"date":"2022-10-09T15:56:23","date_gmt":"2022-10-09T15:56:23","guid":{"rendered":"https:\/\/www.ugt.cat\/jubilats\/?p=6726"},"modified":"2022-10-09T15:56:23","modified_gmt":"2022-10-09T15:56:23","slug":"jornada-perspectives-participacio-ciutadana-gent-gran","status":"publish","type":"post","link":"https:\/\/www.ugt.cat\/jubilats\/jornada-perspectives-participacio-ciutadana-gent-gran\/","title":{"rendered":"Jornada \u00abPerspectives participaci\u00f3 ciutadana gent gran\u00bb"},"content":{"rendered":"<p>El proper dijous dia 13 durant el mati, a la seu de la UGT en Rambla Santa M\u00f2nica de Barcelona, es cel.lebrar\u00e0 la jornada que tractar\u00e0 sobre \u00ab<strong>Noves perspectives sobre la participaci\u00f3 ciutadana de la gent gran<\/strong>\u00ab. Es presentaran els estudis efectuats per ponents de la Universitat de Barcelona i altres centres universitaris europeus i participar\u00e0 el secretari de la UGT de Catalunya, Camil Ros.<\/p>\n<p>Per assist\u00e8ncia es prega efectuar la inscripci\u00f3 pr\u00e8via clicant sobre la imatge:<\/p>\n<p><a href=\"https:\/\/bit.ly\/CIVEXoct2022\"><img loading=\"lazy\" decoding=\"async\" class=\"alignnone size-medium wp-image-6727\" src=\"https:\/\/www.ugt.cat\/jubilats\/wp-content\/uploads\/2022\/10\/IMG-20220920-WA0003-300x300.jpg\" alt=\"\" width=\"300\" height=\"300\" srcset=\"https:\/\/www.ugt.cat\/jubilats\/wp-content\/uploads\/2022\/10\/IMG-20220920-WA0003-300x300.jpg 300w, https:\/\/www.ugt.cat\/jubilats\/wp-content\/uploads\/2022\/10\/IMG-20220920-WA0003-1024x1024.jpg 1024w, https:\/\/www.ugt.cat\/jubilats\/wp-content\/uploads\/2022\/10\/IMG-20220920-WA0003-150x150.jpg 150w, https:\/\/www.ugt.cat\/jubilats\/wp-content\/uploads\/2022\/10\/IMG-20220920-WA0003-768x768.jpg 768w, https:\/\/www.ugt.cat\/jubilats\/wp-content\/uploads\/2022\/10\/IMG-20220920-WA0003-1536x1536.jpg 1536w, https:\/\/www.ugt.cat\/jubilats\/wp-content\/uploads\/2022\/10\/IMG-20220920-WA0003.jpg 1687w\" sizes=\"auto, (max-width: 300px) 100vw, 300px\" \/><\/a><\/p>\n<p>Per accedir al programa complet del temari, participants i horaris <span style=\"font-weight: 300;\">cliqueu sobre la\u00a0 imatge:<\/span><\/p>\n<p><a href=\"https:\/\/drive.google.com\/file\/d\/1d776KXdkG534ZR-yJdHyBt-50OINFZmS\/view?usp=sharing\"><img loading=\"lazy\" decoding=\"async\" class=\"alignnone size-medium wp-image-6729\" src=\"https:\/\/www.ugt.cat\/jubilats\/wp-content\/uploads\/2022\/10\/Programa-Jornada-CIVEX-cast_Pagina_1-212x300.jpg\" alt=\"\" width=\"212\" height=\"300\" srcset=\"https:\/\/www.ugt.cat\/jubilats\/wp-content\/uploads\/2022\/10\/Programa-Jornada-CIVEX-cast_Pagina_1-212x300.jpg 212w, https:\/\/www.ugt.cat\/jubilats\/wp-content\/uploads\/2022\/10\/Programa-Jornada-CIVEX-cast_Pagina_1-724x1024.jpg 724w, https:\/\/www.ugt.cat\/jubilats\/wp-content\/uploads\/2022\/10\/Programa-Jornada-CIVEX-cast_Pagina_1-768x1086.jpg 768w, https:\/\/www.ugt.cat\/jubilats\/wp-content\/uploads\/2022\/10\/Programa-Jornada-CIVEX-cast_Pagina_1-1086x1536.jpg 1086w, https:\/\/www.ugt.cat\/jubilats\/wp-content\/uploads\/2022\/10\/Programa-Jornada-CIVEX-cast_Pagina_1-1448x2048.jpg 1448w, https:\/\/www.ugt.cat\/jubilats\/wp-content\/uploads\/2022\/10\/Programa-Jornada-CIVEX-cast_Pagina_1.jpg 1654w\" sizes=\"auto, (max-width: 212px) 100vw, 212px\" \/>\u00a0\u00a0\u00a0\u00a0\u00a0\u00a0\u00a0\u00a0<\/a> <a href=\"https:\/\/drive.google.com\/file\/d\/1FkVABwfdPj_U-7UygVBi_0EPAgRLBwQ2\/view?usp=sharing\"><img loading=\"lazy\" decoding=\"async\" class=\"alignnone size-medium wp-image-6730\" src=\"https:\/\/www.ugt.cat\/jubilats\/wp-content\/uploads\/2022\/10\/Programa-Jornada-CIVEX-cat_Pagina_1-212x300.jpg\" alt=\"\" width=\"212\" height=\"300\" srcset=\"https:\/\/www.ugt.cat\/jubilats\/wp-content\/uploads\/2022\/10\/Programa-Jornada-CIVEX-cat_Pagina_1-212x300.jpg 212w, https:\/\/www.ugt.cat\/jubilats\/wp-content\/uploads\/2022\/10\/Programa-Jornada-CIVEX-cat_Pagina_1-724x1024.jpg 724w, https:\/\/www.ugt.cat\/jubilats\/wp-content\/uploads\/2022\/10\/Programa-Jornada-CIVEX-cat_Pagina_1-768x1086.jpg 768w, https:\/\/www.ugt.cat\/jubilats\/wp-content\/uploads\/2022\/10\/Programa-Jornada-CIVEX-cat_Pagina_1-1086x1536.jpg 1086w, https:\/\/www.ugt.cat\/jubilats\/wp-content\/uploads\/2022\/10\/Programa-Jornada-CIVEX-cat_Pagina_1-1448x2048.jpg 1448w, https:\/\/www.ugt.cat\/jubilats\/wp-content\/uploads\/2022\/10\/Programa-Jornada-CIVEX-cat_Pagina_1.jpg 1654w\" sizes=\"auto, (max-width: 212px) 100vw, 212px\" \/><\/a><\/p>\n","protected":false},"excerpt":{"rendered":"<p>El proper dijous dia 13 durant el mati, a la seu de la UGT en Rambla Santa M\u00f2nica de Barcelona, es cel.lebrar\u00e0 la jornada que tractar\u00e0 sobre \u00abNoves perspectives sobre la participaci\u00f3 ciutadana de la gent gran\u00ab. Es presentaran els <a class=\"more-link\" href=\"https:\/\/www.ugt.cat\/jubilats\/jornada-perspectives-participacio-ciutadana-gent-gran\/\">Continua llegint <span class=\"meta-nav\">&rarr;<\/span><\/a><\/p>\n","protected":false},"author":6,"featured_media":6730,"comment_status":"closed","ping_status":"open","sticky":false,"template":"","format":"standard","meta":{"footnotes":""},"categories":[1],"tags":[],"class_list":["post-6726","post","type-post","status-publish","format-standard","has-post-thumbnail","hentry","category-general"],"_links":{"self":[{"href":"https:\/\/www.ugt.cat\/jubilats\/wp-json\/wp\/v2\/posts\/6726","targetHints":{"allow":["GET"]}}],"collection":[{"href":"https:\/\/www.ugt.cat\/jubilats\/wp-json\/wp\/v2\/posts"}],"about":[{"href":"https:\/\/www.ugt.cat\/jubilats\/wp-json\/wp\/v2\/types\/post"}],"author":[{"embeddable":true,"href":"https:\/\/www.ugt.cat\/jubilats\/wp-json\/wp\/v2\/users\/6"}],"replies":[{"embeddable":true,"href":"https:\/\/www.ugt.cat\/jubilats\/wp-json\/wp\/v2\/comments?post=6726"}],"version-history":[{"count":7,"href":"https:\/\/www.ugt.cat\/jubilats\/wp-json\/wp\/v2\/posts\/6726\/revisions"}],"predecessor-version":[{"id":6737,"href":"https:\/\/www.ugt.cat\/jubilats\/wp-json\/wp\/v2\/posts\/6726\/revisions\/6737"}],"wp:featuredmedia":[{"embeddable":true,"href":"https:\/\/www.ugt.cat\/jubilats\/wp-json\/wp\/v2\/media\/6730"}],"wp:attachment":[{"href":"https:\/\/www.ugt.cat\/jubilats\/wp-json\/wp\/v2\/media?parent=6726"}],"wp:term":[{"taxonomy":"category","embeddable":true,"href":"https:\/\/www.ugt.cat\/jubilats\/wp-json\/wp\/v2\/categories?post=6726"},{"taxonomy":"post_tag","embeddable":true,"href":"https:\/\/www.ugt.cat\/jubilats\/wp-json\/wp\/v2\/tags?post=6726"}],"curies":[{"name":"wp","href":"https:\/\/api.w.org\/{rel}","templated":true}]}}