{"id":6812,"date":"2022-10-19T12:54:26","date_gmt":"2022-10-19T12:54:26","guid":{"rendered":"https:\/\/www.ugt.cat\/jubilats\/?p=6812"},"modified":"2022-10-19T12:54:26","modified_gmt":"2022-10-19T12:54:26","slug":"ujp-ugt-en-la-inauguracio-firagran-2022","status":"publish","type":"post","link":"https:\/\/www.ugt.cat\/jubilats\/ujp-ugt-en-la-inauguracio-firagran-2022\/","title":{"rendered":"UJP-UGT en la inauguraci\u00f3 Firagran 2022"},"content":{"rendered":"<p style=\"text-align: left;\">UJP-UGT hem participat en la inauguraci\u00f3 de Firagram 2022 que s&#8217;ha efectuat i tindr\u00e0 continuaci\u00f3 fins divendres dia 21, en el recinte de la Farga de l&#8217;Hospitalet de Llobregat (metro L1, Renfe i FGC). Est\u00e0 prevista la pres\u00e8ncia dijous dia 20 a les 11 h en el nostre stand (G6) del secretari general d&#8217;UGT de Catalunya, Camil Ros. Us hi esperem!<\/p>\n<p><a href=\"https:\/\/www.ugt.cat\/jubilats\/wp-content\/uploads\/2022\/10\/IMG-20221019-WA0039.jpg\"><img loading=\"lazy\" decoding=\"async\" class=\"alignnone size-medium wp-image-6818\" src=\"https:\/\/www.ugt.cat\/jubilats\/wp-content\/uploads\/2022\/10\/IMG-20221019-WA0039-300x225.jpg\" alt=\"\" width=\"300\" height=\"225\" srcset=\"https:\/\/www.ugt.cat\/jubilats\/wp-content\/uploads\/2022\/10\/IMG-20221019-WA0039-300x225.jpg 300w, https:\/\/www.ugt.cat\/jubilats\/wp-content\/uploads\/2022\/10\/IMG-20221019-WA0039-768x576.jpg 768w, https:\/\/www.ugt.cat\/jubilats\/wp-content\/uploads\/2022\/10\/IMG-20221019-WA0039.jpg 1024w\" sizes=\"auto, (max-width: 300px) 100vw, 300px\" \/><\/a> <a href=\"https:\/\/www.ugt.cat\/jubilats\/wp-content\/uploads\/2022\/10\/IMG-20221019-WA0033.jpg\"><img loading=\"lazy\" decoding=\"async\" class=\"alignnone size-medium wp-image-6820\" src=\"https:\/\/www.ugt.cat\/jubilats\/wp-content\/uploads\/2022\/10\/IMG-20221019-WA0033-225x300.jpg\" alt=\"\" width=\"225\" height=\"300\" srcset=\"https:\/\/www.ugt.cat\/jubilats\/wp-content\/uploads\/2022\/10\/IMG-20221019-WA0033-225x300.jpg 225w, https:\/\/www.ugt.cat\/jubilats\/wp-content\/uploads\/2022\/10\/IMG-20221019-WA0033.jpg 768w\" sizes=\"auto, (max-width: 225px) 100vw, 225px\" \/><\/a> <a href=\"https:\/\/www.ugt.cat\/jubilats\/wp-content\/uploads\/2022\/10\/IMG-20221019-WA0029.jpg\"><img loading=\"lazy\" decoding=\"async\" class=\"alignnone size-medium wp-image-6822\" src=\"https:\/\/www.ugt.cat\/jubilats\/wp-content\/uploads\/2022\/10\/IMG-20221019-WA0029-300x225.jpg\" alt=\"\" width=\"300\" height=\"225\" srcset=\"https:\/\/www.ugt.cat\/jubilats\/wp-content\/uploads\/2022\/10\/IMG-20221019-WA0029-300x225.jpg 300w, https:\/\/www.ugt.cat\/jubilats\/wp-content\/uploads\/2022\/10\/IMG-20221019-WA0029-768x576.jpg 768w, https:\/\/www.ugt.cat\/jubilats\/wp-content\/uploads\/2022\/10\/IMG-20221019-WA0029.jpg 1024w\" sizes=\"auto, (max-width: 300px) 100vw, 300px\" \/><\/a> <a href=\"https:\/\/www.ugt.cat\/jubilats\/wp-content\/uploads\/2022\/10\/IMG-20221019-WA0030.jpg\"><img loading=\"lazy\" decoding=\"async\" class=\"alignnone size-medium wp-image-6825\" src=\"https:\/\/www.ugt.cat\/jubilats\/wp-content\/uploads\/2022\/10\/IMG-20221019-WA0030-300x225.jpg\" alt=\"\" width=\"300\" height=\"225\" srcset=\"https:\/\/www.ugt.cat\/jubilats\/wp-content\/uploads\/2022\/10\/IMG-20221019-WA0030-300x225.jpg 300w, https:\/\/www.ugt.cat\/jubilats\/wp-content\/uploads\/2022\/10\/IMG-20221019-WA0030-768x576.jpg 768w, https:\/\/www.ugt.cat\/jubilats\/wp-content\/uploads\/2022\/10\/IMG-20221019-WA0030.jpg 1024w\" sizes=\"auto, (max-width: 300px) 100vw, 300px\" \/><\/a> <a href=\"https:\/\/www.ugt.cat\/jubilats\/wp-content\/uploads\/2022\/10\/IMG-20221019-WA0027.jpg\"><img loading=\"lazy\" decoding=\"async\" class=\"alignnone size-medium wp-image-6826\" src=\"https:\/\/www.ugt.cat\/jubilats\/wp-content\/uploads\/2022\/10\/IMG-20221019-WA0027-225x300.jpg\" alt=\"\" width=\"225\" height=\"300\" srcset=\"https:\/\/www.ugt.cat\/jubilats\/wp-content\/uploads\/2022\/10\/IMG-20221019-WA0027-225x300.jpg 225w, https:\/\/www.ugt.cat\/jubilats\/wp-content\/uploads\/2022\/10\/IMG-20221019-WA0027.jpg 768w\" sizes=\"auto, (max-width: 225px) 100vw, 225px\" \/><\/a> <a href=\"https:\/\/www.ugt.cat\/jubilats\/wp-content\/uploads\/2022\/10\/IMG-20221019-WA0028.jpg\"><img loading=\"lazy\" decoding=\"async\" class=\"alignnone size-medium wp-image-6827\" src=\"https:\/\/www.ugt.cat\/jubilats\/wp-content\/uploads\/2022\/10\/IMG-20221019-WA0028-225x300.jpg\" alt=\"\" width=\"225\" height=\"300\" srcset=\"https:\/\/www.ugt.cat\/jubilats\/wp-content\/uploads\/2022\/10\/IMG-20221019-WA0028-225x300.jpg 225w, https:\/\/www.ugt.cat\/jubilats\/wp-content\/uploads\/2022\/10\/IMG-20221019-WA0028.jpg 768w\" sizes=\"auto, (max-width: 225px) 100vw, 225px\" \/><\/a> <a href=\"https:\/\/www.ugt.cat\/jubilats\/wp-content\/uploads\/2022\/10\/IMG-20221019-WA0020.jpg\"><img loading=\"lazy\" decoding=\"async\" class=\"alignnone size-medium wp-image-6830\" src=\"https:\/\/www.ugt.cat\/jubilats\/wp-content\/uploads\/2022\/10\/IMG-20221019-WA0020-225x300.jpg\" alt=\"\" width=\"225\" height=\"300\" srcset=\"https:\/\/www.ugt.cat\/jubilats\/wp-content\/uploads\/2022\/10\/IMG-20221019-WA0020-225x300.jpg 225w, https:\/\/www.ugt.cat\/jubilats\/wp-content\/uploads\/2022\/10\/IMG-20221019-WA0020.jpg 768w\" sizes=\"auto, (max-width: 225px) 100vw, 225px\" \/><\/a> <a href=\"https:\/\/www.ugt.cat\/jubilats\/wp-content\/uploads\/2022\/10\/IMG-20221019-WA0019.jpg\"><img loading=\"lazy\" decoding=\"async\" class=\"alignnone size-medium wp-image-6831\" src=\"https:\/\/www.ugt.cat\/jubilats\/wp-content\/uploads\/2022\/10\/IMG-20221019-WA0019-300x225.jpg\" alt=\"\" width=\"300\" height=\"225\" srcset=\"https:\/\/www.ugt.cat\/jubilats\/wp-content\/uploads\/2022\/10\/IMG-20221019-WA0019-300x225.jpg 300w, https:\/\/www.ugt.cat\/jubilats\/wp-content\/uploads\/2022\/10\/IMG-20221019-WA0019-768x576.jpg 768w, https:\/\/www.ugt.cat\/jubilats\/wp-content\/uploads\/2022\/10\/IMG-20221019-WA0019.jpg 1024w\" sizes=\"auto, (max-width: 300px) 100vw, 300px\" \/><\/a><\/p>\n","protected":false},"excerpt":{"rendered":"<p>UJP-UGT hem participat en la inauguraci\u00f3 de Firagram 2022 que s&#8217;ha efectuat i tindr\u00e0 continuaci\u00f3 fins divendres dia 21, en el recinte de la Farga de l&#8217;Hospitalet de Llobregat (metro L1, Renfe i FGC). Est\u00e0 prevista la pres\u00e8ncia dijous dia <a class=\"more-link\" href=\"https:\/\/www.ugt.cat\/jubilats\/ujp-ugt-en-la-inauguracio-firagran-2022\/\">Continua llegint <span class=\"meta-nav\">&rarr;<\/span><\/a><\/p>\n","protected":false},"author":6,"featured_media":6822,"comment_status":"closed","ping_status":"open","sticky":false,"template":"","format":"standard","meta":{"footnotes":""},"categories":[1],"tags":[],"class_list":["post-6812","post","type-post","status-publish","format-standard","has-post-thumbnail","hentry","category-general"],"_links":{"self":[{"href":"https:\/\/www.ugt.cat\/jubilats\/wp-json\/wp\/v2\/posts\/6812","targetHints":{"allow":["GET"]}}],"collection":[{"href":"https:\/\/www.ugt.cat\/jubilats\/wp-json\/wp\/v2\/posts"}],"about":[{"href":"https:\/\/www.ugt.cat\/jubilats\/wp-json\/wp\/v2\/types\/post"}],"author":[{"embeddable":true,"href":"https:\/\/www.ugt.cat\/jubilats\/wp-json\/wp\/v2\/users\/6"}],"replies":[{"embeddable":true,"href":"https:\/\/www.ugt.cat\/jubilats\/wp-json\/wp\/v2\/comments?post=6812"}],"version-history":[{"count":4,"href":"https:\/\/www.ugt.cat\/jubilats\/wp-json\/wp\/v2\/posts\/6812\/revisions"}],"predecessor-version":[{"id":6833,"href":"https:\/\/www.ugt.cat\/jubilats\/wp-json\/wp\/v2\/posts\/6812\/revisions\/6833"}],"wp:featuredmedia":[{"embeddable":true,"href":"https:\/\/www.ugt.cat\/jubilats\/wp-json\/wp\/v2\/media\/6822"}],"wp:attachment":[{"href":"https:\/\/www.ugt.cat\/jubilats\/wp-json\/wp\/v2\/media?parent=6812"}],"wp:term":[{"taxonomy":"category","embeddable":true,"href":"https:\/\/www.ugt.cat\/jubilats\/wp-json\/wp\/v2\/categories?post=6812"},{"taxonomy":"post_tag","embeddable":true,"href":"https:\/\/www.ugt.cat\/jubilats\/wp-json\/wp\/v2\/tags?post=6812"}],"curies":[{"name":"wp","href":"https:\/\/api.w.org\/{rel}","templated":true}]}}