{"id":6899,"date":"2022-11-05T00:25:27","date_gmt":"2022-11-05T00:25:27","guid":{"rendered":"https:\/\/www.ugt.cat\/jubilats\/?p=6899"},"modified":"2022-11-05T00:25:27","modified_gmt":"2022-11-05T00:25:27","slug":"jornada-solidaria-i-ecologica-ujp-ugt-a-vilanova-i-la-geltru","status":"publish","type":"post","link":"https:\/\/www.ugt.cat\/jubilats\/jornada-solidaria-i-ecologica-ujp-ugt-a-vilanova-i-la-geltru\/","title":{"rendered":"Jornada solid\u00e0ria i ecol\u00f2gica UJP-UGT a Vilanova i la Geltr\u00fa"},"content":{"rendered":"<p><strong>UJP-UGT<\/strong> de l&#8217;Anoia-Pened\u00e8s-Garraf ha realitzat el divendres dia 4 la <strong>jornada solid\u00e0ria i ecol\u00f2gica<\/strong> a Vilanova i la Geltr\u00fa. S&#8217;ha iniciat des de la seu d&#8217;UGT a les 9,30 h, amb un recorregut que pot fer tothom i amb comoditat. L&#8217;objectiu \u00e9s fer activitat f\u00edsica, relacions socials i ajudar al manteniment del medi ambient amb la recollida de residus en llocs concrets.<\/p>\n<p><em>Us esperem a la propera!<\/em><\/p>\n\n\t\t<style>\n\t\t\t#gallery-1 {\n\t\t\t\tmargin: auto;\n\t\t\t}\n\t\t\t#gallery-1 .gallery-item {\n\t\t\t\tfloat: left;\n\t\t\t\tmargin-top: 10px;\n\t\t\t\ttext-align: center;\n\t\t\t\twidth: 33%;\n\t\t\t}\n\t\t\t#gallery-1 img {\n\t\t\t\tborder: 2px solid #cfcfcf;\n\t\t\t}\n\t\t\t#gallery-1 .gallery-caption {\n\t\t\t\tmargin-left: 0;\n\t\t\t}\n\t\t\t\/* see gallery_shortcode() in wp-includes\/media.php *\/\n\t\t<\/style>\n\t\t<div id='gallery-1' class='gallery galleryid-6899 gallery-columns-3 gallery-size-thumbnail'><dl class='gallery-item'>\n\t\t\t<dt class='gallery-icon portrait'>\n\t\t\t\t<a href='https:\/\/www.ugt.cat\/jubilats\/jornada-solidaria-i-ecologica-ujp-ugt-a-vilanova-i-la-geltru\/img_20221105_010445\/'><img loading=\"lazy\" decoding=\"async\" width=\"150\" height=\"150\" src=\"https:\/\/www.ugt.cat\/jubilats\/wp-content\/uploads\/2022\/11\/IMG_20221105_010445-150x150.jpg\" class=\"attachment-thumbnail size-thumbnail\" alt=\"\" \/><\/a>\n\t\t\t<\/dt><\/dl><dl class='gallery-item'>\n\t\t\t<dt class='gallery-icon portrait'>\n\t\t\t\t<a href='https:\/\/www.ugt.cat\/jubilats\/jornada-solidaria-i-ecologica-ujp-ugt-a-vilanova-i-la-geltru\/img_20221105_010250\/'><img loading=\"lazy\" decoding=\"async\" width=\"150\" height=\"150\" src=\"https:\/\/www.ugt.cat\/jubilats\/wp-content\/uploads\/2022\/11\/IMG_20221105_010250-150x150.jpg\" class=\"attachment-thumbnail size-thumbnail\" alt=\"\" \/><\/a>\n\t\t\t<\/dt><\/dl><dl class='gallery-item'>\n\t\t\t<dt class='gallery-icon landscape'>\n\t\t\t\t<a href='https:\/\/www.ugt.cat\/jubilats\/jornada-solidaria-i-ecologica-ujp-ugt-a-vilanova-i-la-geltru\/img-20221104-wa0012-2\/'><img loading=\"lazy\" decoding=\"async\" width=\"150\" height=\"150\" src=\"https:\/\/www.ugt.cat\/jubilats\/wp-content\/uploads\/2022\/11\/IMG-20221104-WA0012-1-150x150.jpg\" class=\"attachment-thumbnail size-thumbnail\" alt=\"\" \/><\/a>\n\t\t\t<\/dt><\/dl><br style=\"clear: both\" \/><dl class='gallery-item'>\n\t\t\t<dt class='gallery-icon landscape'>\n\t\t\t\t<a href='https:\/\/www.ugt.cat\/jubilats\/jornada-solidaria-i-ecologica-ujp-ugt-a-vilanova-i-la-geltru\/img-20221104-wa0015-2\/'><img loading=\"lazy\" decoding=\"async\" width=\"150\" height=\"150\" src=\"https:\/\/www.ugt.cat\/jubilats\/wp-content\/uploads\/2022\/11\/IMG-20221104-WA0015-1-150x150.jpg\" class=\"attachment-thumbnail size-thumbnail\" alt=\"\" \/><\/a>\n\t\t\t<\/dt><\/dl>\n\t\t\t<br style='clear: both' \/>\n\t\t<\/div>\n\n<p>&nbsp;<\/p>\n<p>&nbsp;<\/p>\n<p>&nbsp;<\/p>\n<p>&nbsp;<\/p>\n<p>&nbsp;<\/p>\n<p>&nbsp;<\/p>\n<p>&nbsp;<\/p>\n<p>&nbsp;<\/p>\n","protected":false},"excerpt":{"rendered":"<p>UJP-UGT de l&#8217;Anoia-Pened\u00e8s-Garraf ha realitzat el divendres dia 4 la jornada solid\u00e0ria i ecol\u00f2gica a Vilanova i la Geltr\u00fa. S&#8217;ha iniciat des de la seu d&#8217;UGT a les 9,30 h, amb un recorregut que pot fer tothom i amb comoditat. <a class=\"more-link\" href=\"https:\/\/www.ugt.cat\/jubilats\/jornada-solidaria-i-ecologica-ujp-ugt-a-vilanova-i-la-geltru\/\">Continua llegint <span class=\"meta-nav\">&rarr;<\/span><\/a><\/p>\n","protected":false},"author":6,"featured_media":6905,"comment_status":"closed","ping_status":"open","sticky":false,"template":"","format":"standard","meta":{"footnotes":""},"categories":[1],"tags":[],"class_list":["post-6899","post","type-post","status-publish","format-standard","has-post-thumbnail","hentry","category-general"],"_links":{"self":[{"href":"https:\/\/www.ugt.cat\/jubilats\/wp-json\/wp\/v2\/posts\/6899","targetHints":{"allow":["GET"]}}],"collection":[{"href":"https:\/\/www.ugt.cat\/jubilats\/wp-json\/wp\/v2\/posts"}],"about":[{"href":"https:\/\/www.ugt.cat\/jubilats\/wp-json\/wp\/v2\/types\/post"}],"author":[{"embeddable":true,"href":"https:\/\/www.ugt.cat\/jubilats\/wp-json\/wp\/v2\/users\/6"}],"replies":[{"embeddable":true,"href":"https:\/\/www.ugt.cat\/jubilats\/wp-json\/wp\/v2\/comments?post=6899"}],"version-history":[{"count":7,"href":"https:\/\/www.ugt.cat\/jubilats\/wp-json\/wp\/v2\/posts\/6899\/revisions"}],"predecessor-version":[{"id":6913,"href":"https:\/\/www.ugt.cat\/jubilats\/wp-json\/wp\/v2\/posts\/6899\/revisions\/6913"}],"wp:featuredmedia":[{"embeddable":true,"href":"https:\/\/www.ugt.cat\/jubilats\/wp-json\/wp\/v2\/media\/6905"}],"wp:attachment":[{"href":"https:\/\/www.ugt.cat\/jubilats\/wp-json\/wp\/v2\/media?parent=6899"}],"wp:term":[{"taxonomy":"category","embeddable":true,"href":"https:\/\/www.ugt.cat\/jubilats\/wp-json\/wp\/v2\/categories?post=6899"},{"taxonomy":"post_tag","embeddable":true,"href":"https:\/\/www.ugt.cat\/jubilats\/wp-json\/wp\/v2\/tags?post=6899"}],"curies":[{"name":"wp","href":"https:\/\/api.w.org\/{rel}","templated":true}]}}