{"id":6921,"date":"2022-11-16T12:10:40","date_gmt":"2022-11-16T12:10:40","guid":{"rendered":"https:\/\/www.ugt.cat\/jubilats\/?p=6921"},"modified":"2022-11-16T12:10:40","modified_gmt":"2022-11-16T12:10:40","slug":"sinicia-el-3r-comite-estatal-ujp-ugt-a-leon","status":"publish","type":"post","link":"https:\/\/www.ugt.cat\/jubilats\/sinicia-el-3r-comite-estatal-ujp-ugt-a-leon\/","title":{"rendered":"S&#8217;inicia el 3r comit\u00e9 estatal UJP-UGT a Le\u00f3n"},"content":{"rendered":"<p style=\"text-align: left;\">La delegaci\u00f3 d&#8217;UJP-UGT de Catalunya participa el dimarts dia 15 e<span style=\"font-weight: 300;\">n la seu d&#8217;UGT en <\/span><span style=\"font-weight: 300;\">Le\u00f3n en el 3r comit\u00e9 estatal d&#8217;UJP que es desenvolupa al llarg de la jornada. A l&#8217;obertura ha participat l&#8217;alcalde de la ciutat que ha saludat als asistents donant relev\u00e0ncia a les tasques socials que es desenvolupen des de l&#8217;\u00e0mbit municipal i m\u00e9s amb les pol\u00edtiques antisocials del govern dret\u00e0 de Castella i Lle\u00f3. Continuaren les intervencions de la representant de la CE de la Uni\u00f3 territorial i de la UGT de Le\u00f3n, continuant el representant confederal sobre actualitat en previsi\u00f3 social i el SG d&#8217;UGT-UJP Anatolio D\u00edez.<\/span><\/p>\n<p><a href=\"https:\/\/www.ugt.cat\/jubilats\/wp-content\/uploads\/2022\/11\/IMG-20221115-WA0023.jpg\"><img loading=\"lazy\" decoding=\"async\" class=\"alignnone size-medium wp-image-6922\" src=\"https:\/\/www.ugt.cat\/jubilats\/wp-content\/uploads\/2022\/11\/IMG-20221115-WA0023-300x225.jpg\" alt=\"\" width=\"300\" height=\"225\" srcset=\"https:\/\/www.ugt.cat\/jubilats\/wp-content\/uploads\/2022\/11\/IMG-20221115-WA0023-300x225.jpg 300w, https:\/\/www.ugt.cat\/jubilats\/wp-content\/uploads\/2022\/11\/IMG-20221115-WA0023-768x576.jpg 768w, https:\/\/www.ugt.cat\/jubilats\/wp-content\/uploads\/2022\/11\/IMG-20221115-WA0023.jpg 1024w\" sizes=\"auto, (max-width: 300px) 100vw, 300px\" \/><\/a> <a href=\"https:\/\/www.ugt.cat\/jubilats\/wp-content\/uploads\/2022\/11\/IMG_20221116_091830-scaled.jpg\"><img loading=\"lazy\" decoding=\"async\" class=\"alignnone size-medium wp-image-6923\" src=\"https:\/\/www.ugt.cat\/jubilats\/wp-content\/uploads\/2022\/11\/IMG_20221116_091830-300x134.jpg\" alt=\"\" width=\"300\" height=\"134\" srcset=\"https:\/\/www.ugt.cat\/jubilats\/wp-content\/uploads\/2022\/11\/IMG_20221116_091830-300x134.jpg 300w, https:\/\/www.ugt.cat\/jubilats\/wp-content\/uploads\/2022\/11\/IMG_20221116_091830-1024x459.jpg 1024w, https:\/\/www.ugt.cat\/jubilats\/wp-content\/uploads\/2022\/11\/IMG_20221116_091830-768x344.jpg 768w, https:\/\/www.ugt.cat\/jubilats\/wp-content\/uploads\/2022\/11\/IMG_20221116_091830-1536x688.jpg 1536w, https:\/\/www.ugt.cat\/jubilats\/wp-content\/uploads\/2022\/11\/IMG_20221116_091830-2048x918.jpg 2048w\" sizes=\"auto, (max-width: 300px) 100vw, 300px\" \/><\/a> <a href=\"https:\/\/www.ugt.cat\/jubilats\/wp-content\/uploads\/2022\/11\/IMG-20221116-WA0020.jpg\"><img loading=\"lazy\" decoding=\"async\" class=\"alignnone size-medium wp-image-6924\" src=\"https:\/\/www.ugt.cat\/jubilats\/wp-content\/uploads\/2022\/11\/IMG-20221116-WA0020-225x300.jpg\" alt=\"\" width=\"225\" height=\"300\" srcset=\"https:\/\/www.ugt.cat\/jubilats\/wp-content\/uploads\/2022\/11\/IMG-20221116-WA0020-225x300.jpg 225w, https:\/\/www.ugt.cat\/jubilats\/wp-content\/uploads\/2022\/11\/IMG-20221116-WA0020.jpg 768w\" sizes=\"auto, (max-width: 225px) 100vw, 225px\" \/><\/a> <a href=\"https:\/\/www.ugt.cat\/jubilats\/wp-content\/uploads\/2022\/11\/IMG-20221116-WA0007.jpg\"><img loading=\"lazy\" decoding=\"async\" class=\"alignnone size-medium wp-image-6925\" src=\"https:\/\/www.ugt.cat\/jubilats\/wp-content\/uploads\/2022\/11\/IMG-20221116-WA0007-225x300.jpg\" alt=\"\" width=\"225\" height=\"300\" srcset=\"https:\/\/www.ugt.cat\/jubilats\/wp-content\/uploads\/2022\/11\/IMG-20221116-WA0007-225x300.jpg 225w, https:\/\/www.ugt.cat\/jubilats\/wp-content\/uploads\/2022\/11\/IMG-20221116-WA0007.jpg 768w\" sizes=\"auto, (max-width: 225px) 100vw, 225px\" \/><\/a> <a href=\"https:\/\/www.ugt.cat\/jubilats\/wp-content\/uploads\/2022\/11\/IMG-20221116-WA0017.jpg\"><img loading=\"lazy\" decoding=\"async\" class=\"alignnone size-medium wp-image-6926\" src=\"https:\/\/www.ugt.cat\/jubilats\/wp-content\/uploads\/2022\/11\/IMG-20221116-WA0017-225x300.jpg\" alt=\"\" width=\"225\" height=\"300\" srcset=\"https:\/\/www.ugt.cat\/jubilats\/wp-content\/uploads\/2022\/11\/IMG-20221116-WA0017-225x300.jpg 225w, https:\/\/www.ugt.cat\/jubilats\/wp-content\/uploads\/2022\/11\/IMG-20221116-WA0017.jpg 768w\" sizes=\"auto, (max-width: 225px) 100vw, 225px\" \/><\/a> <a href=\"https:\/\/www.ugt.cat\/jubilats\/wp-content\/uploads\/2022\/11\/IMG-20221116-WA0014.jpg\"><img loading=\"lazy\" decoding=\"async\" class=\"alignnone size-medium wp-image-6927\" src=\"https:\/\/www.ugt.cat\/jubilats\/wp-content\/uploads\/2022\/11\/IMG-20221116-WA0014-225x300.jpg\" alt=\"\" width=\"225\" height=\"300\" srcset=\"https:\/\/www.ugt.cat\/jubilats\/wp-content\/uploads\/2022\/11\/IMG-20221116-WA0014-225x300.jpg 225w, https:\/\/www.ugt.cat\/jubilats\/wp-content\/uploads\/2022\/11\/IMG-20221116-WA0014.jpg 768w\" sizes=\"auto, (max-width: 225px) 100vw, 225px\" \/><\/a> <a href=\"https:\/\/www.ugt.cat\/jubilats\/wp-content\/uploads\/2022\/11\/IMG-20221116-WA0022.jpg\"><img loading=\"lazy\" decoding=\"async\" class=\"alignnone size-medium wp-image-6928\" src=\"https:\/\/www.ugt.cat\/jubilats\/wp-content\/uploads\/2022\/11\/IMG-20221116-WA0022-225x300.jpg\" alt=\"\" width=\"225\" height=\"300\" srcset=\"https:\/\/www.ugt.cat\/jubilats\/wp-content\/uploads\/2022\/11\/IMG-20221116-WA0022-225x300.jpg 225w, https:\/\/www.ugt.cat\/jubilats\/wp-content\/uploads\/2022\/11\/IMG-20221116-WA0022.jpg 768w\" sizes=\"auto, (max-width: 225px) 100vw, 225px\" \/><\/a> <a href=\"https:\/\/www.ugt.cat\/jubilats\/wp-content\/uploads\/2022\/11\/IMG-20221116-WA0028.jpg\"><img loading=\"lazy\" decoding=\"async\" class=\"alignnone size-medium wp-image-6929\" src=\"https:\/\/www.ugt.cat\/jubilats\/wp-content\/uploads\/2022\/11\/IMG-20221116-WA0028-300x225.jpg\" alt=\"\" width=\"300\" height=\"225\" srcset=\"https:\/\/www.ugt.cat\/jubilats\/wp-content\/uploads\/2022\/11\/IMG-20221116-WA0028-300x225.jpg 300w, https:\/\/www.ugt.cat\/jubilats\/wp-content\/uploads\/2022\/11\/IMG-20221116-WA0028-768x576.jpg 768w, https:\/\/www.ugt.cat\/jubilats\/wp-content\/uploads\/2022\/11\/IMG-20221116-WA0028.jpg 1024w\" sizes=\"auto, (max-width: 300px) 100vw, 300px\" \/><\/a> <a href=\"https:\/\/www.ugt.cat\/jubilats\/wp-content\/uploads\/2022\/11\/IMG-20221116-WA0038.jpg\"><img loading=\"lazy\" decoding=\"async\" class=\"alignnone size-medium wp-image-6930\" src=\"https:\/\/www.ugt.cat\/jubilats\/wp-content\/uploads\/2022\/11\/IMG-20221116-WA0038-225x300.jpg\" alt=\"\" width=\"225\" height=\"300\" srcset=\"https:\/\/www.ugt.cat\/jubilats\/wp-content\/uploads\/2022\/11\/IMG-20221116-WA0038-225x300.jpg 225w, https:\/\/www.ugt.cat\/jubilats\/wp-content\/uploads\/2022\/11\/IMG-20221116-WA0038.jpg 768w\" sizes=\"auto, (max-width: 225px) 100vw, 225px\" \/><\/a> <a href=\"https:\/\/www.ugt.cat\/jubilats\/wp-content\/uploads\/2022\/11\/IMG-20221116-WA0026.jpg\"><img loading=\"lazy\" decoding=\"async\" class=\"alignnone size-medium wp-image-6931\" src=\"https:\/\/www.ugt.cat\/jubilats\/wp-content\/uploads\/2022\/11\/IMG-20221116-WA0026-225x300.jpg\" alt=\"\" width=\"225\" height=\"300\" srcset=\"https:\/\/www.ugt.cat\/jubilats\/wp-content\/uploads\/2022\/11\/IMG-20221116-WA0026-225x300.jpg 225w, https:\/\/www.ugt.cat\/jubilats\/wp-content\/uploads\/2022\/11\/IMG-20221116-WA0026.jpg 768w\" sizes=\"auto, (max-width: 225px) 100vw, 225px\" \/><\/a><\/p>\n","protected":false},"excerpt":{"rendered":"<p>La delegaci\u00f3 d&#8217;UJP-UGT de Catalunya participa el dimarts dia 15 en la seu d&#8217;UGT en Le\u00f3n en el 3r comit\u00e9 estatal d&#8217;UJP que es desenvolupa al llarg de la jornada. A l&#8217;obertura ha participat l&#8217;alcalde de la ciutat que ha <a class=\"more-link\" href=\"https:\/\/www.ugt.cat\/jubilats\/sinicia-el-3r-comite-estatal-ujp-ugt-a-leon\/\">Continua llegint <span class=\"meta-nav\">&rarr;<\/span><\/a><\/p>\n","protected":false},"author":6,"featured_media":6923,"comment_status":"closed","ping_status":"open","sticky":false,"template":"","format":"standard","meta":{"footnotes":""},"categories":[1],"tags":[],"class_list":["post-6921","post","type-post","status-publish","format-standard","has-post-thumbnail","hentry","category-general"],"_links":{"self":[{"href":"https:\/\/www.ugt.cat\/jubilats\/wp-json\/wp\/v2\/posts\/6921","targetHints":{"allow":["GET"]}}],"collection":[{"href":"https:\/\/www.ugt.cat\/jubilats\/wp-json\/wp\/v2\/posts"}],"about":[{"href":"https:\/\/www.ugt.cat\/jubilats\/wp-json\/wp\/v2\/types\/post"}],"author":[{"embeddable":true,"href":"https:\/\/www.ugt.cat\/jubilats\/wp-json\/wp\/v2\/users\/6"}],"replies":[{"embeddable":true,"href":"https:\/\/www.ugt.cat\/jubilats\/wp-json\/wp\/v2\/comments?post=6921"}],"version-history":[{"count":4,"href":"https:\/\/www.ugt.cat\/jubilats\/wp-json\/wp\/v2\/posts\/6921\/revisions"}],"predecessor-version":[{"id":6935,"href":"https:\/\/www.ugt.cat\/jubilats\/wp-json\/wp\/v2\/posts\/6921\/revisions\/6935"}],"wp:featuredmedia":[{"embeddable":true,"href":"https:\/\/www.ugt.cat\/jubilats\/wp-json\/wp\/v2\/media\/6923"}],"wp:attachment":[{"href":"https:\/\/www.ugt.cat\/jubilats\/wp-json\/wp\/v2\/media?parent=6921"}],"wp:term":[{"taxonomy":"category","embeddable":true,"href":"https:\/\/www.ugt.cat\/jubilats\/wp-json\/wp\/v2\/categories?post=6921"},{"taxonomy":"post_tag","embeddable":true,"href":"https:\/\/www.ugt.cat\/jubilats\/wp-json\/wp\/v2\/tags?post=6921"}],"curies":[{"name":"wp","href":"https:\/\/api.w.org\/{rel}","templated":true}]}}