{"id":6936,"date":"2022-11-17T15:16:28","date_gmt":"2022-11-17T15:16:28","guid":{"rendered":"https:\/\/www.ugt.cat\/jubilats\/?p=6936"},"modified":"2022-11-17T18:17:10","modified_gmt":"2022-11-17T18:17:10","slug":"clausura-del-iii-cte-estatal-ujp-ugt","status":"publish","type":"post","link":"https:\/\/www.ugt.cat\/jubilats\/clausura-del-iii-cte-estatal-ujp-ugt\/","title":{"rendered":"Clausura del Comit\u00e8 estatal UJP-UGT"},"content":{"rendered":"<p>El secretari general d&#8217;UJP-UGT ha clausurat el III Comit\u00e9 ordinari celebrat a Le\u00f3n. Durant l&#8217;acte s&#8217;han tractat els temes d&#8217;actualitat social i d&#8217;import\u00e0ncia per la gent gran, amb intervenci\u00f3 de les delegacions, entre elles la de Catalunya que van aportar una propost<span style=\"font-weight: 300;\">a de resoluci\u00f3 aprobada junt amb una altra tamb\u00e9 recolzada <\/span><span style=\"font-weight: 300;\">pels assistents. Per ampliar informaci\u00f3: https:\/\/www.jubiladosugt.org\/3o-comite-estatal-de-la-ujp-ugt\/<\/span><\/p>\n<p><a href=\"https:\/\/www.ugt.cat\/jubilats\/wp-content\/uploads\/2022\/11\/IMG_20221117_185538.jpg\"><img loading=\"lazy\" decoding=\"async\" class=\"alignnone size-medium wp-image-6969\" src=\"https:\/\/www.ugt.cat\/jubilats\/wp-content\/uploads\/2022\/11\/IMG_20221117_185538-206x300.jpg\" alt=\"\" width=\"206\" height=\"300\" srcset=\"https:\/\/www.ugt.cat\/jubilats\/wp-content\/uploads\/2022\/11\/IMG_20221117_185538-206x300.jpg 206w, https:\/\/www.ugt.cat\/jubilats\/wp-content\/uploads\/2022\/11\/IMG_20221117_185538-703x1024.jpg 703w, https:\/\/www.ugt.cat\/jubilats\/wp-content\/uploads\/2022\/11\/IMG_20221117_185538-768x1119.jpg 768w, https:\/\/www.ugt.cat\/jubilats\/wp-content\/uploads\/2022\/11\/IMG_20221117_185538.jpg 968w\" sizes=\"auto, (max-width: 206px) 100vw, 206px\" \/><\/a><\/p>\n<p style=\"text-align: left;\"><a href=\"https:\/\/www.ugt.cat\/jubilats\/wp-content\/uploads\/2022\/11\/IMG_20221116_183147-1-scaled.jpg\"><img loading=\"lazy\" decoding=\"async\" class=\"alignnone size-medium wp-image-6961\" src=\"https:\/\/www.ugt.cat\/jubilats\/wp-content\/uploads\/2022\/11\/IMG_20221116_183147-1-300x134.jpg\" alt=\"\" width=\"300\" height=\"134\" srcset=\"https:\/\/www.ugt.cat\/jubilats\/wp-content\/uploads\/2022\/11\/IMG_20221116_183147-1-300x134.jpg 300w, https:\/\/www.ugt.cat\/jubilats\/wp-content\/uploads\/2022\/11\/IMG_20221116_183147-1-1024x459.jpg 1024w, https:\/\/www.ugt.cat\/jubilats\/wp-content\/uploads\/2022\/11\/IMG_20221116_183147-1-768x344.jpg 768w, https:\/\/www.ugt.cat\/jubilats\/wp-content\/uploads\/2022\/11\/IMG_20221116_183147-1-1536x688.jpg 1536w, https:\/\/www.ugt.cat\/jubilats\/wp-content\/uploads\/2022\/11\/IMG_20221116_183147-1-2048x918.jpg 2048w\" sizes=\"auto, (max-width: 300px) 100vw, 300px\" \/><\/a><a href=\"https:\/\/www.ugt.cat\/jubilats\/wp-content\/uploads\/2022\/11\/IMG_20221116_162920-scaled.jpg\"><img loading=\"lazy\" decoding=\"async\" class=\"alignnone size-medium wp-image-6956\" src=\"https:\/\/www.ugt.cat\/jubilats\/wp-content\/uploads\/2022\/11\/IMG_20221116_162920-134x300.jpg\" alt=\"\" width=\"134\" height=\"300\" srcset=\"https:\/\/www.ugt.cat\/jubilats\/wp-content\/uploads\/2022\/11\/IMG_20221116_162920-134x300.jpg 134w, https:\/\/www.ugt.cat\/jubilats\/wp-content\/uploads\/2022\/11\/IMG_20221116_162920-459x1024.jpg 459w, https:\/\/www.ugt.cat\/jubilats\/wp-content\/uploads\/2022\/11\/IMG_20221116_162920-768x1714.jpg 768w, https:\/\/www.ugt.cat\/jubilats\/wp-content\/uploads\/2022\/11\/IMG_20221116_162920-688x1536.jpg 688w, https:\/\/www.ugt.cat\/jubilats\/wp-content\/uploads\/2022\/11\/IMG_20221116_162920-918x2048.jpg 918w, https:\/\/www.ugt.cat\/jubilats\/wp-content\/uploads\/2022\/11\/IMG_20221116_162920-scaled.jpg 1147w\" sizes=\"auto, (max-width: 134px) 100vw, 134px\" \/><\/a><a href=\"https:\/\/www.ugt.cat\/jubilats\/wp-content\/uploads\/2022\/11\/IMG_20221117_123558.jpg\"><img loading=\"lazy\" decoding=\"async\" class=\"alignnone size-medium wp-image-6970\" src=\"https:\/\/www.ugt.cat\/jubilats\/wp-content\/uploads\/2022\/11\/IMG_20221117_123558-300x167.jpg\" alt=\"\" width=\"300\" height=\"167\" srcset=\"https:\/\/www.ugt.cat\/jubilats\/wp-content\/uploads\/2022\/11\/IMG_20221117_123558-300x167.jpg 300w, https:\/\/www.ugt.cat\/jubilats\/wp-content\/uploads\/2022\/11\/IMG_20221117_123558-768x428.jpg 768w, https:\/\/www.ugt.cat\/jubilats\/wp-content\/uploads\/2022\/11\/IMG_20221117_123558.jpg 839w\" sizes=\"auto, (max-width: 300px) 100vw, 300px\" \/><\/a><a href=\"https:\/\/www.ugt.cat\/jubilats\/wp-content\/uploads\/2022\/11\/IMG_20221116_183137-scaled.jpg\"><img loading=\"lazy\" decoding=\"async\" class=\"alignnone size-medium wp-image-6968\" src=\"https:\/\/www.ugt.cat\/jubilats\/wp-content\/uploads\/2022\/11\/IMG_20221116_183137-300x135.jpg\" alt=\"\" width=\"300\" height=\"135\" srcset=\"https:\/\/www.ugt.cat\/jubilats\/wp-content\/uploads\/2022\/11\/IMG_20221116_183137-300x135.jpg 300w, https:\/\/www.ugt.cat\/jubilats\/wp-content\/uploads\/2022\/11\/IMG_20221116_183137-1024x462.jpg 1024w, https:\/\/www.ugt.cat\/jubilats\/wp-content\/uploads\/2022\/11\/IMG_20221116_183137-768x346.jpg 768w, https:\/\/www.ugt.cat\/jubilats\/wp-content\/uploads\/2022\/11\/IMG_20221116_183137-1536x693.jpg 1536w, https:\/\/www.ugt.cat\/jubilats\/wp-content\/uploads\/2022\/11\/IMG_20221116_183137-2048x924.jpg 2048w\" sizes=\"auto, (max-width: 300px) 100vw, 300px\" \/><\/a><a href=\"https:\/\/www.ugt.cat\/jubilats\/wp-content\/uploads\/2022\/11\/IMG-20221116-WA0143.jpg\"><img loading=\"lazy\" decoding=\"async\" class=\"alignnone size-medium wp-image-6938\" src=\"https:\/\/www.ugt.cat\/jubilats\/wp-content\/uploads\/2022\/11\/IMG-20221116-WA0143-225x300.jpg\" alt=\"\" width=\"225\" height=\"300\" srcset=\"https:\/\/www.ugt.cat\/jubilats\/wp-content\/uploads\/2022\/11\/IMG-20221116-WA0143-225x300.jpg 225w, https:\/\/www.ugt.cat\/jubilats\/wp-content\/uploads\/2022\/11\/IMG-20221116-WA0143.jpg 768w\" sizes=\"auto, (max-width: 225px) 100vw, 225px\" \/><\/a><\/p>\n<p>&nbsp;<\/p>\n","protected":false},"excerpt":{"rendered":"<p>El secretari general d&#8217;UJP-UGT ha clausurat el III Comit\u00e9 ordinari celebrat a Le\u00f3n. Durant l&#8217;acte s&#8217;han tractat els temes d&#8217;actualitat social i d&#8217;import\u00e0ncia per la gent gran, amb intervenci\u00f3 de les delegacions, entre elles la de Catalunya que van aportar <a class=\"more-link\" href=\"https:\/\/www.ugt.cat\/jubilats\/clausura-del-iii-cte-estatal-ujp-ugt\/\">Continua llegint <span class=\"meta-nav\">&rarr;<\/span><\/a><\/p>\n","protected":false},"author":6,"featured_media":6962,"comment_status":"closed","ping_status":"open","sticky":false,"template":"","format":"standard","meta":{"footnotes":""},"categories":[1],"tags":[],"class_list":["post-6936","post","type-post","status-publish","format-standard","has-post-thumbnail","hentry","category-general"],"_links":{"self":[{"href":"https:\/\/www.ugt.cat\/jubilats\/wp-json\/wp\/v2\/posts\/6936","targetHints":{"allow":["GET"]}}],"collection":[{"href":"https:\/\/www.ugt.cat\/jubilats\/wp-json\/wp\/v2\/posts"}],"about":[{"href":"https:\/\/www.ugt.cat\/jubilats\/wp-json\/wp\/v2\/types\/post"}],"author":[{"embeddable":true,"href":"https:\/\/www.ugt.cat\/jubilats\/wp-json\/wp\/v2\/users\/6"}],"replies":[{"embeddable":true,"href":"https:\/\/www.ugt.cat\/jubilats\/wp-json\/wp\/v2\/comments?post=6936"}],"version-history":[{"count":9,"href":"https:\/\/www.ugt.cat\/jubilats\/wp-json\/wp\/v2\/posts\/6936\/revisions"}],"predecessor-version":[{"id":6973,"href":"https:\/\/www.ugt.cat\/jubilats\/wp-json\/wp\/v2\/posts\/6936\/revisions\/6973"}],"wp:featuredmedia":[{"embeddable":true,"href":"https:\/\/www.ugt.cat\/jubilats\/wp-json\/wp\/v2\/media\/6962"}],"wp:attachment":[{"href":"https:\/\/www.ugt.cat\/jubilats\/wp-json\/wp\/v2\/media?parent=6936"}],"wp:term":[{"taxonomy":"category","embeddable":true,"href":"https:\/\/www.ugt.cat\/jubilats\/wp-json\/wp\/v2\/categories?post=6936"},{"taxonomy":"post_tag","embeddable":true,"href":"https:\/\/www.ugt.cat\/jubilats\/wp-json\/wp\/v2\/tags?post=6936"}],"curies":[{"name":"wp","href":"https:\/\/api.w.org\/{rel}","templated":true}]}}