{"id":6983,"date":"2022-11-22T19:50:11","date_gmt":"2022-11-22T19:50:11","guid":{"rendered":"https:\/\/www.ugt.cat\/jubilats\/?p=6983"},"modified":"2022-11-23T23:02:38","modified_gmt":"2022-11-23T23:02:38","slug":"homenaje-a-manuel-jimenez-ujp-ugt-valles-occidental","status":"publish","type":"post","link":"https:\/\/www.ugt.cat\/jubilats\/homenaje-a-manuel-jimenez-ujp-ugt-valles-occidental\/","title":{"rendered":"Homenaje a Manuel Jim\u00e9nez UJP-UGT Vall\u00e9s occidental"},"content":{"rendered":"<p><strong>UJP<\/strong> del Vall\u00e9s occidental ha organizado en la sede\u00a0 de <strong>UGT<\/strong> en <strong>Terrassa<\/strong> un acto de <strong>homenaje<\/strong> y reconocimiento a <strong>Manuel Jim\u00e9nez<\/strong>, militante ugetista y socialista, cuya vivencia condensada se refleja en la <a href=\"https:\/\/drive.google.com\/file\/d\/1GfdCjla8x6-kZKVZYeKwd55KxhTQMm9T\/view?usp=share_link\"><strong>REVISTA<\/strong><\/a> editada con motivo de este acto de reconocimiento, al que han asistido junto a la secretaria de organizaci\u00f3n de la Uni\u00f3n comarcal, la comisi\u00f3n ejecutiva de la UJP-UGT de Catalunya, compa\u00f1eros, familiares, amigos y amigas, haci\u00e9ndole entrega en el transcurso del mismo de un recordatorio de la jornada. <strong>Para visualizar la REVISTA-HOMENAJE clicad sobre el siguiente enlace<\/strong>: <a href=\"https:\/\/drive.google.com\/file\/d\/1GfdCjla8x6-kZKVZYeKwd55KxhTQMm9T\/view?usp=share_link\">https:\/\/drive.google.com\/file\/d\/1GfdCjla8x6-kZKVZYeKwd55KxhTQMm9T\/view?usp=share_link<\/a><\/p>\n<p>&nbsp;<\/p>\n\n\t\t<style>\n\t\t\t#gallery-1 {\n\t\t\t\tmargin: auto;\n\t\t\t}\n\t\t\t#gallery-1 .gallery-item {\n\t\t\t\tfloat: left;\n\t\t\t\tmargin-top: 10px;\n\t\t\t\ttext-align: center;\n\t\t\t\twidth: 33%;\n\t\t\t}\n\t\t\t#gallery-1 img {\n\t\t\t\tborder: 2px solid #cfcfcf;\n\t\t\t}\n\t\t\t#gallery-1 .gallery-caption {\n\t\t\t\tmargin-left: 0;\n\t\t\t}\n\t\t\t\/* see gallery_shortcode() in wp-includes\/media.php *\/\n\t\t<\/style>\n\t\t<div id='gallery-1' class='gallery galleryid-6983 gallery-columns-3 gallery-size-thumbnail'><dl class='gallery-item'>\n\t\t\t<dt class='gallery-icon portrait'>\n\t\t\t\t<a href='https:\/\/www.ugt.cat\/jubilats\/homenaje-a-manuel-jimenez-ujp-ugt-valles-occidental\/img_20221122_155529\/'><img loading=\"lazy\" decoding=\"async\" width=\"150\" height=\"150\" src=\"https:\/\/www.ugt.cat\/jubilats\/wp-content\/uploads\/2022\/11\/IMG_20221122_155529-150x150.jpg\" class=\"attachment-thumbnail size-thumbnail\" alt=\"\" \/><\/a>\n\t\t\t<\/dt><\/dl><dl class='gallery-item'>\n\t\t\t<dt class='gallery-icon landscape'>\n\t\t\t\t<a href='https:\/\/www.ugt.cat\/jubilats\/homenaje-a-manuel-jimenez-ujp-ugt-valles-occidental\/img-20221123-wa0056\/'><img loading=\"lazy\" decoding=\"async\" width=\"150\" height=\"150\" src=\"https:\/\/www.ugt.cat\/jubilats\/wp-content\/uploads\/2022\/11\/IMG-20221123-WA0056-150x150.jpg\" class=\"attachment-thumbnail size-thumbnail\" alt=\"\" \/><\/a>\n\t\t\t<\/dt><\/dl><dl class='gallery-item'>\n\t\t\t<dt class='gallery-icon landscape'>\n\t\t\t\t<a href='https:\/\/www.ugt.cat\/jubilats\/homenaje-a-manuel-jimenez-ujp-ugt-valles-occidental\/img_20221122_111158\/'><img loading=\"lazy\" decoding=\"async\" width=\"150\" height=\"150\" src=\"https:\/\/www.ugt.cat\/jubilats\/wp-content\/uploads\/2022\/11\/IMG_20221122_111158-150x150.jpg\" class=\"attachment-thumbnail size-thumbnail\" alt=\"\" \/><\/a>\n\t\t\t<\/dt><\/dl><br style=\"clear: both\" \/><dl class='gallery-item'>\n\t\t\t<dt class='gallery-icon landscape'>\n\t\t\t\t<a href='https:\/\/www.ugt.cat\/jubilats\/homenaje-a-manuel-jimenez-ujp-ugt-valles-occidental\/img-20221123-wa0032\/'><img loading=\"lazy\" decoding=\"async\" width=\"150\" height=\"150\" src=\"https:\/\/www.ugt.cat\/jubilats\/wp-content\/uploads\/2022\/11\/IMG-20221123-WA0032-150x150.jpg\" class=\"attachment-thumbnail size-thumbnail\" alt=\"\" \/><\/a>\n\t\t\t<\/dt><\/dl><dl class='gallery-item'>\n\t\t\t<dt class='gallery-icon landscape'>\n\t\t\t\t<a href='https:\/\/www.ugt.cat\/jubilats\/homenaje-a-manuel-jimenez-ujp-ugt-valles-occidental\/img_20221122_103938\/'><img loading=\"lazy\" decoding=\"async\" width=\"150\" height=\"150\" src=\"https:\/\/www.ugt.cat\/jubilats\/wp-content\/uploads\/2022\/11\/IMG_20221122_103938-150x150.jpg\" class=\"attachment-thumbnail size-thumbnail\" alt=\"\" \/><\/a>\n\t\t\t<\/dt><\/dl><dl class='gallery-item'>\n\t\t\t<dt class='gallery-icon landscape'>\n\t\t\t\t<a href='https:\/\/www.ugt.cat\/jubilats\/homenaje-a-manuel-jimenez-ujp-ugt-valles-occidental\/img_20221122_111248\/'><img loading=\"lazy\" decoding=\"async\" width=\"150\" height=\"150\" src=\"https:\/\/www.ugt.cat\/jubilats\/wp-content\/uploads\/2022\/11\/IMG_20221122_111248-150x150.jpg\" class=\"attachment-thumbnail size-thumbnail\" alt=\"\" \/><\/a>\n\t\t\t<\/dt><\/dl><br style=\"clear: both\" \/><dl class='gallery-item'>\n\t\t\t<dt class='gallery-icon landscape'>\n\t\t\t\t<a href='https:\/\/www.ugt.cat\/jubilats\/homenaje-a-manuel-jimenez-ujp-ugt-valles-occidental\/img-20221123-wa0059\/'><img loading=\"lazy\" decoding=\"async\" width=\"150\" height=\"150\" src=\"https:\/\/www.ugt.cat\/jubilats\/wp-content\/uploads\/2022\/11\/IMG-20221123-WA0059-150x150.jpg\" class=\"attachment-thumbnail size-thumbnail\" alt=\"\" \/><\/a>\n\t\t\t<\/dt><\/dl><dl class='gallery-item'>\n\t\t\t<dt class='gallery-icon landscape'>\n\t\t\t\t<a href='https:\/\/www.ugt.cat\/jubilats\/homenaje-a-manuel-jimenez-ujp-ugt-valles-occidental\/img_20221122_104642\/'><img loading=\"lazy\" decoding=\"async\" width=\"150\" height=\"150\" src=\"https:\/\/www.ugt.cat\/jubilats\/wp-content\/uploads\/2022\/11\/IMG_20221122_104642-150x150.jpg\" class=\"attachment-thumbnail size-thumbnail\" alt=\"\" \/><\/a>\n\t\t\t<\/dt><\/dl><dl class='gallery-item'>\n\t\t\t<dt class='gallery-icon portrait'>\n\t\t\t\t<a href='https:\/\/www.ugt.cat\/jubilats\/homenaje-a-manuel-jimenez-ujp-ugt-valles-occidental\/img-20221123-wa0055\/'><img loading=\"lazy\" decoding=\"async\" width=\"150\" height=\"150\" src=\"https:\/\/www.ugt.cat\/jubilats\/wp-content\/uploads\/2022\/11\/IMG-20221123-WA0055-150x150.jpg\" class=\"attachment-thumbnail size-thumbnail\" alt=\"\" \/><\/a>\n\t\t\t<\/dt><\/dl><br style=\"clear: both\" \/><dl class='gallery-item'>\n\t\t\t<dt class='gallery-icon landscape'>\n\t\t\t\t<a href='https:\/\/www.ugt.cat\/jubilats\/homenaje-a-manuel-jimenez-ujp-ugt-valles-occidental\/img-20221123-wa0057\/'><img loading=\"lazy\" decoding=\"async\" width=\"150\" height=\"150\" src=\"https:\/\/www.ugt.cat\/jubilats\/wp-content\/uploads\/2022\/11\/IMG-20221123-WA0057-150x150.jpg\" class=\"attachment-thumbnail size-thumbnail\" alt=\"\" \/><\/a>\n\t\t\t<\/dt><\/dl><dl class='gallery-item'>\n\t\t\t<dt class='gallery-icon landscape'>\n\t\t\t\t<a href='https:\/\/www.ugt.cat\/jubilats\/homenaje-a-manuel-jimenez-ujp-ugt-valles-occidental\/img-20221123-wa0042\/'><img loading=\"lazy\" decoding=\"async\" width=\"150\" height=\"150\" src=\"https:\/\/www.ugt.cat\/jubilats\/wp-content\/uploads\/2022\/11\/IMG-20221123-WA0042-150x150.jpg\" class=\"attachment-thumbnail size-thumbnail\" alt=\"\" \/><\/a>\n\t\t\t<\/dt><\/dl><dl class='gallery-item'>\n\t\t\t<dt class='gallery-icon portrait'>\n\t\t\t\t<a href='https:\/\/www.ugt.cat\/jubilats\/homenaje-a-manuel-jimenez-ujp-ugt-valles-occidental\/img_20221122_114035\/'><img loading=\"lazy\" decoding=\"async\" width=\"150\" height=\"150\" src=\"https:\/\/www.ugt.cat\/jubilats\/wp-content\/uploads\/2022\/11\/IMG_20221122_114035-150x150.jpg\" class=\"attachment-thumbnail size-thumbnail\" alt=\"\" \/><\/a>\n\t\t\t<\/dt><\/dl><br style=\"clear: both\" \/><dl class='gallery-item'>\n\t\t\t<dt class='gallery-icon landscape'>\n\t\t\t\t<a href='https:\/\/www.ugt.cat\/jubilats\/homenaje-a-manuel-jimenez-ujp-ugt-valles-occidental\/img-20221123-wa0052\/'><img loading=\"lazy\" decoding=\"async\" width=\"150\" height=\"150\" src=\"https:\/\/www.ugt.cat\/jubilats\/wp-content\/uploads\/2022\/11\/IMG-20221123-WA0052-150x150.jpg\" class=\"attachment-thumbnail size-thumbnail\" alt=\"\" \/><\/a>\n\t\t\t<\/dt><\/dl><dl class='gallery-item'>\n\t\t\t<dt class='gallery-icon landscape'>\n\t\t\t\t<a href='https:\/\/www.ugt.cat\/jubilats\/homenaje-a-manuel-jimenez-ujp-ugt-valles-occidental\/img-20221122-wa0013\/'><img loading=\"lazy\" decoding=\"async\" width=\"150\" height=\"150\" src=\"https:\/\/www.ugt.cat\/jubilats\/wp-content\/uploads\/2022\/11\/IMG-20221122-WA0013-150x150.jpg\" class=\"attachment-thumbnail size-thumbnail\" alt=\"\" \/><\/a>\n\t\t\t<\/dt><\/dl><dl class='gallery-item'>\n\t\t\t<dt class='gallery-icon landscape'>\n\t\t\t\t<a href='https:\/\/www.ugt.cat\/jubilats\/homenaje-a-manuel-jimenez-ujp-ugt-valles-occidental\/img_20221122_095019\/'><img loading=\"lazy\" decoding=\"async\" width=\"150\" height=\"150\" src=\"https:\/\/www.ugt.cat\/jubilats\/wp-content\/uploads\/2022\/11\/IMG_20221122_095019-150x150.jpg\" class=\"attachment-thumbnail size-thumbnail\" alt=\"\" srcset=\"https:\/\/www.ugt.cat\/jubilats\/wp-content\/uploads\/2022\/11\/IMG_20221122_095019-150x150.jpg 150w, https:\/\/www.ugt.cat\/jubilats\/wp-content\/uploads\/2022\/11\/IMG_20221122_095019-300x300.jpg 300w, https:\/\/www.ugt.cat\/jubilats\/wp-content\/uploads\/2022\/11\/IMG_20221122_095019-1024x1024.jpg 1024w, https:\/\/www.ugt.cat\/jubilats\/wp-content\/uploads\/2022\/11\/IMG_20221122_095019-768x768.jpg 768w, https:\/\/www.ugt.cat\/jubilats\/wp-content\/uploads\/2022\/11\/IMG_20221122_095019-1536x1536.jpg 1536w, https:\/\/www.ugt.cat\/jubilats\/wp-content\/uploads\/2022\/11\/IMG_20221122_095019-2048x2048.jpg 2048w\" sizes=\"auto, (max-width: 150px) 100vw, 150px\" \/><\/a>\n\t\t\t<\/dt><\/dl><br style=\"clear: both\" \/>\n\t\t<\/div>\n\n<p>&nbsp;<\/p>\n<p>&nbsp;<\/p>\n","protected":false},"excerpt":{"rendered":"<p>UJP del Vall\u00e9s occidental ha organizado en la sede\u00a0 de UGT en Terrassa un acto de homenaje y reconocimiento a Manuel Jim\u00e9nez, militante ugetista y socialista, cuya vivencia condensada se refleja en la REVISTA editada con motivo de este acto <a class=\"more-link\" href=\"https:\/\/www.ugt.cat\/jubilats\/homenaje-a-manuel-jimenez-ujp-ugt-valles-occidental\/\">Continua llegint <span class=\"meta-nav\">&rarr;<\/span><\/a><\/p>\n","protected":false},"author":6,"featured_media":6997,"comment_status":"closed","ping_status":"open","sticky":false,"template":"","format":"standard","meta":{"footnotes":""},"categories":[15,1],"tags":[],"class_list":["post-6983","post","type-post","status-publish","format-standard","has-post-thumbnail","hentry","category-documents","category-general"],"_links":{"self":[{"href":"https:\/\/www.ugt.cat\/jubilats\/wp-json\/wp\/v2\/posts\/6983","targetHints":{"allow":["GET"]}}],"collection":[{"href":"https:\/\/www.ugt.cat\/jubilats\/wp-json\/wp\/v2\/posts"}],"about":[{"href":"https:\/\/www.ugt.cat\/jubilats\/wp-json\/wp\/v2\/types\/post"}],"author":[{"embeddable":true,"href":"https:\/\/www.ugt.cat\/jubilats\/wp-json\/wp\/v2\/users\/6"}],"replies":[{"embeddable":true,"href":"https:\/\/www.ugt.cat\/jubilats\/wp-json\/wp\/v2\/comments?post=6983"}],"version-history":[{"count":14,"href":"https:\/\/www.ugt.cat\/jubilats\/wp-json\/wp\/v2\/posts\/6983\/revisions"}],"predecessor-version":[{"id":7024,"href":"https:\/\/www.ugt.cat\/jubilats\/wp-json\/wp\/v2\/posts\/6983\/revisions\/7024"}],"wp:featuredmedia":[{"embeddable":true,"href":"https:\/\/www.ugt.cat\/jubilats\/wp-json\/wp\/v2\/media\/6997"}],"wp:attachment":[{"href":"https:\/\/www.ugt.cat\/jubilats\/wp-json\/wp\/v2\/media?parent=6983"}],"wp:term":[{"taxonomy":"category","embeddable":true,"href":"https:\/\/www.ugt.cat\/jubilats\/wp-json\/wp\/v2\/categories?post=6983"},{"taxonomy":"post_tag","embeddable":true,"href":"https:\/\/www.ugt.cat\/jubilats\/wp-json\/wp\/v2\/tags?post=6983"}],"curies":[{"name":"wp","href":"https:\/\/api.w.org\/{rel}","templated":true}]}}