{"id":7054,"date":"2022-12-15T18:02:58","date_gmt":"2022-12-15T18:02:58","guid":{"rendered":"https:\/\/www.ugt.cat\/jubilats\/?p=7054"},"modified":"2022-12-16T23:05:05","modified_gmt":"2022-12-16T23:05:05","slug":"celebrat-comite-nacional-ujp-ugt-catalunya","status":"publish","type":"post","link":"https:\/\/www.ugt.cat\/jubilats\/celebrat-comite-nacional-ujp-ugt-catalunya\/","title":{"rendered":"Celebrat comit\u00e8 nacional UJP-UGT Catalunya"},"content":{"rendered":"<p>S&#8217;ha celebrat a la seu d&#8217;<strong>UGT<\/strong> a Barcelona el 2n <strong>comit\u00e8 nacional<\/strong> ordinari de la <strong>UJP-UGT<\/strong> de Catalunya, amb 56 membres assistents. Ha obert l&#8217;acte Camil Ros, secretari general de la UGT de Catalunya.<\/p>\n<p>S&#8217;ha aprobat la gesti\u00f3 de la comissi\u00f3 executiva nacional i cobert la vacant de la secretaria de pol\u00edtiques socials i Igualtat amb l&#8217;elecci\u00f3 per unanimitat dels assistents de la companya Rosa Maria Bellafont que s&#8217;ha incorporat a les seves tasques.<\/p>\n<p>La clausura de l&#8217;acte l&#8217;ha efectuat el secretari d&#8217;organitzaci\u00f3 d&#8217;UJP-UGT estatal Francisco P\u00e9rez Haro.<\/p>\n<p><strong>S&#8217;ha anunciat la celebraci\u00f3 els dies 26 i 27\u00a0 de gener pr\u00f2xim d&#8217;unes jornades sobre l&#8217;EDADISME tamb\u00e9 al sal\u00f3 d&#8217;actes d&#8217;UGT a Barcelona.<\/strong><\/p>\n\n\t\t<style>\n\t\t\t#gallery-1 {\n\t\t\t\tmargin: auto;\n\t\t\t}\n\t\t\t#gallery-1 .gallery-item {\n\t\t\t\tfloat: left;\n\t\t\t\tmargin-top: 10px;\n\t\t\t\ttext-align: center;\n\t\t\t\twidth: 33%;\n\t\t\t}\n\t\t\t#gallery-1 img {\n\t\t\t\tborder: 2px solid #cfcfcf;\n\t\t\t}\n\t\t\t#gallery-1 .gallery-caption {\n\t\t\t\tmargin-left: 0;\n\t\t\t}\n\t\t\t\/* see gallery_shortcode() in wp-includes\/media.php *\/\n\t\t<\/style>\n\t\t<div id='gallery-1' class='gallery galleryid-7054 gallery-columns-3 gallery-size-thumbnail'><dl class='gallery-item'>\n\t\t\t<dt class='gallery-icon landscape'>\n\t\t\t\t<a href='https:\/\/www.ugt.cat\/jubilats\/celebrat-comite-nacional-ujp-ugt-catalunya\/screenshot_2022-12-15-18-35-33-028-edit_cn-wps-moffice_eng\/'><img loading=\"lazy\" decoding=\"async\" width=\"150\" height=\"150\" src=\"https:\/\/www.ugt.cat\/jubilats\/wp-content\/uploads\/2022\/12\/Screenshot_2022-12-15-18-35-33-028-edit_cn.wps_.moffice_eng-150x150.jpg\" class=\"attachment-thumbnail size-thumbnail\" alt=\"\" \/><\/a>\n\t\t\t<\/dt><\/dl><dl class='gallery-item'>\n\t\t\t<dt class='gallery-icon landscape'>\n\t\t\t\t<a href='https:\/\/www.ugt.cat\/jubilats\/celebrat-comite-nacional-ujp-ugt-catalunya\/img-20221215-wa0106\/'><img loading=\"lazy\" decoding=\"async\" width=\"150\" height=\"150\" src=\"https:\/\/www.ugt.cat\/jubilats\/wp-content\/uploads\/2022\/12\/IMG-20221215-WA0106-150x150.jpg\" class=\"attachment-thumbnail size-thumbnail\" alt=\"\" \/><\/a>\n\t\t\t<\/dt><\/dl><dl class='gallery-item'>\n\t\t\t<dt class='gallery-icon portrait'>\n\t\t\t\t<a href='https:\/\/www.ugt.cat\/jubilats\/celebrat-comite-nacional-ujp-ugt-catalunya\/img-20221215-wa0031\/'><img loading=\"lazy\" decoding=\"async\" width=\"150\" height=\"150\" src=\"https:\/\/www.ugt.cat\/jubilats\/wp-content\/uploads\/2022\/12\/IMG-20221215-WA0031-150x150.jpg\" class=\"attachment-thumbnail size-thumbnail\" alt=\"\" \/><\/a>\n\t\t\t<\/dt><\/dl><br style=\"clear: both\" \/><dl class='gallery-item'>\n\t\t\t<dt class='gallery-icon landscape'>\n\t\t\t\t<a href='https:\/\/www.ugt.cat\/jubilats\/celebrat-comite-nacional-ujp-ugt-catalunya\/img-20221215-wa0094\/'><img loading=\"lazy\" decoding=\"async\" width=\"150\" height=\"150\" src=\"https:\/\/www.ugt.cat\/jubilats\/wp-content\/uploads\/2022\/12\/IMG-20221215-WA0094-150x150.jpg\" class=\"attachment-thumbnail size-thumbnail\" alt=\"\" \/><\/a>\n\t\t\t<\/dt><\/dl><dl class='gallery-item'>\n\t\t\t<dt class='gallery-icon portrait'>\n\t\t\t\t<a href='https:\/\/www.ugt.cat\/jubilats\/celebrat-comite-nacional-ujp-ugt-catalunya\/img-20221215-wa0074\/'><img loading=\"lazy\" decoding=\"async\" width=\"150\" height=\"150\" src=\"https:\/\/www.ugt.cat\/jubilats\/wp-content\/uploads\/2022\/12\/IMG-20221215-WA0074-150x150.jpg\" class=\"attachment-thumbnail size-thumbnail\" alt=\"\" \/><\/a>\n\t\t\t<\/dt><\/dl><dl class='gallery-item'>\n\t\t\t<dt class='gallery-icon portrait'>\n\t\t\t\t<a href='https:\/\/www.ugt.cat\/jubilats\/celebrat-comite-nacional-ujp-ugt-catalunya\/img-20221215-wa0019\/'><img loading=\"lazy\" decoding=\"async\" width=\"150\" height=\"150\" src=\"https:\/\/www.ugt.cat\/jubilats\/wp-content\/uploads\/2022\/12\/IMG-20221215-WA0019-150x150.jpg\" class=\"attachment-thumbnail size-thumbnail\" alt=\"\" \/><\/a>\n\t\t\t<\/dt><\/dl><br style=\"clear: both\" \/><dl class='gallery-item'>\n\t\t\t<dt class='gallery-icon portrait'>\n\t\t\t\t<a href='https:\/\/www.ugt.cat\/jubilats\/celebrat-comite-nacional-ujp-ugt-catalunya\/img-20221216-wa0042\/'><img loading=\"lazy\" decoding=\"async\" width=\"150\" height=\"150\" src=\"https:\/\/www.ugt.cat\/jubilats\/wp-content\/uploads\/2022\/12\/IMG-20221216-WA0042-150x150.jpg\" class=\"attachment-thumbnail size-thumbnail\" alt=\"\" \/><\/a>\n\t\t\t<\/dt><\/dl><dl class='gallery-item'>\n\t\t\t<dt class='gallery-icon landscape'>\n\t\t\t\t<a href='https:\/\/www.ugt.cat\/jubilats\/celebrat-comite-nacional-ujp-ugt-catalunya\/img-20221215-wa0075-2\/'><img loading=\"lazy\" decoding=\"async\" width=\"150\" height=\"150\" src=\"https:\/\/www.ugt.cat\/jubilats\/wp-content\/uploads\/2022\/12\/IMG-20221215-WA0075-1-150x150.jpg\" class=\"attachment-thumbnail size-thumbnail\" alt=\"\" \/><\/a>\n\t\t\t<\/dt><\/dl><dl class='gallery-item'>\n\t\t\t<dt class='gallery-icon portrait'>\n\t\t\t\t<a href='https:\/\/www.ugt.cat\/jubilats\/celebrat-comite-nacional-ujp-ugt-catalunya\/img-20221215-wa0104\/'><img loading=\"lazy\" decoding=\"async\" width=\"150\" height=\"150\" src=\"https:\/\/www.ugt.cat\/jubilats\/wp-content\/uploads\/2022\/12\/IMG-20221215-WA0104-150x150.jpg\" class=\"attachment-thumbnail size-thumbnail\" alt=\"\" \/><\/a>\n\t\t\t<\/dt><\/dl><br style=\"clear: both\" \/><dl class='gallery-item'>\n\t\t\t<dt class='gallery-icon landscape'>\n\t\t\t\t<a href='https:\/\/www.ugt.cat\/jubilats\/celebrat-comite-nacional-ujp-ugt-catalunya\/img_20221215_101701\/'><img loading=\"lazy\" decoding=\"async\" width=\"150\" height=\"150\" src=\"https:\/\/www.ugt.cat\/jubilats\/wp-content\/uploads\/2022\/12\/IMG_20221215_101701-150x150.jpg\" class=\"attachment-thumbnail size-thumbnail\" alt=\"\" \/><\/a>\n\t\t\t<\/dt><\/dl><dl class='gallery-item'>\n\t\t\t<dt class='gallery-icon portrait'>\n\t\t\t\t<a href='https:\/\/www.ugt.cat\/jubilats\/celebrat-comite-nacional-ujp-ugt-catalunya\/img-20221215-wa0024\/'><img loading=\"lazy\" decoding=\"async\" width=\"150\" height=\"150\" src=\"https:\/\/www.ugt.cat\/jubilats\/wp-content\/uploads\/2022\/12\/IMG-20221215-WA0024-150x150.jpg\" class=\"attachment-thumbnail size-thumbnail\" alt=\"\" \/><\/a>\n\t\t\t<\/dt><\/dl><dl class='gallery-item'>\n\t\t\t<dt class='gallery-icon portrait'>\n\t\t\t\t<a href='https:\/\/www.ugt.cat\/jubilats\/celebrat-comite-nacional-ujp-ugt-catalunya\/img-20221215-wa0020\/'><img loading=\"lazy\" decoding=\"async\" width=\"150\" height=\"150\" src=\"https:\/\/www.ugt.cat\/jubilats\/wp-content\/uploads\/2022\/12\/IMG-20221215-WA0020-150x150.jpg\" class=\"attachment-thumbnail size-thumbnail\" alt=\"\" \/><\/a>\n\t\t\t<\/dt><\/dl><br style=\"clear: both\" \/><dl class='gallery-item'>\n\t\t\t<dt class='gallery-icon portrait'>\n\t\t\t\t<a href='https:\/\/www.ugt.cat\/jubilats\/celebrat-comite-nacional-ujp-ugt-catalunya\/img-20221215-wa0033\/'><img loading=\"lazy\" decoding=\"async\" width=\"150\" height=\"150\" src=\"https:\/\/www.ugt.cat\/jubilats\/wp-content\/uploads\/2022\/12\/IMG-20221215-WA0033-150x150.jpg\" class=\"attachment-thumbnail size-thumbnail\" alt=\"\" \/><\/a>\n\t\t\t<\/dt><\/dl><dl class='gallery-item'>\n\t\t\t<dt class='gallery-icon portrait'>\n\t\t\t\t<a href='https:\/\/www.ugt.cat\/jubilats\/celebrat-comite-nacional-ujp-ugt-catalunya\/img-20221215-wa0045\/'><img loading=\"lazy\" decoding=\"async\" width=\"150\" height=\"150\" src=\"https:\/\/www.ugt.cat\/jubilats\/wp-content\/uploads\/2022\/12\/IMG-20221215-WA0045-150x150.jpg\" class=\"attachment-thumbnail size-thumbnail\" alt=\"\" \/><\/a>\n\t\t\t<\/dt><\/dl><dl class='gallery-item'>\n\t\t\t<dt class='gallery-icon portrait'>\n\t\t\t\t<a href='https:\/\/www.ugt.cat\/jubilats\/celebrat-comite-nacional-ujp-ugt-catalunya\/img-20221215-wa0043\/'><img loading=\"lazy\" decoding=\"async\" width=\"150\" height=\"150\" src=\"https:\/\/www.ugt.cat\/jubilats\/wp-content\/uploads\/2022\/12\/IMG-20221215-WA0043-150x150.jpg\" class=\"attachment-thumbnail size-thumbnail\" alt=\"\" \/><\/a>\n\t\t\t<\/dt><\/dl><br style=\"clear: both\" \/><dl class='gallery-item'>\n\t\t\t<dt class='gallery-icon portrait'>\n\t\t\t\t<a href='https:\/\/www.ugt.cat\/jubilats\/celebrat-comite-nacional-ujp-ugt-catalunya\/img-20221215-wa0052\/'><img loading=\"lazy\" decoding=\"async\" width=\"150\" height=\"150\" src=\"https:\/\/www.ugt.cat\/jubilats\/wp-content\/uploads\/2022\/12\/IMG-20221215-WA0052-150x150.jpg\" class=\"attachment-thumbnail size-thumbnail\" alt=\"\" \/><\/a>\n\t\t\t<\/dt><\/dl><dl class='gallery-item'>\n\t\t\t<dt class='gallery-icon landscape'>\n\t\t\t\t<a href='https:\/\/www.ugt.cat\/jubilats\/celebrat-comite-nacional-ujp-ugt-catalunya\/img-20221215-wa0037\/'><img loading=\"lazy\" decoding=\"async\" width=\"150\" height=\"150\" src=\"https:\/\/www.ugt.cat\/jubilats\/wp-content\/uploads\/2022\/12\/IMG-20221215-WA0037-150x150.jpg\" class=\"attachment-thumbnail size-thumbnail\" alt=\"\" \/><\/a>\n\t\t\t<\/dt><\/dl><dl class='gallery-item'>\n\t\t\t<dt class='gallery-icon portrait'>\n\t\t\t\t<a href='https:\/\/www.ugt.cat\/jubilats\/celebrat-comite-nacional-ujp-ugt-catalunya\/img-20221215-wa0042\/'><img loading=\"lazy\" decoding=\"async\" width=\"150\" height=\"150\" src=\"https:\/\/www.ugt.cat\/jubilats\/wp-content\/uploads\/2022\/12\/IMG-20221215-WA0042-150x150.jpg\" class=\"attachment-thumbnail size-thumbnail\" alt=\"\" \/><\/a>\n\t\t\t<\/dt><\/dl><br style=\"clear: both\" \/><dl class='gallery-item'>\n\t\t\t<dt class='gallery-icon portrait'>\n\t\t\t\t<a href='https:\/\/www.ugt.cat\/jubilats\/celebrat-comite-nacional-ujp-ugt-catalunya\/img-20221215-wa0048\/'><img loading=\"lazy\" decoding=\"async\" width=\"150\" height=\"150\" src=\"https:\/\/www.ugt.cat\/jubilats\/wp-content\/uploads\/2022\/12\/IMG-20221215-WA0048-150x150.jpg\" class=\"attachment-thumbnail size-thumbnail\" alt=\"\" \/><\/a>\n\t\t\t<\/dt><\/dl><dl class='gallery-item'>\n\t\t\t<dt class='gallery-icon portrait'>\n\t\t\t\t<a href='https:\/\/www.ugt.cat\/jubilats\/celebrat-comite-nacional-ujp-ugt-catalunya\/img-20221215-wa0050\/'><img loading=\"lazy\" decoding=\"async\" width=\"150\" height=\"150\" src=\"https:\/\/www.ugt.cat\/jubilats\/wp-content\/uploads\/2022\/12\/IMG-20221215-WA0050-150x150.jpg\" class=\"attachment-thumbnail size-thumbnail\" alt=\"\" \/><\/a>\n\t\t\t<\/dt><\/dl><dl class='gallery-item'>\n\t\t\t<dt class='gallery-icon portrait'>\n\t\t\t\t<a href='https:\/\/www.ugt.cat\/jubilats\/celebrat-comite-nacional-ujp-ugt-catalunya\/img-20221215-wa0054\/'><img loading=\"lazy\" decoding=\"async\" width=\"150\" height=\"150\" src=\"https:\/\/www.ugt.cat\/jubilats\/wp-content\/uploads\/2022\/12\/IMG-20221215-WA0054-150x150.jpg\" class=\"attachment-thumbnail size-thumbnail\" alt=\"\" \/><\/a>\n\t\t\t<\/dt><\/dl><br style=\"clear: both\" \/><dl class='gallery-item'>\n\t\t\t<dt class='gallery-icon portrait'>\n\t\t\t\t<a href='https:\/\/www.ugt.cat\/jubilats\/celebrat-comite-nacional-ujp-ugt-catalunya\/img-20221215-wa0058\/'><img loading=\"lazy\" decoding=\"async\" width=\"150\" height=\"150\" src=\"https:\/\/www.ugt.cat\/jubilats\/wp-content\/uploads\/2022\/12\/IMG-20221215-WA0058-150x150.jpg\" class=\"attachment-thumbnail size-thumbnail\" alt=\"\" \/><\/a>\n\t\t\t<\/dt><\/dl><dl class='gallery-item'>\n\t\t\t<dt class='gallery-icon portrait'>\n\t\t\t\t<a href='https:\/\/www.ugt.cat\/jubilats\/celebrat-comite-nacional-ujp-ugt-catalunya\/img-20221215-wa0056\/'><img loading=\"lazy\" decoding=\"async\" width=\"150\" height=\"150\" src=\"https:\/\/www.ugt.cat\/jubilats\/wp-content\/uploads\/2022\/12\/IMG-20221215-WA0056-150x150.jpg\" class=\"attachment-thumbnail size-thumbnail\" alt=\"\" \/><\/a>\n\t\t\t<\/dt><\/dl><dl class='gallery-item'>\n\t\t\t<dt class='gallery-icon portrait'>\n\t\t\t\t<a href='https:\/\/www.ugt.cat\/jubilats\/celebrat-comite-nacional-ujp-ugt-catalunya\/img-20221215-wa0065\/'><img loading=\"lazy\" decoding=\"async\" width=\"150\" height=\"150\" src=\"https:\/\/www.ugt.cat\/jubilats\/wp-content\/uploads\/2022\/12\/IMG-20221215-WA0065-150x150.jpg\" class=\"attachment-thumbnail size-thumbnail\" alt=\"\" \/><\/a>\n\t\t\t<\/dt><\/dl><br style=\"clear: both\" \/><dl class='gallery-item'>\n\t\t\t<dt class='gallery-icon landscape'>\n\t\t\t\t<a href='https:\/\/www.ugt.cat\/jubilats\/celebrat-comite-nacional-ujp-ugt-catalunya\/img-20221215-wa0073\/'><img loading=\"lazy\" decoding=\"async\" width=\"150\" height=\"150\" src=\"https:\/\/www.ugt.cat\/jubilats\/wp-content\/uploads\/2022\/12\/IMG-20221215-WA0073-150x150.jpg\" class=\"attachment-thumbnail size-thumbnail\" alt=\"\" \/><\/a>\n\t\t\t<\/dt><\/dl><dl class='gallery-item'>\n\t\t\t<dt class='gallery-icon landscape'>\n\t\t\t\t<a href='https:\/\/www.ugt.cat\/jubilats\/celebrat-comite-nacional-ujp-ugt-catalunya\/img-20221215-wa0070\/'><img loading=\"lazy\" decoding=\"async\" width=\"150\" height=\"150\" src=\"https:\/\/www.ugt.cat\/jubilats\/wp-content\/uploads\/2022\/12\/IMG-20221215-WA0070-150x150.jpg\" class=\"attachment-thumbnail size-thumbnail\" alt=\"\" \/><\/a>\n\t\t\t<\/dt><\/dl><dl class='gallery-item'>\n\t\t\t<dt class='gallery-icon landscape'>\n\t\t\t\t<a href='https:\/\/www.ugt.cat\/jubilats\/celebrat-comite-nacional-ujp-ugt-catalunya\/img-20221215-wa0080\/'><img loading=\"lazy\" decoding=\"async\" width=\"150\" height=\"150\" src=\"https:\/\/www.ugt.cat\/jubilats\/wp-content\/uploads\/2022\/12\/IMG-20221215-WA0080-150x150.jpg\" class=\"attachment-thumbnail size-thumbnail\" alt=\"\" \/><\/a>\n\t\t\t<\/dt><\/dl><br style=\"clear: both\" \/><dl class='gallery-item'>\n\t\t\t<dt class='gallery-icon portrait'>\n\t\t\t\t<a href='https:\/\/www.ugt.cat\/jubilats\/celebrat-comite-nacional-ujp-ugt-catalunya\/img-20221215-wa0088\/'><img loading=\"lazy\" decoding=\"async\" width=\"150\" height=\"150\" src=\"https:\/\/www.ugt.cat\/jubilats\/wp-content\/uploads\/2022\/12\/IMG-20221215-WA0088-150x150.jpg\" class=\"attachment-thumbnail size-thumbnail\" alt=\"\" \/><\/a>\n\t\t\t<\/dt><\/dl><dl class='gallery-item'>\n\t\t\t<dt class='gallery-icon landscape'>\n\t\t\t\t<a href='https:\/\/www.ugt.cat\/jubilats\/celebrat-comite-nacional-ujp-ugt-catalunya\/img-20221215-wa0090\/'><img loading=\"lazy\" decoding=\"async\" width=\"150\" height=\"150\" src=\"https:\/\/www.ugt.cat\/jubilats\/wp-content\/uploads\/2022\/12\/IMG-20221215-WA0090-150x150.jpg\" class=\"attachment-thumbnail size-thumbnail\" alt=\"\" \/><\/a>\n\t\t\t<\/dt><\/dl><dl class='gallery-item'>\n\t\t\t<dt class='gallery-icon portrait'>\n\t\t\t\t<a href='https:\/\/www.ugt.cat\/jubilats\/celebrat-comite-nacional-ujp-ugt-catalunya\/img-20221215-wa0096\/'><img loading=\"lazy\" decoding=\"async\" width=\"150\" height=\"150\" src=\"https:\/\/www.ugt.cat\/jubilats\/wp-content\/uploads\/2022\/12\/IMG-20221215-WA0096-150x150.jpg\" class=\"attachment-thumbnail size-thumbnail\" alt=\"\" \/><\/a>\n\t\t\t<\/dt><\/dl><br style=\"clear: both\" \/><dl class='gallery-item'>\n\t\t\t<dt class='gallery-icon portrait'>\n\t\t\t\t<a href='https:\/\/www.ugt.cat\/jubilats\/celebrat-comite-nacional-ujp-ugt-catalunya\/img-20221215-wa0097\/'><img loading=\"lazy\" decoding=\"async\" width=\"150\" height=\"150\" src=\"https:\/\/www.ugt.cat\/jubilats\/wp-content\/uploads\/2022\/12\/IMG-20221215-WA0097-150x150.jpg\" class=\"attachment-thumbnail size-thumbnail\" alt=\"\" \/><\/a>\n\t\t\t<\/dt><\/dl><dl class='gallery-item'>\n\t\t\t<dt class='gallery-icon portrait'>\n\t\t\t\t<a href='https:\/\/www.ugt.cat\/jubilats\/celebrat-comite-nacional-ujp-ugt-catalunya\/img-20221215-wa0100\/'><img loading=\"lazy\" decoding=\"async\" width=\"150\" height=\"150\" src=\"https:\/\/www.ugt.cat\/jubilats\/wp-content\/uploads\/2022\/12\/IMG-20221215-WA0100-150x150.jpg\" class=\"attachment-thumbnail size-thumbnail\" alt=\"\" \/><\/a>\n\t\t\t<\/dt><\/dl><dl class='gallery-item'>\n\t\t\t<dt class='gallery-icon portrait'>\n\t\t\t\t<a href='https:\/\/www.ugt.cat\/jubilats\/celebrat-comite-nacional-ujp-ugt-catalunya\/img-20221215-wa0099\/'><img loading=\"lazy\" decoding=\"async\" width=\"150\" height=\"150\" src=\"https:\/\/www.ugt.cat\/jubilats\/wp-content\/uploads\/2022\/12\/IMG-20221215-WA0099-150x150.jpg\" class=\"attachment-thumbnail size-thumbnail\" alt=\"\" \/><\/a>\n\t\t\t<\/dt><\/dl><br style=\"clear: both\" \/><dl class='gallery-item'>\n\t\t\t<dt class='gallery-icon portrait'>\n\t\t\t\t<a href='https:\/\/www.ugt.cat\/jubilats\/celebrat-comite-nacional-ujp-ugt-catalunya\/img-20221215-wa0101\/'><img loading=\"lazy\" decoding=\"async\" width=\"150\" height=\"150\" src=\"https:\/\/www.ugt.cat\/jubilats\/wp-content\/uploads\/2022\/12\/IMG-20221215-WA0101-150x150.jpg\" class=\"attachment-thumbnail size-thumbnail\" alt=\"\" \/><\/a>\n\t\t\t<\/dt><\/dl><dl class='gallery-item'>\n\t\t\t<dt class='gallery-icon portrait'>\n\t\t\t\t<a href='https:\/\/www.ugt.cat\/jubilats\/celebrat-comite-nacional-ujp-ugt-catalunya\/img-20221215-wa0102\/'><img loading=\"lazy\" decoding=\"async\" width=\"150\" height=\"150\" src=\"https:\/\/www.ugt.cat\/jubilats\/wp-content\/uploads\/2022\/12\/IMG-20221215-WA0102-150x150.jpg\" class=\"attachment-thumbnail size-thumbnail\" alt=\"\" \/><\/a>\n\t\t\t<\/dt><\/dl>\n\t\t\t<br style='clear: both' \/>\n\t\t<\/div>\n\n<p>&nbsp;<\/p>\n<p>&nbsp;<\/p>\n<p>&nbsp;<\/p>\n<p>&nbsp;<\/p>\n<p>&nbsp;<\/p>\n","protected":false},"excerpt":{"rendered":"<p>S&#8217;ha celebrat a la seu d&#8217;UGT a Barcelona el 2n comit\u00e8 nacional ordinari de la UJP-UGT de Catalunya, amb 56 membres assistents. Ha obert l&#8217;acte Camil Ros, secretari general de la UGT de Catalunya. S&#8217;ha aprobat la gesti\u00f3 de la <a class=\"more-link\" href=\"https:\/\/www.ugt.cat\/jubilats\/celebrat-comite-nacional-ujp-ugt-catalunya\/\">Continua llegint <span class=\"meta-nav\">&rarr;<\/span><\/a><\/p>\n","protected":false},"author":6,"featured_media":7112,"comment_status":"closed","ping_status":"open","sticky":false,"template":"","format":"standard","meta":{"footnotes":""},"categories":[1],"tags":[],"class_list":["post-7054","post","type-post","status-publish","format-standard","has-post-thumbnail","hentry","category-general"],"_links":{"self":[{"href":"https:\/\/www.ugt.cat\/jubilats\/wp-json\/wp\/v2\/posts\/7054","targetHints":{"allow":["GET"]}}],"collection":[{"href":"https:\/\/www.ugt.cat\/jubilats\/wp-json\/wp\/v2\/posts"}],"about":[{"href":"https:\/\/www.ugt.cat\/jubilats\/wp-json\/wp\/v2\/types\/post"}],"author":[{"embeddable":true,"href":"https:\/\/www.ugt.cat\/jubilats\/wp-json\/wp\/v2\/users\/6"}],"replies":[{"embeddable":true,"href":"https:\/\/www.ugt.cat\/jubilats\/wp-json\/wp\/v2\/comments?post=7054"}],"version-history":[{"count":9,"href":"https:\/\/www.ugt.cat\/jubilats\/wp-json\/wp\/v2\/posts\/7054\/revisions"}],"predecessor-version":[{"id":7121,"href":"https:\/\/www.ugt.cat\/jubilats\/wp-json\/wp\/v2\/posts\/7054\/revisions\/7121"}],"wp:featuredmedia":[{"embeddable":true,"href":"https:\/\/www.ugt.cat\/jubilats\/wp-json\/wp\/v2\/media\/7112"}],"wp:attachment":[{"href":"https:\/\/www.ugt.cat\/jubilats\/wp-json\/wp\/v2\/media?parent=7054"}],"wp:term":[{"taxonomy":"category","embeddable":true,"href":"https:\/\/www.ugt.cat\/jubilats\/wp-json\/wp\/v2\/categories?post=7054"},{"taxonomy":"post_tag","embeddable":true,"href":"https:\/\/www.ugt.cat\/jubilats\/wp-json\/wp\/v2\/tags?post=7054"}],"curies":[{"name":"wp","href":"https:\/\/api.w.org\/{rel}","templated":true}]}}