{"id":7141,"date":"2022-12-21T11:07:12","date_gmt":"2022-12-21T11:07:12","guid":{"rendered":"https:\/\/www.ugt.cat\/jubilats\/?p=7141"},"modified":"2022-12-21T11:10:12","modified_gmt":"2022-12-21T11:10:12","slug":"ujp-ugt-en-acto-pensiones-baix-llobregat","status":"publish","type":"post","link":"https:\/\/www.ugt.cat\/jubilats\/ujp-ugt-en-acto-pensiones-baix-llobregat\/","title":{"rendered":"UJP-UGT  en acto pensiones Baix Llobregat"},"content":{"rendered":"<p><strong>UJP-UGT<\/strong> del <strong>Baix Llobregat<\/strong> ha realizado un acto p\u00fablico el pasado d\u00eda 19 en el Casal de la Gent Grand de Sant Andreu de la Barca, en el que el responsable comarcal <strong>Pedro Tom\u00e1s Fern\u00e1ndez Buend\u00eda<\/strong> ha intervenido subrayando la <strong>sostenibilidad de nuestro sistema p\u00fablico de pensiones.\u00a0<\/strong><\/p>\n<p>Se ha contado con la participaci\u00f3n de la <strong>alcaldesa<\/strong> de la ciudad, la <strong>consejera de Gent Grand<\/strong> del consejo comarcal y unos sesenta asistentes.<\/p>\n<p><a href=\"https:\/\/www.ugt.cat\/jubilats\/wp-content\/uploads\/2022\/12\/IMG-20221220-WA0062.jpg\"><img loading=\"lazy\" decoding=\"async\" class=\"alignnone size-medium wp-image-7144\" src=\"https:\/\/www.ugt.cat\/jubilats\/wp-content\/uploads\/2022\/12\/IMG-20221220-WA0062-300x225.jpg\" alt=\"\" width=\"300\" height=\"225\" srcset=\"https:\/\/www.ugt.cat\/jubilats\/wp-content\/uploads\/2022\/12\/IMG-20221220-WA0062-300x225.jpg 300w, https:\/\/www.ugt.cat\/jubilats\/wp-content\/uploads\/2022\/12\/IMG-20221220-WA0062-768x576.jpg 768w, https:\/\/www.ugt.cat\/jubilats\/wp-content\/uploads\/2022\/12\/IMG-20221220-WA0062.jpg 960w\" sizes=\"auto, (max-width: 300px) 100vw, 300px\" \/><\/a><\/p>\n<p><a href=\"https:\/\/www.ugt.cat\/jubilats\/wp-content\/uploads\/2022\/12\/Screenshot_2022-12-21-09-58-28-501-edit_com.whatsapp.jpg\"><img loading=\"lazy\" decoding=\"async\" class=\"alignnone size-medium wp-image-7143\" src=\"https:\/\/www.ugt.cat\/jubilats\/wp-content\/uploads\/2022\/12\/Screenshot_2022-12-21-09-58-28-501-edit_com.whatsapp-222x300.jpg\" alt=\"\" width=\"222\" height=\"300\" srcset=\"https:\/\/www.ugt.cat\/jubilats\/wp-content\/uploads\/2022\/12\/Screenshot_2022-12-21-09-58-28-501-edit_com.whatsapp-222x300.jpg 222w, https:\/\/www.ugt.cat\/jubilats\/wp-content\/uploads\/2022\/12\/Screenshot_2022-12-21-09-58-28-501-edit_com.whatsapp-759x1024.jpg 759w, https:\/\/www.ugt.cat\/jubilats\/wp-content\/uploads\/2022\/12\/Screenshot_2022-12-21-09-58-28-501-edit_com.whatsapp-768x1036.jpg 768w, https:\/\/www.ugt.cat\/jubilats\/wp-content\/uploads\/2022\/12\/Screenshot_2022-12-21-09-58-28-501-edit_com.whatsapp.jpg 1077w\" sizes=\"auto, (max-width: 222px) 100vw, 222px\" \/><\/a><\/p>\n","protected":false},"excerpt":{"rendered":"<p>UJP-UGT del Baix Llobregat ha realizado un acto p\u00fablico el pasado d\u00eda 19 en el Casal de la Gent Grand de Sant Andreu de la Barca, en el que el responsable comarcal Pedro Tom\u00e1s Fern\u00e1ndez Buend\u00eda ha intervenido subrayando la <a class=\"more-link\" href=\"https:\/\/www.ugt.cat\/jubilats\/ujp-ugt-en-acto-pensiones-baix-llobregat\/\">Continua llegint <span class=\"meta-nav\">&rarr;<\/span><\/a><\/p>\n","protected":false},"author":6,"featured_media":7142,"comment_status":"closed","ping_status":"open","sticky":false,"template":"","format":"standard","meta":{"footnotes":""},"categories":[1],"tags":[],"class_list":["post-7141","post","type-post","status-publish","format-standard","has-post-thumbnail","hentry","category-general"],"_links":{"self":[{"href":"https:\/\/www.ugt.cat\/jubilats\/wp-json\/wp\/v2\/posts\/7141","targetHints":{"allow":["GET"]}}],"collection":[{"href":"https:\/\/www.ugt.cat\/jubilats\/wp-json\/wp\/v2\/posts"}],"about":[{"href":"https:\/\/www.ugt.cat\/jubilats\/wp-json\/wp\/v2\/types\/post"}],"author":[{"embeddable":true,"href":"https:\/\/www.ugt.cat\/jubilats\/wp-json\/wp\/v2\/users\/6"}],"replies":[{"embeddable":true,"href":"https:\/\/www.ugt.cat\/jubilats\/wp-json\/wp\/v2\/comments?post=7141"}],"version-history":[{"count":5,"href":"https:\/\/www.ugt.cat\/jubilats\/wp-json\/wp\/v2\/posts\/7141\/revisions"}],"predecessor-version":[{"id":7150,"href":"https:\/\/www.ugt.cat\/jubilats\/wp-json\/wp\/v2\/posts\/7141\/revisions\/7150"}],"wp:featuredmedia":[{"embeddable":true,"href":"https:\/\/www.ugt.cat\/jubilats\/wp-json\/wp\/v2\/media\/7142"}],"wp:attachment":[{"href":"https:\/\/www.ugt.cat\/jubilats\/wp-json\/wp\/v2\/media?parent=7141"}],"wp:term":[{"taxonomy":"category","embeddable":true,"href":"https:\/\/www.ugt.cat\/jubilats\/wp-json\/wp\/v2\/categories?post=7141"},{"taxonomy":"post_tag","embeddable":true,"href":"https:\/\/www.ugt.cat\/jubilats\/wp-json\/wp\/v2\/tags?post=7141"}],"curies":[{"name":"wp","href":"https:\/\/api.w.org\/{rel}","templated":true}]}}