{"id":7159,"date":"2023-01-14T21:55:40","date_gmt":"2023-01-14T21:55:40","guid":{"rendered":"https:\/\/www.ugt.cat\/jubilats\/?p=7159"},"modified":"2023-01-14T21:55:40","modified_gmt":"2023-01-14T21:55:40","slug":"ujp-ugt-a-terrassa-per-la-sanitat-publica-i-de-qualitat","status":"publish","type":"post","link":"https:\/\/www.ugt.cat\/jubilats\/ujp-ugt-a-terrassa-per-la-sanitat-publica-i-de-qualitat\/","title":{"rendered":"UJP-UGT a Terrassa per la sanitat p\u00fablica i de qualitat"},"content":{"rendered":"<p style=\"text-align: left;\">UJP-UGT de Catalunya hem participat dissabte dia 14 a Terrassa (Vall\u00e8s Occidental) a la manifestaci\u00f3 per la SANITAT P\u00daBLICA i de QUALITAT, convocada per diverses organitzacions sindicals i socials.<\/p>\n<p><a href=\"https:\/\/www.ugt.cat\/jubilats\/wp-content\/uploads\/2023\/01\/IMG-20230114-WA0047.jpg\"><img loading=\"lazy\" decoding=\"async\" class=\"alignnone size-medium wp-image-7160\" src=\"https:\/\/www.ugt.cat\/jubilats\/wp-content\/uploads\/2023\/01\/IMG-20230114-WA0047-300x225.jpg\" alt=\"\" width=\"300\" height=\"225\" srcset=\"https:\/\/www.ugt.cat\/jubilats\/wp-content\/uploads\/2023\/01\/IMG-20230114-WA0047-300x225.jpg 300w, https:\/\/www.ugt.cat\/jubilats\/wp-content\/uploads\/2023\/01\/IMG-20230114-WA0047-1024x768.jpg 1024w, https:\/\/www.ugt.cat\/jubilats\/wp-content\/uploads\/2023\/01\/IMG-20230114-WA0047-768x576.jpg 768w, https:\/\/www.ugt.cat\/jubilats\/wp-content\/uploads\/2023\/01\/IMG-20230114-WA0047-1536x1152.jpg 1536w, https:\/\/www.ugt.cat\/jubilats\/wp-content\/uploads\/2023\/01\/IMG-20230114-WA0047.jpg 2016w\" sizes=\"auto, (max-width: 300px) 100vw, 300px\" \/><\/a><\/p>\n<p style=\"text-align: left;\"><a href=\"https:\/\/www.ugt.cat\/jubilats\/wp-content\/uploads\/2023\/01\/IMG-20230114-WA0069.jpg\"><img loading=\"lazy\" decoding=\"async\" class=\"alignnone size-medium wp-image-7161\" src=\"https:\/\/www.ugt.cat\/jubilats\/wp-content\/uploads\/2023\/01\/IMG-20230114-WA0069-300x225.jpg\" alt=\"\" width=\"300\" height=\"225\" srcset=\"https:\/\/www.ugt.cat\/jubilats\/wp-content\/uploads\/2023\/01\/IMG-20230114-WA0069-300x225.jpg 300w, https:\/\/www.ugt.cat\/jubilats\/wp-content\/uploads\/2023\/01\/IMG-20230114-WA0069-1024x768.jpg 1024w, https:\/\/www.ugt.cat\/jubilats\/wp-content\/uploads\/2023\/01\/IMG-20230114-WA0069-768x576.jpg 768w, https:\/\/www.ugt.cat\/jubilats\/wp-content\/uploads\/2023\/01\/IMG-20230114-WA0069-1536x1152.jpg 1536w, https:\/\/www.ugt.cat\/jubilats\/wp-content\/uploads\/2023\/01\/IMG-20230114-WA0069.jpg 1600w\" sizes=\"auto, (max-width: 300px) 100vw, 300px\" \/><\/a><\/p>\n<p style=\"text-align: left;\"><a href=\"https:\/\/www.ugt.cat\/jubilats\/wp-content\/uploads\/2023\/01\/IMG-20230114-WA0058.jpg\"><img loading=\"lazy\" decoding=\"async\" class=\"alignnone size-medium wp-image-7162\" src=\"https:\/\/www.ugt.cat\/jubilats\/wp-content\/uploads\/2023\/01\/IMG-20230114-WA0058-225x300.jpg\" alt=\"\" width=\"225\" height=\"300\" srcset=\"https:\/\/www.ugt.cat\/jubilats\/wp-content\/uploads\/2023\/01\/IMG-20230114-WA0058-225x300.jpg 225w, https:\/\/www.ugt.cat\/jubilats\/wp-content\/uploads\/2023\/01\/IMG-20230114-WA0058-768x1024.jpg 768w, https:\/\/www.ugt.cat\/jubilats\/wp-content\/uploads\/2023\/01\/IMG-20230114-WA0058-1152x1536.jpg 1152w, https:\/\/www.ugt.cat\/jubilats\/wp-content\/uploads\/2023\/01\/IMG-20230114-WA0058.jpg 1512w\" sizes=\"auto, (max-width: 225px) 100vw, 225px\" \/><\/a> <a href=\"https:\/\/www.ugt.cat\/jubilats\/wp-content\/uploads\/2023\/01\/IMG-20230114-WA0057.jpg\"><img loading=\"lazy\" decoding=\"async\" class=\"alignnone size-medium wp-image-7163\" src=\"https:\/\/www.ugt.cat\/jubilats\/wp-content\/uploads\/2023\/01\/IMG-20230114-WA0057-225x300.jpg\" alt=\"\" width=\"225\" height=\"300\" srcset=\"https:\/\/www.ugt.cat\/jubilats\/wp-content\/uploads\/2023\/01\/IMG-20230114-WA0057-225x300.jpg 225w, https:\/\/www.ugt.cat\/jubilats\/wp-content\/uploads\/2023\/01\/IMG-20230114-WA0057-768x1024.jpg 768w, https:\/\/www.ugt.cat\/jubilats\/wp-content\/uploads\/2023\/01\/IMG-20230114-WA0057-1152x1536.jpg 1152w, https:\/\/www.ugt.cat\/jubilats\/wp-content\/uploads\/2023\/01\/IMG-20230114-WA0057.jpg 1512w\" sizes=\"auto, (max-width: 225px) 100vw, 225px\" \/><\/a> <a href=\"https:\/\/www.ugt.cat\/jubilats\/wp-content\/uploads\/2023\/01\/IMG-20230114-WA0060.jpg\"><img loading=\"lazy\" decoding=\"async\" class=\"alignnone size-medium wp-image-7164\" src=\"https:\/\/www.ugt.cat\/jubilats\/wp-content\/uploads\/2023\/01\/IMG-20230114-WA0060-225x300.jpg\" alt=\"\" width=\"225\" height=\"300\" srcset=\"https:\/\/www.ugt.cat\/jubilats\/wp-content\/uploads\/2023\/01\/IMG-20230114-WA0060-225x300.jpg 225w, https:\/\/www.ugt.cat\/jubilats\/wp-content\/uploads\/2023\/01\/IMG-20230114-WA0060-768x1024.jpg 768w, https:\/\/www.ugt.cat\/jubilats\/wp-content\/uploads\/2023\/01\/IMG-20230114-WA0060-1152x1536.jpg 1152w, https:\/\/www.ugt.cat\/jubilats\/wp-content\/uploads\/2023\/01\/IMG-20230114-WA0060.jpg 1512w\" sizes=\"auto, (max-width: 225px) 100vw, 225px\" \/><\/a> <a href=\"https:\/\/www.ugt.cat\/jubilats\/wp-content\/uploads\/2023\/01\/IMG-20230114-WA0053.jpg\"><img loading=\"lazy\" decoding=\"async\" class=\"alignnone size-medium wp-image-7165\" src=\"https:\/\/www.ugt.cat\/jubilats\/wp-content\/uploads\/2023\/01\/IMG-20230114-WA0053-225x300.jpg\" alt=\"\" width=\"225\" height=\"300\" srcset=\"https:\/\/www.ugt.cat\/jubilats\/wp-content\/uploads\/2023\/01\/IMG-20230114-WA0053-225x300.jpg 225w, https:\/\/www.ugt.cat\/jubilats\/wp-content\/uploads\/2023\/01\/IMG-20230114-WA0053-768x1024.jpg 768w, https:\/\/www.ugt.cat\/jubilats\/wp-content\/uploads\/2023\/01\/IMG-20230114-WA0053-1152x1536.jpg 1152w, https:\/\/www.ugt.cat\/jubilats\/wp-content\/uploads\/2023\/01\/IMG-20230114-WA0053.jpg 1512w\" sizes=\"auto, (max-width: 225px) 100vw, 225px\" \/><\/a><\/p>\n","protected":false},"excerpt":{"rendered":"<p>UJP-UGT de Catalunya hem participat dissabte dia 14 a Terrassa (Vall\u00e8s Occidental) a la manifestaci\u00f3 per la SANITAT P\u00daBLICA i de QUALITAT, convocada per diverses organitzacions sindicals i socials.<\/p>\n","protected":false},"author":6,"featured_media":7160,"comment_status":"closed","ping_status":"open","sticky":false,"template":"","format":"standard","meta":{"footnotes":""},"categories":[1],"tags":[],"class_list":["post-7159","post","type-post","status-publish","format-standard","has-post-thumbnail","hentry","category-general"],"_links":{"self":[{"href":"https:\/\/www.ugt.cat\/jubilats\/wp-json\/wp\/v2\/posts\/7159","targetHints":{"allow":["GET"]}}],"collection":[{"href":"https:\/\/www.ugt.cat\/jubilats\/wp-json\/wp\/v2\/posts"}],"about":[{"href":"https:\/\/www.ugt.cat\/jubilats\/wp-json\/wp\/v2\/types\/post"}],"author":[{"embeddable":true,"href":"https:\/\/www.ugt.cat\/jubilats\/wp-json\/wp\/v2\/users\/6"}],"replies":[{"embeddable":true,"href":"https:\/\/www.ugt.cat\/jubilats\/wp-json\/wp\/v2\/comments?post=7159"}],"version-history":[{"count":4,"href":"https:\/\/www.ugt.cat\/jubilats\/wp-json\/wp\/v2\/posts\/7159\/revisions"}],"predecessor-version":[{"id":7170,"href":"https:\/\/www.ugt.cat\/jubilats\/wp-json\/wp\/v2\/posts\/7159\/revisions\/7170"}],"wp:featuredmedia":[{"embeddable":true,"href":"https:\/\/www.ugt.cat\/jubilats\/wp-json\/wp\/v2\/media\/7160"}],"wp:attachment":[{"href":"https:\/\/www.ugt.cat\/jubilats\/wp-json\/wp\/v2\/media?parent=7159"}],"wp:term":[{"taxonomy":"category","embeddable":true,"href":"https:\/\/www.ugt.cat\/jubilats\/wp-json\/wp\/v2\/categories?post=7159"},{"taxonomy":"post_tag","embeddable":true,"href":"https:\/\/www.ugt.cat\/jubilats\/wp-json\/wp\/v2\/tags?post=7159"}],"curies":[{"name":"wp","href":"https:\/\/api.w.org\/{rel}","templated":true}]}}