{"id":7171,"date":"2023-01-15T23:04:32","date_gmt":"2023-01-15T23:04:32","guid":{"rendered":"https:\/\/www.ugt.cat\/jubilats\/?p=7171"},"modified":"2023-01-15T23:04:32","modified_gmt":"2023-01-15T23:04:32","slug":"jornades-edatisme-26-27-gener-seu-ugt-bcn","status":"publish","type":"post","link":"https:\/\/www.ugt.cat\/jubilats\/jornades-edatisme-26-27-gener-seu-ugt-bcn\/","title":{"rendered":"Jornades EDATISME 26\/27 gener seu UGT BCN"},"content":{"rendered":"<p>Les Jornades sobre EDATISME, &#8216;diverses cares de una mateixa discriminaci\u00f3&#8217;, s&#8217;efectuaran els dies 26 i 27 de gener a la seu d&#8217;UGT a Barcelona, podeu consultar programa i efectuar la inscripci\u00f3 per assistir-hi.<\/p>\n<p style=\"text-align: left;\"><a href=\"https:\/\/www.ugt.cat\/jubilats\/wp-content\/uploads\/2023\/01\/Cartell-edatisme.jpg\"><img loading=\"lazy\" decoding=\"async\" class=\"alignnone size-medium wp-image-7172\" src=\"https:\/\/www.ugt.cat\/jubilats\/wp-content\/uploads\/2023\/01\/Cartell-edatisme-300x225.jpg\" alt=\"\" width=\"300\" height=\"225\" srcset=\"https:\/\/www.ugt.cat\/jubilats\/wp-content\/uploads\/2023\/01\/Cartell-edatisme-300x225.jpg 300w, https:\/\/www.ugt.cat\/jubilats\/wp-content\/uploads\/2023\/01\/Cartell-edatisme-768x576.jpg 768w, https:\/\/www.ugt.cat\/jubilats\/wp-content\/uploads\/2023\/01\/Cartell-edatisme.jpg 892w\" sizes=\"auto, (max-width: 300px) 100vw, 300px\" \/><\/a><\/p>\n<p><a href=\"https:\/\/www.ugt.cat\/jubilats\/wp-content\/uploads\/2023\/01\/Screenshot_2023-01-15-18-59-17-246-edit_com.google.android.apps_.docs_.jpg\"><img loading=\"lazy\" decoding=\"async\" class=\"alignnone size-medium wp-image-7173\" src=\"https:\/\/www.ugt.cat\/jubilats\/wp-content\/uploads\/2023\/01\/Screenshot_2023-01-15-18-59-17-246-edit_com.google.android.apps_.docs_-300x220.jpg\" alt=\"\" width=\"300\" height=\"220\" srcset=\"https:\/\/www.ugt.cat\/jubilats\/wp-content\/uploads\/2023\/01\/Screenshot_2023-01-15-18-59-17-246-edit_com.google.android.apps_.docs_-300x220.jpg 300w, https:\/\/www.ugt.cat\/jubilats\/wp-content\/uploads\/2023\/01\/Screenshot_2023-01-15-18-59-17-246-edit_com.google.android.apps_.docs_-768x564.jpg 768w, https:\/\/www.ugt.cat\/jubilats\/wp-content\/uploads\/2023\/01\/Screenshot_2023-01-15-18-59-17-246-edit_com.google.android.apps_.docs_.jpg 996w\" sizes=\"auto, (max-width: 300px) 100vw, 300px\" \/><\/a><\/p>\n<p><strong>Per inscripcions assist\u00e8ncia Jornades Edatisme a trav\u00e9s del seg\u00fcent enlla\u00e7<\/strong>: <strong><a href=\"https:\/\/docs.google.com\/forms\/u\/1\/d\/e\/1FAIpQLSeJZ0-ds-1NXTihi37SZSfjk9-8CIDq9ACqVlztOzIQKoU_5w\/viewform?usp=form_confirm\">INSCRIPCI\u00d3 JORNADES EDATISME<\/a><\/strong><\/p>\n<p><strong>Para inscripciones asistencia Jornadas Edadismo a trav\u00e9s del siguiente enlace: <a href=\"https:\/\/docs.google.com\/forms\/u\/1\/d\/e\/1FAIpQLSeJZ0-ds-1NXTihi37SZSfjk9-8CIDq9ACqVlztOzIQKoU_5w\/viewform?usp=form_confirm\">INSCRIPCI\u00d3N JORNADAS EDADISMO<\/a><\/strong><\/p>\n","protected":false},"excerpt":{"rendered":"<p>Les Jornades sobre EDATISME, &#8216;diverses cares de una mateixa discriminaci\u00f3&#8217;, s&#8217;efectuaran els dies 26 i 27 de gener a la seu d&#8217;UGT a Barcelona, podeu consultar programa i efectuar la inscripci\u00f3 per assistir-hi. Per inscripcions assist\u00e8ncia Jornades Edatisme a trav\u00e9s <a class=\"more-link\" href=\"https:\/\/www.ugt.cat\/jubilats\/jornades-edatisme-26-27-gener-seu-ugt-bcn\/\">Continua llegint <span class=\"meta-nav\">&rarr;<\/span><\/a><\/p>\n","protected":false},"author":6,"featured_media":7172,"comment_status":"closed","ping_status":"open","sticky":false,"template":"","format":"standard","meta":{"footnotes":""},"categories":[1],"tags":[],"class_list":["post-7171","post","type-post","status-publish","format-standard","has-post-thumbnail","hentry","category-general"],"_links":{"self":[{"href":"https:\/\/www.ugt.cat\/jubilats\/wp-json\/wp\/v2\/posts\/7171","targetHints":{"allow":["GET"]}}],"collection":[{"href":"https:\/\/www.ugt.cat\/jubilats\/wp-json\/wp\/v2\/posts"}],"about":[{"href":"https:\/\/www.ugt.cat\/jubilats\/wp-json\/wp\/v2\/types\/post"}],"author":[{"embeddable":true,"href":"https:\/\/www.ugt.cat\/jubilats\/wp-json\/wp\/v2\/users\/6"}],"replies":[{"embeddable":true,"href":"https:\/\/www.ugt.cat\/jubilats\/wp-json\/wp\/v2\/comments?post=7171"}],"version-history":[{"count":5,"href":"https:\/\/www.ugt.cat\/jubilats\/wp-json\/wp\/v2\/posts\/7171\/revisions"}],"predecessor-version":[{"id":7178,"href":"https:\/\/www.ugt.cat\/jubilats\/wp-json\/wp\/v2\/posts\/7171\/revisions\/7178"}],"wp:featuredmedia":[{"embeddable":true,"href":"https:\/\/www.ugt.cat\/jubilats\/wp-json\/wp\/v2\/media\/7172"}],"wp:attachment":[{"href":"https:\/\/www.ugt.cat\/jubilats\/wp-json\/wp\/v2\/media?parent=7171"}],"wp:term":[{"taxonomy":"category","embeddable":true,"href":"https:\/\/www.ugt.cat\/jubilats\/wp-json\/wp\/v2\/categories?post=7171"},{"taxonomy":"post_tag","embeddable":true,"href":"https:\/\/www.ugt.cat\/jubilats\/wp-json\/wp\/v2\/tags?post=7171"}],"curies":[{"name":"wp","href":"https:\/\/api.w.org\/{rel}","templated":true}]}}