{"id":7247,"date":"2023-02-09T09:37:01","date_gmt":"2023-02-09T09:37:01","guid":{"rendered":"https:\/\/www.ugt.cat\/jubilats\/?p=7247"},"modified":"2023-02-09T10:03:24","modified_gmt":"2023-02-09T10:03:24","slug":"ujp-ugt-participa-en-lassemblea-de-delegats-dugt-lhospitalet-de-llobregat","status":"publish","type":"post","link":"https:\/\/www.ugt.cat\/jubilats\/ujp-ugt-participa-en-lassemblea-de-delegats-dugt-lhospitalet-de-llobregat\/","title":{"rendered":"UJP-UGT participa en l&#8217;assemblea de delegats d&#8217;UGT l&#8217;Hospitalet de Llobregat"},"content":{"rendered":"<p style=\"text-align: left;\">Dimecres 8 de febrer, en el centre cultural Bellvitge Gornal de l&#8217;Hospitalet de Llobregat, s&#8217;ha celebrat l&#8217;assemblea de delegats i delegades en la que despr\u00e9s de la intervenci\u00f3 del SG de UGT Catalunya i els responsables de la Delegaci\u00f3 de l&#8217;Hospitalet y de la RMB, el SG de UJP-UGT va saludar als assistents, animant-los a difondre a les seves secccions sindicals la possibilitat de continuar l&#8217;afiliaci\u00f3 despr\u00e9s de la jubilaci\u00f3. S&#8217;ha mostrat la solidaritat amb el representant d&#8217;UGT en Rosanbus represaliat per l&#8217;empresa.<\/p>\n\n\t\t<style>\n\t\t\t#gallery-1 {\n\t\t\t\tmargin: auto;\n\t\t\t}\n\t\t\t#gallery-1 .gallery-item {\n\t\t\t\tfloat: left;\n\t\t\t\tmargin-top: 10px;\n\t\t\t\ttext-align: center;\n\t\t\t\twidth: 33%;\n\t\t\t}\n\t\t\t#gallery-1 img {\n\t\t\t\tborder: 2px solid #cfcfcf;\n\t\t\t}\n\t\t\t#gallery-1 .gallery-caption {\n\t\t\t\tmargin-left: 0;\n\t\t\t}\n\t\t\t\/* see gallery_shortcode() in wp-includes\/media.php *\/\n\t\t<\/style>\n\t\t<div id='gallery-1' class='gallery galleryid-7247 gallery-columns-3 gallery-size-thumbnail'><dl class='gallery-item'>\n\t\t\t<dt class='gallery-icon portrait'>\n\t\t\t\t<a href='https:\/\/www.ugt.cat\/jubilats\/ujp-ugt-participa-en-lassemblea-de-delegats-dugt-lhospitalet-de-llobregat\/screenshot_2023-02-09-10-59-26-606-edit_com-whatsapp\/'><img loading=\"lazy\" decoding=\"async\" width=\"150\" height=\"150\" src=\"https:\/\/www.ugt.cat\/jubilats\/wp-content\/uploads\/2023\/02\/Screenshot_2023-02-09-10-59-26-606-edit_com.whatsapp-150x150.jpg\" class=\"attachment-thumbnail size-thumbnail\" alt=\"\" \/><\/a>\n\t\t\t<\/dt><\/dl><dl class='gallery-item'>\n\t\t\t<dt class='gallery-icon landscape'>\n\t\t\t\t<a href='https:\/\/www.ugt.cat\/jubilats\/ujp-ugt-participa-en-lassemblea-de-delegats-dugt-lhospitalet-de-llobregat\/img_20230208_115606\/'><img loading=\"lazy\" decoding=\"async\" width=\"150\" height=\"150\" src=\"https:\/\/www.ugt.cat\/jubilats\/wp-content\/uploads\/2023\/02\/IMG_20230208_115606-150x150.jpg\" class=\"attachment-thumbnail size-thumbnail\" alt=\"\" \/><\/a>\n\t\t\t<\/dt><\/dl><dl class='gallery-item'>\n\t\t\t<dt class='gallery-icon landscape'>\n\t\t\t\t<a href='https:\/\/www.ugt.cat\/jubilats\/ujp-ugt-participa-en-lassemblea-de-delegats-dugt-lhospitalet-de-llobregat\/img_20230208_114225\/'><img loading=\"lazy\" decoding=\"async\" width=\"150\" height=\"150\" src=\"https:\/\/www.ugt.cat\/jubilats\/wp-content\/uploads\/2023\/02\/IMG_20230208_114225-150x150.jpg\" class=\"attachment-thumbnail size-thumbnail\" alt=\"\" \/><\/a>\n\t\t\t<\/dt><\/dl><br style=\"clear: both\" \/><dl class='gallery-item'>\n\t\t\t<dt class='gallery-icon landscape'>\n\t\t\t\t<a href='https:\/\/www.ugt.cat\/jubilats\/ujp-ugt-participa-en-lassemblea-de-delegats-dugt-lhospitalet-de-llobregat\/img_20230208_1128542\/'><img loading=\"lazy\" decoding=\"async\" width=\"150\" height=\"150\" src=\"https:\/\/www.ugt.cat\/jubilats\/wp-content\/uploads\/2023\/02\/IMG_20230208_1128542-150x150.jpg\" class=\"attachment-thumbnail size-thumbnail\" alt=\"\" \/><\/a>\n\t\t\t<\/dt><\/dl><dl class='gallery-item'>\n\t\t\t<dt class='gallery-icon landscape'>\n\t\t\t\t<a href='https:\/\/www.ugt.cat\/jubilats\/ujp-ugt-participa-en-lassemblea-de-delegats-dugt-lhospitalet-de-llobregat\/img_20230208_122912\/'><img loading=\"lazy\" decoding=\"async\" width=\"150\" height=\"150\" src=\"https:\/\/www.ugt.cat\/jubilats\/wp-content\/uploads\/2023\/02\/IMG_20230208_122912-150x150.jpg\" class=\"attachment-thumbnail size-thumbnail\" alt=\"\" \/><\/a>\n\t\t\t<\/dt><\/dl><dl class='gallery-item'>\n\t\t\t<dt class='gallery-icon landscape'>\n\t\t\t\t<a href='https:\/\/www.ugt.cat\/jubilats\/ujp-ugt-participa-en-lassemblea-de-delegats-dugt-lhospitalet-de-llobregat\/img_20230208_122709\/'><img loading=\"lazy\" decoding=\"async\" width=\"150\" height=\"150\" src=\"https:\/\/www.ugt.cat\/jubilats\/wp-content\/uploads\/2023\/02\/IMG_20230208_122709-150x150.jpg\" class=\"attachment-thumbnail size-thumbnail\" alt=\"\" \/><\/a>\n\t\t\t<\/dt><\/dl><br style=\"clear: both\" \/><dl class='gallery-item'>\n\t\t\t<dt class='gallery-icon landscape'>\n\t\t\t\t<a href='https:\/\/www.ugt.cat\/jubilats\/ujp-ugt-participa-en-lassemblea-de-delegats-dugt-lhospitalet-de-llobregat\/img_20230208_123116\/'><img loading=\"lazy\" decoding=\"async\" width=\"150\" height=\"150\" src=\"https:\/\/www.ugt.cat\/jubilats\/wp-content\/uploads\/2023\/02\/IMG_20230208_123116-150x150.jpg\" class=\"attachment-thumbnail size-thumbnail\" alt=\"\" \/><\/a>\n\t\t\t<\/dt><\/dl><dl class='gallery-item'>\n\t\t\t<dt class='gallery-icon landscape'>\n\t\t\t\t<a href='https:\/\/www.ugt.cat\/jubilats\/ujp-ugt-participa-en-lassemblea-de-delegats-dugt-lhospitalet-de-llobregat\/img_20230208_112839\/'><img loading=\"lazy\" decoding=\"async\" width=\"150\" height=\"150\" src=\"https:\/\/www.ugt.cat\/jubilats\/wp-content\/uploads\/2023\/02\/IMG_20230208_112839-150x150.jpg\" class=\"attachment-thumbnail size-thumbnail\" alt=\"\" \/><\/a>\n\t\t\t<\/dt><\/dl><dl class='gallery-item'>\n\t\t\t<dt class='gallery-icon landscape'>\n\t\t\t\t<a href='https:\/\/www.ugt.cat\/jubilats\/ujp-ugt-participa-en-lassemblea-de-delegats-dugt-lhospitalet-de-llobregat\/screenshot_2023-02-09-10-53-31-744-edit_com-google-android-apps-photos2\/'><img loading=\"lazy\" decoding=\"async\" width=\"150\" height=\"125\" src=\"https:\/\/www.ugt.cat\/jubilats\/wp-content\/uploads\/2023\/02\/Screenshot_2023-02-09-10-53-31-744-edit_com.google.android.apps_.photos2-150x125.jpg\" class=\"attachment-thumbnail size-thumbnail\" alt=\"\" \/><\/a>\n\t\t\t<\/dt><\/dl><br style=\"clear: both\" \/>\n\t\t<\/div>\n\n<p style=\"text-align: left;\">\n","protected":false},"excerpt":{"rendered":"<p>Dimecres 8 de febrer, en el centre cultural Bellvitge Gornal de l&#8217;Hospitalet de Llobregat, s&#8217;ha celebrat l&#8217;assemblea de delegats i delegades en la que despr\u00e9s de la intervenci\u00f3 del SG de UGT Catalunya i els responsables de la Delegaci\u00f3 de <a class=\"more-link\" href=\"https:\/\/www.ugt.cat\/jubilats\/ujp-ugt-participa-en-lassemblea-de-delegats-dugt-lhospitalet-de-llobregat\/\">Continua llegint <span class=\"meta-nav\">&rarr;<\/span><\/a><\/p>\n","protected":false},"author":6,"featured_media":7268,"comment_status":"closed","ping_status":"open","sticky":false,"template":"","format":"standard","meta":{"footnotes":""},"categories":[1],"tags":[],"class_list":["post-7247","post","type-post","status-publish","format-standard","has-post-thumbnail","hentry","category-general"],"_links":{"self":[{"href":"https:\/\/www.ugt.cat\/jubilats\/wp-json\/wp\/v2\/posts\/7247","targetHints":{"allow":["GET"]}}],"collection":[{"href":"https:\/\/www.ugt.cat\/jubilats\/wp-json\/wp\/v2\/posts"}],"about":[{"href":"https:\/\/www.ugt.cat\/jubilats\/wp-json\/wp\/v2\/types\/post"}],"author":[{"embeddable":true,"href":"https:\/\/www.ugt.cat\/jubilats\/wp-json\/wp\/v2\/users\/6"}],"replies":[{"embeddable":true,"href":"https:\/\/www.ugt.cat\/jubilats\/wp-json\/wp\/v2\/comments?post=7247"}],"version-history":[{"count":12,"href":"https:\/\/www.ugt.cat\/jubilats\/wp-json\/wp\/v2\/posts\/7247\/revisions"}],"predecessor-version":[{"id":7271,"href":"https:\/\/www.ugt.cat\/jubilats\/wp-json\/wp\/v2\/posts\/7247\/revisions\/7271"}],"wp:featuredmedia":[{"embeddable":true,"href":"https:\/\/www.ugt.cat\/jubilats\/wp-json\/wp\/v2\/media\/7268"}],"wp:attachment":[{"href":"https:\/\/www.ugt.cat\/jubilats\/wp-json\/wp\/v2\/media?parent=7247"}],"wp:term":[{"taxonomy":"category","embeddable":true,"href":"https:\/\/www.ugt.cat\/jubilats\/wp-json\/wp\/v2\/categories?post=7247"},{"taxonomy":"post_tag","embeddable":true,"href":"https:\/\/www.ugt.cat\/jubilats\/wp-json\/wp\/v2\/tags?post=7247"}],"curies":[{"name":"wp","href":"https:\/\/api.w.org\/{rel}","templated":true}]}}