{"id":7272,"date":"2023-02-15T06:18:32","date_gmt":"2023-02-15T06:18:32","guid":{"rendered":"https:\/\/www.ugt.cat\/jubilats\/?p=7272"},"modified":"2023-02-15T09:17:29","modified_gmt":"2023-02-15T09:17:29","slug":"comenca-curs-noves-tecnologies-ujp-ugt-lhospitalet-de-llobregat","status":"publish","type":"post","link":"https:\/\/www.ugt.cat\/jubilats\/comenca-curs-noves-tecnologies-ujp-ugt-lhospitalet-de-llobregat\/","title":{"rendered":"Comen\u00e7a curs noves tecnologies UJP-UGT l&#8217;Hospitalet de Llobregat"},"content":{"rendered":"<p>Ha comen\u00e7at a la seu d&#8217;UGT a<span style=\"font-weight: 300;\"> l&#8217;Hospitalet de Llobregat el curs de Noves Tecnologies que es desenvolupar\u00e0 durant tota la setmana impartint coenixements pr\u00e0ctics que ajudin a superar la barrera digital per la gent gran.<\/span><\/p>\n<p><a href=\"https:\/\/www.ugt.cat\/jubilats\/wp-content\/uploads\/2023\/02\/IMG_20230214_093417-scaled.jpg\"><img loading=\"lazy\" decoding=\"async\" class=\"alignnone size-medium wp-image-7275\" src=\"https:\/\/www.ugt.cat\/jubilats\/wp-content\/uploads\/2023\/02\/IMG_20230214_093417-300x134.jpg\" alt=\"\" width=\"300\" height=\"134\" srcset=\"https:\/\/www.ugt.cat\/jubilats\/wp-content\/uploads\/2023\/02\/IMG_20230214_093417-300x134.jpg 300w, https:\/\/www.ugt.cat\/jubilats\/wp-content\/uploads\/2023\/02\/IMG_20230214_093417-1024x459.jpg 1024w, https:\/\/www.ugt.cat\/jubilats\/wp-content\/uploads\/2023\/02\/IMG_20230214_093417-768x344.jpg 768w, https:\/\/www.ugt.cat\/jubilats\/wp-content\/uploads\/2023\/02\/IMG_20230214_093417-1536x688.jpg 1536w, https:\/\/www.ugt.cat\/jubilats\/wp-content\/uploads\/2023\/02\/IMG_20230214_093417-2048x918.jpg 2048w\" sizes=\"auto, (max-width: 300px) 100vw, 300px\" \/><\/a><\/p>\n<p><a href=\"https:\/\/www.ugt.cat\/jubilats\/wp-content\/uploads\/2023\/02\/IMG_20230214_093452-scaled.jpg\"><img loading=\"lazy\" decoding=\"async\" class=\"alignnone size-medium wp-image-7276\" src=\"https:\/\/www.ugt.cat\/jubilats\/wp-content\/uploads\/2023\/02\/IMG_20230214_093452-300x134.jpg\" alt=\"\" width=\"300\" height=\"134\" srcset=\"https:\/\/www.ugt.cat\/jubilats\/wp-content\/uploads\/2023\/02\/IMG_20230214_093452-300x134.jpg 300w, https:\/\/www.ugt.cat\/jubilats\/wp-content\/uploads\/2023\/02\/IMG_20230214_093452-1024x459.jpg 1024w, https:\/\/www.ugt.cat\/jubilats\/wp-content\/uploads\/2023\/02\/IMG_20230214_093452-768x344.jpg 768w, https:\/\/www.ugt.cat\/jubilats\/wp-content\/uploads\/2023\/02\/IMG_20230214_093452-1536x688.jpg 1536w, https:\/\/www.ugt.cat\/jubilats\/wp-content\/uploads\/2023\/02\/IMG_20230214_093452-2048x918.jpg 2048w\" sizes=\"auto, (max-width: 300px) 100vw, 300px\" \/><\/a><\/p>\n<p>&nbsp;<\/p>\n","protected":false},"excerpt":{"rendered":"<p>Ha comen\u00e7at a la seu d&#8217;UGT a l&#8217;Hospitalet de Llobregat el curs de Noves Tecnologies que es desenvolupar\u00e0 durant tota la setmana impartint coenixements pr\u00e0ctics que ajudin a superar la barrera digital per la gent gran. &nbsp;<\/p>\n","protected":false},"author":6,"featured_media":7273,"comment_status":"closed","ping_status":"open","sticky":false,"template":"","format":"standard","meta":{"footnotes":""},"categories":[1],"tags":[],"class_list":["post-7272","post","type-post","status-publish","format-standard","has-post-thumbnail","hentry","category-general"],"_links":{"self":[{"href":"https:\/\/www.ugt.cat\/jubilats\/wp-json\/wp\/v2\/posts\/7272","targetHints":{"allow":["GET"]}}],"collection":[{"href":"https:\/\/www.ugt.cat\/jubilats\/wp-json\/wp\/v2\/posts"}],"about":[{"href":"https:\/\/www.ugt.cat\/jubilats\/wp-json\/wp\/v2\/types\/post"}],"author":[{"embeddable":true,"href":"https:\/\/www.ugt.cat\/jubilats\/wp-json\/wp\/v2\/users\/6"}],"replies":[{"embeddable":true,"href":"https:\/\/www.ugt.cat\/jubilats\/wp-json\/wp\/v2\/comments?post=7272"}],"version-history":[{"count":5,"href":"https:\/\/www.ugt.cat\/jubilats\/wp-json\/wp\/v2\/posts\/7272\/revisions"}],"predecessor-version":[{"id":7284,"href":"https:\/\/www.ugt.cat\/jubilats\/wp-json\/wp\/v2\/posts\/7272\/revisions\/7284"}],"wp:featuredmedia":[{"embeddable":true,"href":"https:\/\/www.ugt.cat\/jubilats\/wp-json\/wp\/v2\/media\/7273"}],"wp:attachment":[{"href":"https:\/\/www.ugt.cat\/jubilats\/wp-json\/wp\/v2\/media?parent=7272"}],"wp:term":[{"taxonomy":"category","embeddable":true,"href":"https:\/\/www.ugt.cat\/jubilats\/wp-json\/wp\/v2\/categories?post=7272"},{"taxonomy":"post_tag","embeddable":true,"href":"https:\/\/www.ugt.cat\/jubilats\/wp-json\/wp\/v2\/tags?post=7272"}],"curies":[{"name":"wp","href":"https:\/\/api.w.org\/{rel}","templated":true}]}}