{"id":7286,"date":"2023-02-24T10:53:07","date_gmt":"2023-02-24T10:53:07","guid":{"rendered":"https:\/\/www.ugt.cat\/jubilats\/?p=7286"},"modified":"2023-02-24T11:05:56","modified_gmt":"2023-02-24T11:05:56","slug":"entrega-diplomas-curso-nuevas-tecnologias-lhospitalet-de-llobregat","status":"publish","type":"post","link":"https:\/\/www.ugt.cat\/jubilats\/entrega-diplomas-curso-nuevas-tecnologias-lhospitalet-de-llobregat\/","title":{"rendered":"Entrega diplomas curso nuevas tecnolog\u00edas UJP-UGT l&#8217;Hospitalet de Llobregat"},"content":{"rendered":"<p>En la sede de UGT en l&#8217;Hospitalet de Llobregat el jueves d\u00eda 23, tras\u00a0 concluir el curso de Nuevas tecnolog\u00edas, han hecho entrega de los diplomas a los asistentes el secretario de organizaci\u00f3n de la UJP-UGT de Catalunya Florenci Cepero junto al delegado comarcal Jos\u00e9 Gonz\u00e1lez Ben\u00edtez. Con estas acciones formativas ayudamos a superar la barrera digital que a los mayores dificulta el acceso a servicios y derechos que queremos est\u00e9n tambi\u00e9n a su alcance.<\/p>\n\n\t\t<style>\n\t\t\t#gallery-1 {\n\t\t\t\tmargin: auto;\n\t\t\t}\n\t\t\t#gallery-1 .gallery-item {\n\t\t\t\tfloat: left;\n\t\t\t\tmargin-top: 10px;\n\t\t\t\ttext-align: center;\n\t\t\t\twidth: 33%;\n\t\t\t}\n\t\t\t#gallery-1 img {\n\t\t\t\tborder: 2px solid #cfcfcf;\n\t\t\t}\n\t\t\t#gallery-1 .gallery-caption {\n\t\t\t\tmargin-left: 0;\n\t\t\t}\n\t\t\t\/* see gallery_shortcode() in wp-includes\/media.php *\/\n\t\t<\/style>\n\t\t<div id='gallery-1' class='gallery galleryid-7286 gallery-columns-3 gallery-size-thumbnail'><dl class='gallery-item'>\n\t\t\t<dt class='gallery-icon portrait'>\n\t\t\t\t<a href='https:\/\/www.ugt.cat\/jubilats\/ujp-ugt-participa-en-lassemblea-de-delegats-dugt-lhospitalet-de-llobregat\/img_20230208_1303452\/'><img loading=\"lazy\" decoding=\"async\" width=\"150\" height=\"150\" src=\"https:\/\/www.ugt.cat\/jubilats\/wp-content\/uploads\/2023\/02\/IMG_20230208_1303452-e1675935664948-150x150.jpg\" class=\"attachment-thumbnail size-thumbnail\" alt=\"\" \/><\/a>\n\t\t\t<\/dt><\/dl><dl class='gallery-item'>\n\t\t\t<dt class='gallery-icon landscape'>\n\t\t\t\t<a href='https:\/\/www.ugt.cat\/jubilats\/entrega-diplomas-curso-nuevas-tecnologias-lhospitalet-de-llobregat\/img-20230223-wa0038\/'><img loading=\"lazy\" decoding=\"async\" width=\"150\" height=\"150\" src=\"https:\/\/www.ugt.cat\/jubilats\/wp-content\/uploads\/2023\/02\/IMG-20230223-WA0038-150x150.jpg\" class=\"attachment-thumbnail size-thumbnail\" alt=\"\" \/><\/a>\n\t\t\t<\/dt><\/dl><dl class='gallery-item'>\n\t\t\t<dt class='gallery-icon landscape'>\n\t\t\t\t<a href='https:\/\/www.ugt.cat\/jubilats\/entrega-diplomas-curso-nuevas-tecnologias-lhospitalet-de-llobregat\/img-20230223-wa0041\/'><img loading=\"lazy\" decoding=\"async\" width=\"150\" height=\"150\" src=\"https:\/\/www.ugt.cat\/jubilats\/wp-content\/uploads\/2023\/02\/IMG-20230223-WA0041-150x150.jpg\" class=\"attachment-thumbnail size-thumbnail\" alt=\"\" \/><\/a>\n\t\t\t<\/dt><\/dl><br style=\"clear: both\" \/><dl class='gallery-item'>\n\t\t\t<dt class='gallery-icon landscape'>\n\t\t\t\t<a href='https:\/\/www.ugt.cat\/jubilats\/entrega-diplomas-curso-nuevas-tecnologias-lhospitalet-de-llobregat\/img-20230223-wa0034\/'><img loading=\"lazy\" decoding=\"async\" width=\"150\" height=\"150\" src=\"https:\/\/www.ugt.cat\/jubilats\/wp-content\/uploads\/2023\/02\/IMG-20230223-WA0034-150x150.jpg\" class=\"attachment-thumbnail size-thumbnail\" alt=\"\" \/><\/a>\n\t\t\t<\/dt><\/dl><dl class='gallery-item'>\n\t\t\t<dt class='gallery-icon portrait'>\n\t\t\t\t<a href='https:\/\/www.ugt.cat\/jubilats\/comenca-curs-noves-tecnologies-ujp-ugt-lhospitalet-de-llobregat\/img_20230214_093907\/'><img loading=\"lazy\" decoding=\"async\" width=\"150\" height=\"150\" src=\"https:\/\/www.ugt.cat\/jubilats\/wp-content\/uploads\/2023\/02\/IMG_20230214_093907-150x150.jpg\" class=\"attachment-thumbnail size-thumbnail\" alt=\"\" \/><\/a>\n\t\t\t<\/dt><\/dl>\n\t\t\t<br style='clear: both' \/>\n\t\t<\/div>\n\n","protected":false},"excerpt":{"rendered":"<p>En la sede de UGT en l&#8217;Hospitalet de Llobregat el jueves d\u00eda 23, tras\u00a0 concluir el curso de Nuevas tecnolog\u00edas, han hecho entrega de los diplomas a los asistentes el secretario de organizaci\u00f3n de la UJP-UGT de Catalunya Florenci Cepero <a class=\"more-link\" href=\"https:\/\/www.ugt.cat\/jubilats\/entrega-diplomas-curso-nuevas-tecnologias-lhospitalet-de-llobregat\/\">Continua llegint <span class=\"meta-nav\">&rarr;<\/span><\/a><\/p>\n","protected":false},"author":6,"featured_media":7287,"comment_status":"closed","ping_status":"open","sticky":false,"template":"","format":"standard","meta":{"footnotes":""},"categories":[1],"tags":[],"class_list":["post-7286","post","type-post","status-publish","format-standard","has-post-thumbnail","hentry","category-general"],"_links":{"self":[{"href":"https:\/\/www.ugt.cat\/jubilats\/wp-json\/wp\/v2\/posts\/7286","targetHints":{"allow":["GET"]}}],"collection":[{"href":"https:\/\/www.ugt.cat\/jubilats\/wp-json\/wp\/v2\/posts"}],"about":[{"href":"https:\/\/www.ugt.cat\/jubilats\/wp-json\/wp\/v2\/types\/post"}],"author":[{"embeddable":true,"href":"https:\/\/www.ugt.cat\/jubilats\/wp-json\/wp\/v2\/users\/6"}],"replies":[{"embeddable":true,"href":"https:\/\/www.ugt.cat\/jubilats\/wp-json\/wp\/v2\/comments?post=7286"}],"version-history":[{"count":3,"href":"https:\/\/www.ugt.cat\/jubilats\/wp-json\/wp\/v2\/posts\/7286\/revisions"}],"predecessor-version":[{"id":7294,"href":"https:\/\/www.ugt.cat\/jubilats\/wp-json\/wp\/v2\/posts\/7286\/revisions\/7294"}],"wp:featuredmedia":[{"embeddable":true,"href":"https:\/\/www.ugt.cat\/jubilats\/wp-json\/wp\/v2\/media\/7287"}],"wp:attachment":[{"href":"https:\/\/www.ugt.cat\/jubilats\/wp-json\/wp\/v2\/media?parent=7286"}],"wp:term":[{"taxonomy":"category","embeddable":true,"href":"https:\/\/www.ugt.cat\/jubilats\/wp-json\/wp\/v2\/categories?post=7286"},{"taxonomy":"post_tag","embeddable":true,"href":"https:\/\/www.ugt.cat\/jubilats\/wp-json\/wp\/v2\/tags?post=7286"}],"curies":[{"name":"wp","href":"https:\/\/api.w.org\/{rel}","templated":true}]}}