{"id":7312,"date":"2023-02-28T09:19:25","date_gmt":"2023-02-28T09:19:25","guid":{"rendered":"https:\/\/www.ugt.cat\/jubilats\/?p=7312"},"modified":"2023-02-28T10:34:58","modified_gmt":"2023-02-28T10:34:58","slug":"ujp-ugt-parlem-de-pensions-a-radio-sant-boi","status":"publish","type":"post","link":"https:\/\/www.ugt.cat\/jubilats\/ujp-ugt-parlem-de-pensions-a-radio-sant-boi\/","title":{"rendered":"UJP-UGT parlem de pensions a r\u00e0dio Sant Boi"},"content":{"rendered":"<p style=\"text-align: left;\">El secretari comarcal d&#8217;UJP-UGT al Baix LLobregat, Pedro Tom\u00e1s Fern\u00e1ndez Buendia, va participar dilluns dia 27 a les 16 h en el programa per la gent gran em\u00e8s a radio SANT BOI, tractant el tema de les pensions, els acords vigents i els de futur en marxa.<\/p>\n<p>Podeu escoltar el programa pel seg\u00fcent enlla\u00e7: <a href=\"https:\/\/www.radiosantboi.cat\/programs\/laveudelagentgran\/radiosantboi_podcast_23826?ref=wa\">https:\/\/www.radiosantboi.cat\/programs\/laveudelagentgran\/radiosantboi_podcast_23826?ref=wa<\/a><\/p>\n<p><span style=\"color: #333333; font-style: normal; font-weight: 300;\">\u00a0<\/span><a style=\"font-style: normal; font-weight: 300;\" href=\"https:\/\/www.ugt.cat\/jubilats\/wp-content\/uploads\/2023\/02\/IMG-20230227-WA0032.jpg\"><img loading=\"lazy\" decoding=\"async\" class=\"alignnone size-medium wp-image-7314\" src=\"https:\/\/www.ugt.cat\/jubilats\/wp-content\/uploads\/2023\/02\/IMG-20230227-WA0032-300x169.jpg\" alt=\"\" width=\"300\" height=\"169\" srcset=\"https:\/\/www.ugt.cat\/jubilats\/wp-content\/uploads\/2023\/02\/IMG-20230227-WA0032-300x169.jpg 300w, https:\/\/www.ugt.cat\/jubilats\/wp-content\/uploads\/2023\/02\/IMG-20230227-WA0032-1024x576.jpg 1024w, https:\/\/www.ugt.cat\/jubilats\/wp-content\/uploads\/2023\/02\/IMG-20230227-WA0032-768x432.jpg 768w, https:\/\/www.ugt.cat\/jubilats\/wp-content\/uploads\/2023\/02\/IMG-20230227-WA0032-1536x864.jpg 1536w, https:\/\/www.ugt.cat\/jubilats\/wp-content\/uploads\/2023\/02\/IMG-20230227-WA0032.jpg 1600w\" sizes=\"auto, (max-width: 300px) 100vw, 300px\" \/><\/a><span style=\"color: #333333; font-style: normal; font-weight: 300;\">\u00a0<\/span><a style=\"font-style: normal; font-weight: 300; text-decoration-line: underline;\" href=\"https:\/\/www.ugt.cat\/jubilats\/wp-content\/uploads\/2023\/02\/IMG-20230227-WA0033.jpg\"><img loading=\"lazy\" decoding=\"async\" class=\"alignnone size-medium wp-image-7315\" style=\"border-color: #bbbbbb; background: #eeeeee;\" src=\"https:\/\/www.ugt.cat\/jubilats\/wp-content\/uploads\/2023\/02\/IMG-20230227-WA0033-300x169.jpg\" alt=\"\" width=\"300\" height=\"169\" srcset=\"https:\/\/www.ugt.cat\/jubilats\/wp-content\/uploads\/2023\/02\/IMG-20230227-WA0033-300x169.jpg 300w, https:\/\/www.ugt.cat\/jubilats\/wp-content\/uploads\/2023\/02\/IMG-20230227-WA0033-1024x576.jpg 1024w, https:\/\/www.ugt.cat\/jubilats\/wp-content\/uploads\/2023\/02\/IMG-20230227-WA0033-768x432.jpg 768w, https:\/\/www.ugt.cat\/jubilats\/wp-content\/uploads\/2023\/02\/IMG-20230227-WA0033-1536x864.jpg 1536w, https:\/\/www.ugt.cat\/jubilats\/wp-content\/uploads\/2023\/02\/IMG-20230227-WA0033.jpg 1600w\" sizes=\"auto, (max-width: 300px) 100vw, 300px\" \/><\/a><\/p>\n","protected":false},"excerpt":{"rendered":"<p>El secretari comarcal d&#8217;UJP-UGT al Baix LLobregat, Pedro Tom\u00e1s Fern\u00e1ndez Buendia, va participar dilluns dia 27 a les 16 h en el programa per la gent gran em\u00e8s a radio SANT BOI, tractant el tema de les pensions, els acords <a class=\"more-link\" href=\"https:\/\/www.ugt.cat\/jubilats\/ujp-ugt-parlem-de-pensions-a-radio-sant-boi\/\">Continua llegint <span class=\"meta-nav\">&rarr;<\/span><\/a><\/p>\n","protected":false},"author":6,"featured_media":7318,"comment_status":"closed","ping_status":"open","sticky":false,"template":"","format":"standard","meta":{"footnotes":""},"categories":[1],"tags":[],"class_list":["post-7312","post","type-post","status-publish","format-standard","has-post-thumbnail","hentry","category-general"],"_links":{"self":[{"href":"https:\/\/www.ugt.cat\/jubilats\/wp-json\/wp\/v2\/posts\/7312","targetHints":{"allow":["GET"]}}],"collection":[{"href":"https:\/\/www.ugt.cat\/jubilats\/wp-json\/wp\/v2\/posts"}],"about":[{"href":"https:\/\/www.ugt.cat\/jubilats\/wp-json\/wp\/v2\/types\/post"}],"author":[{"embeddable":true,"href":"https:\/\/www.ugt.cat\/jubilats\/wp-json\/wp\/v2\/users\/6"}],"replies":[{"embeddable":true,"href":"https:\/\/www.ugt.cat\/jubilats\/wp-json\/wp\/v2\/comments?post=7312"}],"version-history":[{"count":7,"href":"https:\/\/www.ugt.cat\/jubilats\/wp-json\/wp\/v2\/posts\/7312\/revisions"}],"predecessor-version":[{"id":7324,"href":"https:\/\/www.ugt.cat\/jubilats\/wp-json\/wp\/v2\/posts\/7312\/revisions\/7324"}],"wp:featuredmedia":[{"embeddable":true,"href":"https:\/\/www.ugt.cat\/jubilats\/wp-json\/wp\/v2\/media\/7318"}],"wp:attachment":[{"href":"https:\/\/www.ugt.cat\/jubilats\/wp-json\/wp\/v2\/media?parent=7312"}],"wp:term":[{"taxonomy":"category","embeddable":true,"href":"https:\/\/www.ugt.cat\/jubilats\/wp-json\/wp\/v2\/categories?post=7312"},{"taxonomy":"post_tag","embeddable":true,"href":"https:\/\/www.ugt.cat\/jubilats\/wp-json\/wp\/v2\/tags?post=7312"}],"curies":[{"name":"wp","href":"https:\/\/api.w.org\/{rel}","templated":true}]}}