{"id":8019,"date":"2023-07-07T08:16:07","date_gmt":"2023-07-07T08:16:07","guid":{"rendered":"https:\/\/www.ugt.cat\/jubilats\/?p=8019"},"modified":"2023-07-07T08:54:03","modified_gmt":"2023-07-07T08:54:03","slug":"assemblea-ujp-ugt-a-barcelona","status":"publish","type":"post","link":"https:\/\/www.ugt.cat\/jubilats\/assemblea-ujp-ugt-a-barcelona\/","title":{"rendered":"Assemblea UJP-UGT a Barcelona"},"content":{"rendered":"<p style=\"text-align: left;\">Dijous dia 6 s&#8217;ha celebrat a la seu d&#8217;UGT a Barcelona l&#8217;assemblea de jubilades i pensionistes amb la participaci\u00f3 del secretaris generals d&#8217;UGT, UJP i RMB de Catalunya, Camil Ros, Manuel Becerra i Omar Minguill\u00f3n, la secretaria nacional i la presidenta del CN de la gent gran del PSC, Dolors Hern\u00e1ndez i Isabel L\u00f3pez, la portaveu socialista del Senat Eva Granados i assistens despla\u00e7ats de diferents comarques, cloncoent l&#8217;acte el\u00a0 secretari de pol\u00edtica social <span style=\"font-weight: 300;\">d&#8217;UJP-UGT Dimas Mazo.<\/span><\/p>\n<p><strong>Les raons d&#8217;UJP-UGT per defensar les pensiones davant les amenaces d&#8217;un govern del PP (cliqueu sobre la seg\u00fcent image):<\/strong><\/p>\n<p><a href=\"https:\/\/www.ugt.cat\/jubilats\/wp-content\/uploads\/2023\/07\/Screenshot_2023-07-07-10-00-58-391_com.whatsapp-edit-1.jpg\"><img loading=\"lazy\" decoding=\"async\" class=\"alignnone size-medium wp-image-8062\" src=\"https:\/\/www.ugt.cat\/jubilats\/wp-content\/uploads\/2023\/07\/Screenshot_2023-07-07-10-00-58-391_com.whatsapp-edit-1-238x300.jpg\" alt=\"\" width=\"238\" height=\"300\" srcset=\"https:\/\/www.ugt.cat\/jubilats\/wp-content\/uploads\/2023\/07\/Screenshot_2023-07-07-10-00-58-391_com.whatsapp-edit-1-238x300.jpg 238w, https:\/\/www.ugt.cat\/jubilats\/wp-content\/uploads\/2023\/07\/Screenshot_2023-07-07-10-00-58-391_com.whatsapp-edit-1-812x1024.jpg 812w, https:\/\/www.ugt.cat\/jubilats\/wp-content\/uploads\/2023\/07\/Screenshot_2023-07-07-10-00-58-391_com.whatsapp-edit-1-768x969.jpg 768w, https:\/\/www.ugt.cat\/jubilats\/wp-content\/uploads\/2023\/07\/Screenshot_2023-07-07-10-00-58-391_com.whatsapp-edit-1.jpg 1080w\" sizes=\"auto, (max-width: 238px) 100vw, 238px\" \/><\/a><\/p>\n\n\t\t<style>\n\t\t\t#gallery-1 {\n\t\t\t\tmargin: auto;\n\t\t\t}\n\t\t\t#gallery-1 .gallery-item {\n\t\t\t\tfloat: left;\n\t\t\t\tmargin-top: 10px;\n\t\t\t\ttext-align: center;\n\t\t\t\twidth: 33%;\n\t\t\t}\n\t\t\t#gallery-1 img {\n\t\t\t\tborder: 2px solid #cfcfcf;\n\t\t\t}\n\t\t\t#gallery-1 .gallery-caption {\n\t\t\t\tmargin-left: 0;\n\t\t\t}\n\t\t\t\/* see gallery_shortcode() in wp-includes\/media.php *\/\n\t\t<\/style>\n\t\t<div id='gallery-1' class='gallery galleryid-8019 gallery-columns-3 gallery-size-thumbnail'><dl class='gallery-item'>\n\t\t\t<dt class='gallery-icon portrait'>\n\t\t\t\t<a href='https:\/\/www.ugt.cat\/jubilats\/assemblea-ujp-ugt-a-barcelona\/img_20230706_112214\/'><img loading=\"lazy\" decoding=\"async\" width=\"150\" height=\"150\" src=\"https:\/\/www.ugt.cat\/jubilats\/wp-content\/uploads\/2023\/07\/IMG_20230706_112214-150x150.jpg\" class=\"attachment-thumbnail size-thumbnail\" alt=\"\" \/><\/a>\n\t\t\t<\/dt><\/dl><dl class='gallery-item'>\n\t\t\t<dt class='gallery-icon portrait'>\n\t\t\t\t<a href='https:\/\/www.ugt.cat\/jubilats\/assemblea-ujp-ugt-a-barcelona\/img_20230706_105540\/'><img loading=\"lazy\" decoding=\"async\" width=\"150\" height=\"150\" src=\"https:\/\/www.ugt.cat\/jubilats\/wp-content\/uploads\/2023\/07\/IMG_20230706_105540-150x150.jpg\" class=\"attachment-thumbnail size-thumbnail\" alt=\"\" \/><\/a>\n\t\t\t<\/dt><\/dl><dl class='gallery-item'>\n\t\t\t<dt class='gallery-icon portrait'>\n\t\t\t\t<a href='https:\/\/www.ugt.cat\/jubilats\/assemblea-ujp-ugt-a-barcelona\/img_20230706_115742\/'><img loading=\"lazy\" decoding=\"async\" width=\"150\" height=\"150\" src=\"https:\/\/www.ugt.cat\/jubilats\/wp-content\/uploads\/2023\/07\/IMG_20230706_115742-150x150.jpg\" class=\"attachment-thumbnail size-thumbnail\" alt=\"\" \/><\/a>\n\t\t\t<\/dt><\/dl><br style=\"clear: both\" \/><dl class='gallery-item'>\n\t\t\t<dt class='gallery-icon portrait'>\n\t\t\t\t<a href='https:\/\/www.ugt.cat\/jubilats\/assemblea-ujp-ugt-a-barcelona\/img_20230706_121839\/'><img loading=\"lazy\" decoding=\"async\" width=\"150\" height=\"150\" src=\"https:\/\/www.ugt.cat\/jubilats\/wp-content\/uploads\/2023\/07\/IMG_20230706_121839-150x150.jpg\" class=\"attachment-thumbnail size-thumbnail\" alt=\"\" \/><\/a>\n\t\t\t<\/dt><\/dl><dl class='gallery-item'>\n\t\t\t<dt class='gallery-icon portrait'>\n\t\t\t\t<a href='https:\/\/www.ugt.cat\/jubilats\/assemblea-ujp-ugt-a-barcelona\/img_20230706_112316-2\/'><img loading=\"lazy\" decoding=\"async\" width=\"150\" height=\"150\" src=\"https:\/\/www.ugt.cat\/jubilats\/wp-content\/uploads\/2023\/07\/IMG_20230706_112316-1-150x150.jpg\" class=\"attachment-thumbnail size-thumbnail\" alt=\"\" \/><\/a>\n\t\t\t<\/dt><\/dl><dl class='gallery-item'>\n\t\t\t<dt class='gallery-icon portrait'>\n\t\t\t\t<a href='https:\/\/www.ugt.cat\/jubilats\/assemblea-ujp-ugt-a-barcelona\/img_20230706_114401-2\/'><img loading=\"lazy\" decoding=\"async\" width=\"150\" height=\"150\" src=\"https:\/\/www.ugt.cat\/jubilats\/wp-content\/uploads\/2023\/07\/IMG_20230706_114401-1-150x150.jpg\" class=\"attachment-thumbnail size-thumbnail\" alt=\"\" \/><\/a>\n\t\t\t<\/dt><\/dl><br style=\"clear: both\" \/><dl class='gallery-item'>\n\t\t\t<dt class='gallery-icon portrait'>\n\t\t\t\t<a href='https:\/\/www.ugt.cat\/jubilats\/assemblea-ujp-ugt-a-barcelona\/img_20230706_114501-2\/'><img loading=\"lazy\" decoding=\"async\" width=\"150\" height=\"150\" src=\"https:\/\/www.ugt.cat\/jubilats\/wp-content\/uploads\/2023\/07\/IMG_20230706_114501-1-150x150.jpg\" class=\"attachment-thumbnail size-thumbnail\" alt=\"\" \/><\/a>\n\t\t\t<\/dt><\/dl><dl class='gallery-item'>\n\t\t\t<dt class='gallery-icon landscape'>\n\t\t\t\t<a href='https:\/\/www.ugt.cat\/jubilats\/assemblea-ujp-ugt-a-barcelona\/img_20230706_120330\/'><img loading=\"lazy\" decoding=\"async\" width=\"150\" height=\"150\" src=\"https:\/\/www.ugt.cat\/jubilats\/wp-content\/uploads\/2023\/07\/IMG_20230706_120330-150x150.jpg\" class=\"attachment-thumbnail size-thumbnail\" alt=\"\" \/><\/a>\n\t\t\t<\/dt><\/dl><dl class='gallery-item'>\n\t\t\t<dt class='gallery-icon portrait'>\n\t\t\t\t<a href='https:\/\/www.ugt.cat\/jubilats\/assemblea-ujp-ugt-a-barcelona\/img_20230706_121632\/'><img loading=\"lazy\" decoding=\"async\" width=\"150\" height=\"150\" src=\"https:\/\/www.ugt.cat\/jubilats\/wp-content\/uploads\/2023\/07\/IMG_20230706_121632-150x150.jpg\" class=\"attachment-thumbnail size-thumbnail\" alt=\"\" \/><\/a>\n\t\t\t<\/dt><\/dl><br style=\"clear: both\" \/><dl class='gallery-item'>\n\t\t\t<dt class='gallery-icon portrait'>\n\t\t\t\t<a href='https:\/\/www.ugt.cat\/jubilats\/assemblea-ujp-ugt-a-barcelona\/img_20230706_121142\/'><img loading=\"lazy\" decoding=\"async\" width=\"150\" height=\"150\" src=\"https:\/\/www.ugt.cat\/jubilats\/wp-content\/uploads\/2023\/07\/IMG_20230706_121142-150x150.jpg\" class=\"attachment-thumbnail size-thumbnail\" alt=\"\" \/><\/a>\n\t\t\t<\/dt><\/dl><dl class='gallery-item'>\n\t\t\t<dt class='gallery-icon portrait'>\n\t\t\t\t<a href='https:\/\/www.ugt.cat\/jubilats\/assemblea-ujp-ugt-a-barcelona\/img_20230706_120410\/'><img loading=\"lazy\" decoding=\"async\" width=\"150\" height=\"150\" src=\"https:\/\/www.ugt.cat\/jubilats\/wp-content\/uploads\/2023\/07\/IMG_20230706_120410-150x150.jpg\" class=\"attachment-thumbnail size-thumbnail\" alt=\"\" \/><\/a>\n\t\t\t<\/dt><\/dl><dl class='gallery-item'>\n\t\t\t<dt class='gallery-icon landscape'>\n\t\t\t\t<a href='https:\/\/www.ugt.cat\/jubilats\/assemblea-ujp-ugt-a-barcelona\/img_20230706_121002\/'><img loading=\"lazy\" decoding=\"async\" width=\"150\" height=\"150\" src=\"https:\/\/www.ugt.cat\/jubilats\/wp-content\/uploads\/2023\/07\/IMG_20230706_121002-150x150.jpg\" class=\"attachment-thumbnail size-thumbnail\" alt=\"\" \/><\/a>\n\t\t\t<\/dt><\/dl><br style=\"clear: both\" \/><dl class='gallery-item'>\n\t\t\t<dt class='gallery-icon landscape'>\n\t\t\t\t<a href='https:\/\/www.ugt.cat\/jubilats\/assemblea-ujp-ugt-a-barcelona\/img_20230706_104929\/'><img loading=\"lazy\" decoding=\"async\" width=\"150\" height=\"150\" src=\"https:\/\/www.ugt.cat\/jubilats\/wp-content\/uploads\/2023\/07\/IMG_20230706_104929-150x150.jpg\" class=\"attachment-thumbnail size-thumbnail\" alt=\"\" \/><\/a>\n\t\t\t<\/dt><\/dl><dl class='gallery-item'>\n\t\t\t<dt class='gallery-icon landscape'>\n\t\t\t\t<a href='https:\/\/www.ugt.cat\/jubilats\/assemblea-ujp-ugt-a-barcelona\/img_20230706_104858\/'><img loading=\"lazy\" decoding=\"async\" width=\"150\" height=\"150\" src=\"https:\/\/www.ugt.cat\/jubilats\/wp-content\/uploads\/2023\/07\/IMG_20230706_104858-150x150.jpg\" class=\"attachment-thumbnail size-thumbnail\" alt=\"\" \/><\/a>\n\t\t\t<\/dt><\/dl><dl class='gallery-item'>\n\t\t\t<dt class='gallery-icon landscape'>\n\t\t\t\t<a href='https:\/\/www.ugt.cat\/jubilats\/assemblea-ujp-ugt-a-barcelona\/img_20230706_104805\/'><img loading=\"lazy\" decoding=\"async\" width=\"150\" height=\"150\" src=\"https:\/\/www.ugt.cat\/jubilats\/wp-content\/uploads\/2023\/07\/IMG_20230706_104805-150x150.jpg\" class=\"attachment-thumbnail size-thumbnail\" alt=\"\" \/><\/a>\n\t\t\t<\/dt><\/dl><br style=\"clear: both\" \/><dl class='gallery-item'>\n\t\t\t<dt class='gallery-icon landscape'>\n\t\t\t\t<a href='https:\/\/www.ugt.cat\/jubilats\/assemblea-ujp-ugt-a-barcelona\/img_20230706_105325\/'><img loading=\"lazy\" decoding=\"async\" width=\"150\" height=\"150\" src=\"https:\/\/www.ugt.cat\/jubilats\/wp-content\/uploads\/2023\/07\/IMG_20230706_105325-150x150.jpg\" class=\"attachment-thumbnail size-thumbnail\" alt=\"\" srcset=\"https:\/\/www.ugt.cat\/jubilats\/wp-content\/uploads\/2023\/07\/IMG_20230706_105325-150x150.jpg 150w, https:\/\/www.ugt.cat\/jubilats\/wp-content\/uploads\/2023\/07\/IMG_20230706_105325-300x300.jpg 300w, https:\/\/www.ugt.cat\/jubilats\/wp-content\/uploads\/2023\/07\/IMG_20230706_105325-1024x1024.jpg 1024w, https:\/\/www.ugt.cat\/jubilats\/wp-content\/uploads\/2023\/07\/IMG_20230706_105325-768x768.jpg 768w, https:\/\/www.ugt.cat\/jubilats\/wp-content\/uploads\/2023\/07\/IMG_20230706_105325-1536x1536.jpg 1536w, https:\/\/www.ugt.cat\/jubilats\/wp-content\/uploads\/2023\/07\/IMG_20230706_105325-2048x2048.jpg 2048w\" sizes=\"auto, (max-width: 150px) 100vw, 150px\" \/><\/a>\n\t\t\t<\/dt><\/dl><dl class='gallery-item'>\n\t\t\t<dt class='gallery-icon landscape'>\n\t\t\t\t<a href='https:\/\/www.ugt.cat\/jubilats\/assemblea-ujp-ugt-a-barcelona\/img_20230706_1047402\/'><img loading=\"lazy\" decoding=\"async\" width=\"150\" height=\"150\" src=\"https:\/\/www.ugt.cat\/jubilats\/wp-content\/uploads\/2023\/07\/IMG_20230706_1047402-150x150.jpg\" class=\"attachment-thumbnail size-thumbnail\" alt=\"\" \/><\/a>\n\t\t\t<\/dt><\/dl><dl class='gallery-item'>\n\t\t\t<dt class='gallery-icon portrait'>\n\t\t\t\t<a href='https:\/\/www.ugt.cat\/jubilats\/assemblea-6-de-juliol-ujp-ugt\/img-20230627-wa0051\/'><img loading=\"lazy\" decoding=\"async\" width=\"150\" height=\"150\" src=\"https:\/\/www.ugt.cat\/jubilats\/wp-content\/uploads\/2023\/06\/IMG-20230627-WA0051-150x150.jpg\" class=\"attachment-thumbnail size-thumbnail\" alt=\"\" \/><\/a>\n\t\t\t<\/dt><\/dl><br style=\"clear: both\" \/>\n\t\t<\/div>\n\n<p>&nbsp;<\/p>\n<p>&nbsp;<\/p>\n<p>&nbsp;<\/p>\n","protected":false},"excerpt":{"rendered":"<p>Dijous dia 6 s&#8217;ha celebrat a la seu d&#8217;UGT a Barcelona l&#8217;assemblea de jubilades i pensionistes amb la participaci\u00f3 del secretaris generals d&#8217;UGT, UJP i RMB de Catalunya, Camil Ros, Manuel Becerra i Omar Minguill\u00f3n, la secretaria nacional i la <a class=\"more-link\" href=\"https:\/\/www.ugt.cat\/jubilats\/assemblea-ujp-ugt-a-barcelona\/\">Continua llegint <span class=\"meta-nav\">&rarr;<\/span><\/a><\/p>\n","protected":false},"author":6,"featured_media":8029,"comment_status":"closed","ping_status":"open","sticky":false,"template":"","format":"standard","meta":{"footnotes":""},"categories":[1],"tags":[],"class_list":["post-8019","post","type-post","status-publish","format-standard","has-post-thumbnail","hentry","category-general"],"_links":{"self":[{"href":"https:\/\/www.ugt.cat\/jubilats\/wp-json\/wp\/v2\/posts\/8019","targetHints":{"allow":["GET"]}}],"collection":[{"href":"https:\/\/www.ugt.cat\/jubilats\/wp-json\/wp\/v2\/posts"}],"about":[{"href":"https:\/\/www.ugt.cat\/jubilats\/wp-json\/wp\/v2\/types\/post"}],"author":[{"embeddable":true,"href":"https:\/\/www.ugt.cat\/jubilats\/wp-json\/wp\/v2\/users\/6"}],"replies":[{"embeddable":true,"href":"https:\/\/www.ugt.cat\/jubilats\/wp-json\/wp\/v2\/comments?post=8019"}],"version-history":[{"count":22,"href":"https:\/\/www.ugt.cat\/jubilats\/wp-json\/wp\/v2\/posts\/8019\/revisions"}],"predecessor-version":[{"id":8067,"href":"https:\/\/www.ugt.cat\/jubilats\/wp-json\/wp\/v2\/posts\/8019\/revisions\/8067"}],"wp:featuredmedia":[{"embeddable":true,"href":"https:\/\/www.ugt.cat\/jubilats\/wp-json\/wp\/v2\/media\/8029"}],"wp:attachment":[{"href":"https:\/\/www.ugt.cat\/jubilats\/wp-json\/wp\/v2\/media?parent=8019"}],"wp:term":[{"taxonomy":"category","embeddable":true,"href":"https:\/\/www.ugt.cat\/jubilats\/wp-json\/wp\/v2\/categories?post=8019"},{"taxonomy":"post_tag","embeddable":true,"href":"https:\/\/www.ugt.cat\/jubilats\/wp-json\/wp\/v2\/tags?post=8019"}],"curies":[{"name":"wp","href":"https:\/\/api.w.org\/{rel}","templated":true}]}}