{"id":8069,"date":"2023-07-15T07:40:40","date_gmt":"2023-07-15T07:40:40","guid":{"rendered":"https:\/\/www.ugt.cat\/jubilats\/?p=8069"},"modified":"2023-07-17T08:26:00","modified_gmt":"2023-07-17T08:26:00","slug":"ujp-participa-en-assemblea-ugt-catalunya-en-bcn","status":"publish","type":"post","link":"https:\/\/www.ugt.cat\/jubilats\/ujp-participa-en-assemblea-ugt-catalunya-en-bcn\/","title":{"rendered":"UJP participa a l&#8217;Assemblea UGT Catalunya en BCN"},"content":{"rendered":"<p>El SG de UJP-UGT Catalunya, Manuel Becerra, ha intervingut a l&#8217;assemblea d&#8217;UGT Catalunya celebrada a les cotxeres de Sants a Barcelona, exposant els motius dels jubilats i jubilades per defensar les pensiones i drets socials participant en les eleccions del pr\u00f2xim dia 23, continuant avan\u00e7ant i frenant l&#8217;acc\u00e9s al govern del PP.<\/p>\n<p><em>Intervenci\u00f3 \u00edntegra en audio del SG UJP-UGT de Catalunya, Manuel Becerra, clicant sobre la imatge<\/em>:<\/p>\n<p><a href=\"https:\/\/drive.google.com\/file\/d\/1HX9AzrIkfTCmtdtAaJBSOe2F-_YLsV_n\/view?usp=drive_link\"><img loading=\"lazy\" decoding=\"async\" class=\"alignnone size-medium wp-image-8092\" src=\"https:\/\/www.ugt.cat\/jubilats\/wp-content\/uploads\/2023\/07\/IMG-20230714-WA0071-300x138.jpg\" alt=\"\" width=\"300\" height=\"138\" srcset=\"https:\/\/www.ugt.cat\/jubilats\/wp-content\/uploads\/2023\/07\/IMG-20230714-WA0071-300x138.jpg 300w, https:\/\/www.ugt.cat\/jubilats\/wp-content\/uploads\/2023\/07\/IMG-20230714-WA0071-1024x473.jpg 1024w, https:\/\/www.ugt.cat\/jubilats\/wp-content\/uploads\/2023\/07\/IMG-20230714-WA0071-768x354.jpg 768w, https:\/\/www.ugt.cat\/jubilats\/wp-content\/uploads\/2023\/07\/IMG-20230714-WA0071-1536x709.jpg 1536w, https:\/\/www.ugt.cat\/jubilats\/wp-content\/uploads\/2023\/07\/IMG-20230714-WA0071.jpg 2048w\" sizes=\"auto, (max-width: 300px) 100vw, 300px\" \/><\/a><\/p>\n<p><em>Per a m\u00e9s informaci\u00f3<\/em> sobre l&#8217;assemblea a on van intervenir el secretaris generals d&#8217;UGT Catalunya, Camil Ros i confederal, Pepe \u00c1lvarez, entre d&#8217;altres, <em>cliqueu sobre la imatge:<\/em><\/p>\n<p><a href=\"https:\/\/www.youtube.com\/playlist?list=PLVKloiucOZroQ4TfLGY8Rd0Dg5ld9b0Eq\"><img loading=\"lazy\" decoding=\"async\" class=\"alignnone size-medium wp-image-8087\" src=\"https:\/\/www.ugt.cat\/jubilats\/wp-content\/uploads\/2023\/07\/IMG-20230714-WA0040-300x150.jpg\" alt=\"\" width=\"300\" height=\"150\" srcset=\"https:\/\/www.ugt.cat\/jubilats\/wp-content\/uploads\/2023\/07\/IMG-20230714-WA0040-300x150.jpg 300w, https:\/\/www.ugt.cat\/jubilats\/wp-content\/uploads\/2023\/07\/IMG-20230714-WA0040-1024x512.jpg 1024w, https:\/\/www.ugt.cat\/jubilats\/wp-content\/uploads\/2023\/07\/IMG-20230714-WA0040-768x384.jpg 768w, https:\/\/www.ugt.cat\/jubilats\/wp-content\/uploads\/2023\/07\/IMG-20230714-WA0040-1536x767.jpg 1536w, https:\/\/www.ugt.cat\/jubilats\/wp-content\/uploads\/2023\/07\/IMG-20230714-WA0040-644x320.jpg 644w, https:\/\/www.ugt.cat\/jubilats\/wp-content\/uploads\/2023\/07\/IMG-20230714-WA0040.jpg 2048w\" sizes=\"auto, (max-width: 300px) 100vw, 300px\" \/><\/a><\/p>\n<p><em>UJP-UGT hem compartit amb els assistents les raons que difonen en la campanya en defensa de les pensions, advertint del riscos d&#8217;un govern del PP:<\/em><\/p>\n<p><a href=\"https:\/\/www.ugt.cat\/jubilats\/wp-content\/uploads\/2023\/07\/Screenshot_2023-07-07-10-00-58-391_com.whatsapp-edit.jpg\"><img loading=\"lazy\" decoding=\"async\" class=\"alignnone size-medium wp-image-8061\" src=\"https:\/\/www.ugt.cat\/jubilats\/wp-content\/uploads\/2023\/07\/Screenshot_2023-07-07-10-00-58-391_com.whatsapp-edit-238x300.jpg\" alt=\"\" width=\"238\" height=\"300\" srcset=\"https:\/\/www.ugt.cat\/jubilats\/wp-content\/uploads\/2023\/07\/Screenshot_2023-07-07-10-00-58-391_com.whatsapp-edit-238x300.jpg 238w, https:\/\/www.ugt.cat\/jubilats\/wp-content\/uploads\/2023\/07\/Screenshot_2023-07-07-10-00-58-391_com.whatsapp-edit-812x1024.jpg 812w, https:\/\/www.ugt.cat\/jubilats\/wp-content\/uploads\/2023\/07\/Screenshot_2023-07-07-10-00-58-391_com.whatsapp-edit-768x969.jpg 768w, https:\/\/www.ugt.cat\/jubilats\/wp-content\/uploads\/2023\/07\/Screenshot_2023-07-07-10-00-58-391_com.whatsapp-edit.jpg 1080w\" sizes=\"auto, (max-width: 238px) 100vw, 238px\" \/><\/a><\/p>\n\n\t\t<style>\n\t\t\t#gallery-1 {\n\t\t\t\tmargin: auto;\n\t\t\t}\n\t\t\t#gallery-1 .gallery-item {\n\t\t\t\tfloat: left;\n\t\t\t\tmargin-top: 10px;\n\t\t\t\ttext-align: center;\n\t\t\t\twidth: 33%;\n\t\t\t}\n\t\t\t#gallery-1 img {\n\t\t\t\tborder: 2px solid #cfcfcf;\n\t\t\t}\n\t\t\t#gallery-1 .gallery-caption {\n\t\t\t\tmargin-left: 0;\n\t\t\t}\n\t\t\t\/* see gallery_shortcode() in wp-includes\/media.php *\/\n\t\t<\/style>\n\t\t<div id='gallery-1' class='gallery galleryid-8069 gallery-columns-3 gallery-size-thumbnail'><dl class='gallery-item'>\n\t\t\t<dt class='gallery-icon landscape'>\n\t\t\t\t<a href='https:\/\/www.ugt.cat\/jubilats\/img-20230714-wa0062-2\/'><img loading=\"lazy\" decoding=\"async\" width=\"150\" height=\"150\" src=\"https:\/\/www.ugt.cat\/jubilats\/wp-content\/uploads\/2023\/07\/IMG-20230714-WA0062-1-150x150.jpg\" class=\"attachment-thumbnail size-thumbnail\" alt=\"\" \/><\/a>\n\t\t\t<\/dt><\/dl><dl class='gallery-item'>\n\t\t\t<dt class='gallery-icon portrait'>\n\t\t\t\t<a href='https:\/\/www.ugt.cat\/jubilats\/ujp-participa-en-assemblea-ugt-catalunya-en-bcn\/img-20230629-wa0025\/'><img loading=\"lazy\" decoding=\"async\" width=\"150\" height=\"150\" src=\"https:\/\/www.ugt.cat\/jubilats\/wp-content\/uploads\/2023\/07\/IMG-20230629-WA0025-150x150.jpg\" class=\"attachment-thumbnail size-thumbnail\" alt=\"\" \/><\/a>\n\t\t\t<\/dt><\/dl><dl class='gallery-item'>\n\t\t\t<dt class='gallery-icon landscape'>\n\t\t\t\t<a href='https:\/\/www.ugt.cat\/jubilats\/img_20230714_092111-2\/'><img loading=\"lazy\" decoding=\"async\" width=\"150\" height=\"150\" src=\"https:\/\/www.ugt.cat\/jubilats\/wp-content\/uploads\/2023\/07\/IMG_20230714_092111-1-150x150.jpg\" class=\"attachment-thumbnail size-thumbnail\" alt=\"\" \/><\/a>\n\t\t\t<\/dt><\/dl><br style=\"clear: both\" \/><dl class='gallery-item'>\n\t\t\t<dt class='gallery-icon portrait'>\n\t\t\t\t<a href='https:\/\/www.ugt.cat\/jubilats\/ujp-participa-en-assemblea-ugt-catalunya-en-bcn\/img-20230714-wa0069\/'><img loading=\"lazy\" decoding=\"async\" width=\"150\" height=\"150\" src=\"https:\/\/www.ugt.cat\/jubilats\/wp-content\/uploads\/2023\/07\/IMG-20230714-WA0069-150x150.jpg\" class=\"attachment-thumbnail size-thumbnail\" alt=\"\" \/><\/a>\n\t\t\t<\/dt><\/dl><dl class='gallery-item'>\n\t\t\t<dt class='gallery-icon portrait'>\n\t\t\t\t<a href='https:\/\/www.ugt.cat\/jubilats\/ujp-participa-en-assemblea-ugt-catalunya-en-bcn\/img-20230714-wa0022\/'><img loading=\"lazy\" decoding=\"async\" width=\"150\" height=\"150\" src=\"https:\/\/www.ugt.cat\/jubilats\/wp-content\/uploads\/2023\/07\/IMG-20230714-WA0022-150x150.jpg\" class=\"attachment-thumbnail size-thumbnail\" alt=\"\" \/><\/a>\n\t\t\t<\/dt><\/dl><dl class='gallery-item'>\n\t\t\t<dt class='gallery-icon portrait'>\n\t\t\t\t<a href='https:\/\/www.ugt.cat\/jubilats\/img-20230714-wa0013-2\/'><img loading=\"lazy\" decoding=\"async\" width=\"150\" height=\"150\" src=\"https:\/\/www.ugt.cat\/jubilats\/wp-content\/uploads\/2023\/07\/IMG-20230714-WA0013-1-150x150.jpg\" class=\"attachment-thumbnail size-thumbnail\" alt=\"\" \/><\/a>\n\t\t\t<\/dt><\/dl><br style=\"clear: both\" \/><dl class='gallery-item'>\n\t\t\t<dt class='gallery-icon landscape'>\n\t\t\t\t<a href='https:\/\/www.ugt.cat\/jubilats\/img-20230714-wa0060-2\/'><img loading=\"lazy\" decoding=\"async\" width=\"150\" height=\"150\" src=\"https:\/\/www.ugt.cat\/jubilats\/wp-content\/uploads\/2023\/07\/IMG-20230714-WA0060-1-150x150.jpg\" class=\"attachment-thumbnail size-thumbnail\" alt=\"\" \/><\/a>\n\t\t\t<\/dt><\/dl><dl class='gallery-item'>\n\t\t\t<dt class='gallery-icon landscape'>\n\t\t\t\t<a href='https:\/\/www.ugt.cat\/jubilats\/img-20230714-wa0074\/'><img loading=\"lazy\" decoding=\"async\" width=\"150\" height=\"150\" src=\"https:\/\/www.ugt.cat\/jubilats\/wp-content\/uploads\/2023\/07\/IMG-20230714-WA0074-150x150.jpg\" class=\"attachment-thumbnail size-thumbnail\" alt=\"\" \/><\/a>\n\t\t\t<\/dt><\/dl><dl class='gallery-item'>\n\t\t\t<dt class='gallery-icon landscape'>\n\t\t\t\t<a href='https:\/\/www.ugt.cat\/jubilats\/img-20230714-wa0017\/'><img loading=\"lazy\" decoding=\"async\" width=\"150\" height=\"150\" src=\"https:\/\/www.ugt.cat\/jubilats\/wp-content\/uploads\/2023\/07\/IMG-20230714-WA0017-150x150.jpg\" class=\"attachment-thumbnail size-thumbnail\" alt=\"\" \/><\/a>\n\t\t\t<\/dt><\/dl><br style=\"clear: both\" \/><dl class='gallery-item'>\n\t\t\t<dt class='gallery-icon landscape'>\n\t\t\t\t<a href='https:\/\/www.ugt.cat\/jubilats\/ujp-participa-en-assemblea-ugt-catalunya-en-bcn\/img-20230714-wa0060\/'><img loading=\"lazy\" decoding=\"async\" width=\"150\" height=\"150\" src=\"https:\/\/www.ugt.cat\/jubilats\/wp-content\/uploads\/2023\/07\/IMG-20230714-WA0060-150x150.jpg\" class=\"attachment-thumbnail size-thumbnail\" alt=\"\" \/><\/a>\n\t\t\t<\/dt><\/dl><dl class='gallery-item'>\n\t\t\t<dt class='gallery-icon landscape'>\n\t\t\t\t<a href='https:\/\/www.ugt.cat\/jubilats\/img-20230714-wa0032-2\/'><img loading=\"lazy\" decoding=\"async\" width=\"150\" height=\"150\" src=\"https:\/\/www.ugt.cat\/jubilats\/wp-content\/uploads\/2023\/07\/IMG-20230714-WA0032-1-150x150.jpg\" class=\"attachment-thumbnail size-thumbnail\" alt=\"\" \/><\/a>\n\t\t\t<\/dt><\/dl><dl class='gallery-item'>\n\t\t\t<dt class='gallery-icon landscape'>\n\t\t\t\t<a href='https:\/\/www.ugt.cat\/jubilats\/ujp-participa-en-assemblea-ugt-catalunya-en-bcn\/img-20230714-wa0071\/'><img loading=\"lazy\" decoding=\"async\" width=\"150\" height=\"150\" src=\"https:\/\/www.ugt.cat\/jubilats\/wp-content\/uploads\/2023\/07\/IMG-20230714-WA0071-150x150.jpg\" class=\"attachment-thumbnail size-thumbnail\" alt=\"\" \/><\/a>\n\t\t\t<\/dt><\/dl><br style=\"clear: both\" \/><dl class='gallery-item'>\n\t\t\t<dt class='gallery-icon portrait'>\n\t\t\t\t<a href='https:\/\/www.ugt.cat\/jubilats\/ujp-participa-en-assemblea-ugt-catalunya-en-bcn\/img-20230714-wa0026\/'><img loading=\"lazy\" decoding=\"async\" width=\"150\" height=\"150\" src=\"https:\/\/www.ugt.cat\/jubilats\/wp-content\/uploads\/2023\/07\/IMG-20230714-WA0026-150x150.jpg\" class=\"attachment-thumbnail size-thumbnail\" alt=\"\" \/><\/a>\n\t\t\t<\/dt><\/dl><dl class='gallery-item'>\n\t\t\t<dt class='gallery-icon landscape'>\n\t\t\t\t<a href='https:\/\/www.ugt.cat\/jubilats\/ujp-participa-en-assemblea-ugt-catalunya-en-bcn\/img-20230714-wa0070\/'><img loading=\"lazy\" decoding=\"async\" width=\"150\" height=\"150\" src=\"https:\/\/www.ugt.cat\/jubilats\/wp-content\/uploads\/2023\/07\/IMG-20230714-WA0070-150x150.jpg\" class=\"attachment-thumbnail size-thumbnail\" alt=\"\" \/><\/a>\n\t\t\t<\/dt><\/dl><dl class='gallery-item'>\n\t\t\t<dt class='gallery-icon portrait'>\n\t\t\t\t<a href='https:\/\/www.ugt.cat\/jubilats\/ujp-participa-en-assemblea-ugt-catalunya-en-bcn\/img-20230714-wa0033\/'><img loading=\"lazy\" decoding=\"async\" width=\"150\" height=\"150\" src=\"https:\/\/www.ugt.cat\/jubilats\/wp-content\/uploads\/2023\/07\/IMG-20230714-WA0033-150x150.jpg\" class=\"attachment-thumbnail size-thumbnail\" alt=\"\" \/><\/a>\n\t\t\t<\/dt><\/dl><br style=\"clear: both\" \/><dl class='gallery-item'>\n\t\t\t<dt class='gallery-icon landscape'>\n\t\t\t\t<a href='https:\/\/www.ugt.cat\/jubilats\/ujp-participa-en-assemblea-ugt-catalunya-en-bcn\/img-20230714-wa0014\/'><img loading=\"lazy\" decoding=\"async\" width=\"150\" height=\"150\" src=\"https:\/\/www.ugt.cat\/jubilats\/wp-content\/uploads\/2023\/07\/IMG-20230714-WA0014-150x150.jpg\" class=\"attachment-thumbnail size-thumbnail\" alt=\"\" \/><\/a>\n\t\t\t<\/dt><\/dl><dl class='gallery-item'>\n\t\t\t<dt class='gallery-icon landscape'>\n\t\t\t\t<a href='https:\/\/www.ugt.cat\/jubilats\/ujp-participa-en-assemblea-ugt-catalunya-en-bcn\/img-20230714-wa0039\/'><img loading=\"lazy\" decoding=\"async\" width=\"150\" height=\"150\" src=\"https:\/\/www.ugt.cat\/jubilats\/wp-content\/uploads\/2023\/07\/IMG-20230714-WA0039-150x150.jpg\" class=\"attachment-thumbnail size-thumbnail\" alt=\"\" \/><\/a>\n\t\t\t<\/dt><\/dl><dl class='gallery-item'>\n\t\t\t<dt class='gallery-icon portrait'>\n\t\t\t\t<a href='https:\/\/www.ugt.cat\/jubilats\/ujp-participa-en-assemblea-ugt-catalunya-en-bcn\/img-20230714-wa0030\/'><img loading=\"lazy\" decoding=\"async\" width=\"150\" height=\"150\" src=\"https:\/\/www.ugt.cat\/jubilats\/wp-content\/uploads\/2023\/07\/IMG-20230714-WA0030-150x150.jpg\" class=\"attachment-thumbnail size-thumbnail\" alt=\"\" \/><\/a>\n\t\t\t<\/dt><\/dl><br style=\"clear: both\" \/><dl class='gallery-item'>\n\t\t\t<dt class='gallery-icon portrait'>\n\t\t\t\t<a href='https:\/\/www.ugt.cat\/jubilats\/ujp-participa-en-assemblea-ugt-catalunya-en-bcn\/img-20230714-wa0031\/'><img loading=\"lazy\" decoding=\"async\" width=\"150\" height=\"150\" src=\"https:\/\/www.ugt.cat\/jubilats\/wp-content\/uploads\/2023\/07\/IMG-20230714-WA0031-150x150.jpg\" class=\"attachment-thumbnail size-thumbnail\" alt=\"\" \/><\/a>\n\t\t\t<\/dt><\/dl><dl class='gallery-item'>\n\t\t\t<dt class='gallery-icon landscape'>\n\t\t\t\t<a href='https:\/\/www.ugt.cat\/jubilats\/ujp-participa-en-assemblea-ugt-catalunya-en-bcn\/img-20230714-wa0029\/'><img loading=\"lazy\" decoding=\"async\" width=\"150\" height=\"150\" src=\"https:\/\/www.ugt.cat\/jubilats\/wp-content\/uploads\/2023\/07\/IMG-20230714-WA0029-150x150.jpg\" class=\"attachment-thumbnail size-thumbnail\" alt=\"\" \/><\/a>\n\t\t\t<\/dt><\/dl><dl class='gallery-item'>\n\t\t\t<dt class='gallery-icon portrait'>\n\t\t\t\t<a href='https:\/\/www.ugt.cat\/jubilats\/img-20230714-wa0038-2\/'><img loading=\"lazy\" decoding=\"async\" width=\"150\" height=\"150\" src=\"https:\/\/www.ugt.cat\/jubilats\/wp-content\/uploads\/2023\/07\/IMG-20230714-WA0038-1-150x150.jpg\" class=\"attachment-thumbnail size-thumbnail\" alt=\"\" \/><\/a>\n\t\t\t<\/dt><\/dl><br style=\"clear: both\" \/><dl class='gallery-item'>\n\t\t\t<dt class='gallery-icon landscape'>\n\t\t\t\t<a href='https:\/\/www.ugt.cat\/jubilats\/ujp-participa-en-assemblea-ugt-catalunya-en-bcn\/img-20230714-wa0032\/'><img loading=\"lazy\" decoding=\"async\" width=\"150\" height=\"150\" src=\"https:\/\/www.ugt.cat\/jubilats\/wp-content\/uploads\/2023\/07\/IMG-20230714-WA0032-150x150.jpg\" class=\"attachment-thumbnail size-thumbnail\" alt=\"\" \/><\/a>\n\t\t\t<\/dt><\/dl><dl class='gallery-item'>\n\t\t\t<dt class='gallery-icon portrait'>\n\t\t\t\t<a href='https:\/\/www.ugt.cat\/jubilats\/ujp-participa-en-assemblea-ugt-catalunya-en-bcn\/img-20230714-wa0024\/'><img loading=\"lazy\" decoding=\"async\" width=\"150\" height=\"150\" src=\"https:\/\/www.ugt.cat\/jubilats\/wp-content\/uploads\/2023\/07\/IMG-20230714-WA0024-150x150.jpg\" class=\"attachment-thumbnail size-thumbnail\" alt=\"\" \/><\/a>\n\t\t\t<\/dt><\/dl><dl class='gallery-item'>\n\t\t\t<dt class='gallery-icon landscape'>\n\t\t\t\t<a href='https:\/\/www.ugt.cat\/jubilats\/ujp-participa-en-assemblea-ugt-catalunya-en-bcn\/img-20230714-wa0019\/'><img loading=\"lazy\" decoding=\"async\" width=\"150\" height=\"150\" src=\"https:\/\/www.ugt.cat\/jubilats\/wp-content\/uploads\/2023\/07\/IMG-20230714-WA0019-150x150.jpg\" class=\"attachment-thumbnail size-thumbnail\" alt=\"\" \/><\/a>\n\t\t\t<\/dt><\/dl><br style=\"clear: both\" \/><dl class='gallery-item'>\n\t\t\t<dt class='gallery-icon landscape'>\n\t\t\t\t<a href='https:\/\/www.ugt.cat\/jubilats\/ujp-participa-en-assemblea-ugt-catalunya-en-bcn\/img-20230714-wa0020\/'><img loading=\"lazy\" decoding=\"async\" width=\"150\" height=\"150\" src=\"https:\/\/www.ugt.cat\/jubilats\/wp-content\/uploads\/2023\/07\/IMG-20230714-WA0020-150x150.jpg\" class=\"attachment-thumbnail size-thumbnail\" alt=\"\" \/><\/a>\n\t\t\t<\/dt><\/dl><dl class='gallery-item'>\n\t\t\t<dt class='gallery-icon portrait'>\n\t\t\t\t<a href='https:\/\/www.ugt.cat\/jubilats\/ujp-participa-en-assemblea-ugt-catalunya-en-bcn\/img-20230714-wa0038\/'><img loading=\"lazy\" decoding=\"async\" width=\"150\" height=\"150\" src=\"https:\/\/www.ugt.cat\/jubilats\/wp-content\/uploads\/2023\/07\/IMG-20230714-WA0038-150x150.jpg\" class=\"attachment-thumbnail size-thumbnail\" alt=\"\" \/><\/a>\n\t\t\t<\/dt><\/dl>\n\t\t\t<br style='clear: both' \/>\n\t\t<\/div>\n\n","protected":false},"excerpt":{"rendered":"<p>El SG de UJP-UGT Catalunya, Manuel Becerra, ha intervingut a l&#8217;assemblea d&#8217;UGT Catalunya celebrada a les cotxeres de Sants a Barcelona, exposant els motius dels jubilats i jubilades per defensar les pensiones i drets socials participant en les eleccions del <a class=\"more-link\" href=\"https:\/\/www.ugt.cat\/jubilats\/ujp-participa-en-assemblea-ugt-catalunya-en-bcn\/\">Continua llegint <span class=\"meta-nav\">&rarr;<\/span><\/a><\/p>\n","protected":false},"author":6,"featured_media":8072,"comment_status":"closed","ping_status":"open","sticky":false,"template":"","format":"standard","meta":{"footnotes":""},"categories":[1],"tags":[],"class_list":["post-8069","post","type-post","status-publish","format-standard","has-post-thumbnail","hentry","category-general"],"_links":{"self":[{"href":"https:\/\/www.ugt.cat\/jubilats\/wp-json\/wp\/v2\/posts\/8069","targetHints":{"allow":["GET"]}}],"collection":[{"href":"https:\/\/www.ugt.cat\/jubilats\/wp-json\/wp\/v2\/posts"}],"about":[{"href":"https:\/\/www.ugt.cat\/jubilats\/wp-json\/wp\/v2\/types\/post"}],"author":[{"embeddable":true,"href":"https:\/\/www.ugt.cat\/jubilats\/wp-json\/wp\/v2\/users\/6"}],"replies":[{"embeddable":true,"href":"https:\/\/www.ugt.cat\/jubilats\/wp-json\/wp\/v2\/comments?post=8069"}],"version-history":[{"count":7,"href":"https:\/\/www.ugt.cat\/jubilats\/wp-json\/wp\/v2\/posts\/8069\/revisions"}],"predecessor-version":[{"id":8114,"href":"https:\/\/www.ugt.cat\/jubilats\/wp-json\/wp\/v2\/posts\/8069\/revisions\/8114"}],"wp:featuredmedia":[{"embeddable":true,"href":"https:\/\/www.ugt.cat\/jubilats\/wp-json\/wp\/v2\/media\/8072"}],"wp:attachment":[{"href":"https:\/\/www.ugt.cat\/jubilats\/wp-json\/wp\/v2\/media?parent=8069"}],"wp:term":[{"taxonomy":"category","embeddable":true,"href":"https:\/\/www.ugt.cat\/jubilats\/wp-json\/wp\/v2\/categories?post=8069"},{"taxonomy":"post_tag","embeddable":true,"href":"https:\/\/www.ugt.cat\/jubilats\/wp-json\/wp\/v2\/tags?post=8069"}],"curies":[{"name":"wp","href":"https:\/\/api.w.org\/{rel}","templated":true}]}}