{"id":8116,"date":"2023-07-20T21:22:32","date_gmt":"2023-07-20T21:22:32","guid":{"rendered":"https:\/\/www.ugt.cat\/jubilats\/?p=8116"},"modified":"2023-07-20T21:33:23","modified_gmt":"2023-07-20T21:33:23","slug":"la-plataforma-drets-justicia-social-fa-una-crida-a-donar-suport-a-les-opcions-progressistes-en-les-eleccions-generals","status":"publish","type":"post","link":"https:\/\/www.ugt.cat\/jubilats\/la-plataforma-drets-justicia-social-fa-una-crida-a-donar-suport-a-les-opcions-progressistes-en-les-eleccions-generals\/","title":{"rendered":"La plataforma + Drets + Just\u00edcia Social fa una crida a donar suport a les opcions progressistes en les eleccions generals"},"content":{"rendered":"<div class=\"post-meta date-color\">\n<div class=\"entry-meta single-post-meta clearfix gem-post-date\">\n<div class=\"post-meta-left\"><span class=\"post-meta-date\">20 juliol 2023<\/span><\/div>\n<\/div>\n<\/div>\n<p><img loading=\"lazy\" decoding=\"async\" id=\"tgpli-64b9285e931e3\" class=\"wp-image-48947 aligncenter\" src=\"https:\/\/www.ugt.cat\/wp-content\/uploads\/2023\/03\/drets-300x255.jpg\" sizes=\"auto, (max-width: 856px) 100vw, 856px\" srcset=\"https:\/\/www.ugt.cat\/wp-content\/uploads\/2023\/03\/drets-300x255.jpg 300w, https:\/\/www.ugt.cat\/wp-content\/uploads\/2023\/03\/drets.jpg 718w\" alt=\"\" width=\"856\" height=\"728\" data-tgpli-src=\"https:\/\/www.ugt.cat\/wp-content\/uploads\/2023\/03\/drets-300x255.jpg\" data-tgpli-srcset=\"https:\/\/www.ugt.cat\/wp-content\/uploads\/2023\/03\/drets-300x255.jpg 300w, https:\/\/www.ugt.cat\/wp-content\/uploads\/2023\/03\/drets.jpg 718w\" data-tgpli-inited=\"\" \/><\/p>\n<p>La <strong>Plataforma + Drets + Just\u00edcia Social<\/strong>, integrada per entitats socials i culturals del teixit associatiu del pa\u00eds, publica avui un manifest on reclama la necessitat d\u2019avan\u00e7ar cap a una societat empoderada, on prevalgui la defensa dels drets col\u00b7lectius, ciutadans i humans.<\/p>\n<p>La plataforma fa una crida a la societat en general i especialment a treballadores i treballadors, a <strong>exercir el dret a vot i participar massivament en el proc\u00e9s electoral del 23 de juliol, donant suport a les opcions progressistes per tal de consolidar la millora de les condicions de vida de milions de persones<\/strong>. Per respondre a les necessitats socials \u00e9s indispensable\u00a0un govern progressista amb pol\u00edtiques basades en la just\u00edcia social enfront de l\u2019aven\u00e7 de la ultradreta i les seves pol\u00edtiques regressives.<\/p>\n<p>La plataforma anima tamb\u00e9 a lliurar la batalla cultural i ideol\u00f2gica dia rere dia perqu\u00e8 les institucions i la societat es comprometin a construir un nou contracte social per a aquest segle XXI, basat en el treball digne, la igualtat i la just\u00edcia social, respectu\u00f3s amb el planeta i la seva gent<\/p>\n<h4><strong><a href=\"https:\/\/www.ugt.cat\/wp-content\/uploads\/2023\/07\/2023_07_manifest_plataforma_mes_drets_mes_justicia_social.pdf\">Podeu consultar el manifest aqu\u00ed.<\/a><\/strong><\/h4>\n","protected":false},"excerpt":{"rendered":"<p>20 juliol 2023 La Plataforma + Drets + Just\u00edcia Social, integrada per entitats socials i culturals del teixit associatiu del pa\u00eds, publica avui un manifest on reclama la necessitat d\u2019avan\u00e7ar cap a una societat empoderada, on prevalgui la defensa dels <a class=\"more-link\" href=\"https:\/\/www.ugt.cat\/jubilats\/la-plataforma-drets-justicia-social-fa-una-crida-a-donar-suport-a-les-opcions-progressistes-en-les-eleccions-generals\/\">Continua llegint <span class=\"meta-nav\">&rarr;<\/span><\/a><\/p>\n","protected":false},"author":3,"featured_media":8118,"comment_status":"closed","ping_status":"open","sticky":false,"template":"","format":"standard","meta":{"footnotes":""},"categories":[1],"tags":[],"class_list":["post-8116","post","type-post","status-publish","format-standard","has-post-thumbnail","hentry","category-general"],"_links":{"self":[{"href":"https:\/\/www.ugt.cat\/jubilats\/wp-json\/wp\/v2\/posts\/8116","targetHints":{"allow":["GET"]}}],"collection":[{"href":"https:\/\/www.ugt.cat\/jubilats\/wp-json\/wp\/v2\/posts"}],"about":[{"href":"https:\/\/www.ugt.cat\/jubilats\/wp-json\/wp\/v2\/types\/post"}],"author":[{"embeddable":true,"href":"https:\/\/www.ugt.cat\/jubilats\/wp-json\/wp\/v2\/users\/3"}],"replies":[{"embeddable":true,"href":"https:\/\/www.ugt.cat\/jubilats\/wp-json\/wp\/v2\/comments?post=8116"}],"version-history":[{"count":2,"href":"https:\/\/www.ugt.cat\/jubilats\/wp-json\/wp\/v2\/posts\/8116\/revisions"}],"predecessor-version":[{"id":8119,"href":"https:\/\/www.ugt.cat\/jubilats\/wp-json\/wp\/v2\/posts\/8116\/revisions\/8119"}],"wp:featuredmedia":[{"embeddable":true,"href":"https:\/\/www.ugt.cat\/jubilats\/wp-json\/wp\/v2\/media\/8118"}],"wp:attachment":[{"href":"https:\/\/www.ugt.cat\/jubilats\/wp-json\/wp\/v2\/media?parent=8116"}],"wp:term":[{"taxonomy":"category","embeddable":true,"href":"https:\/\/www.ugt.cat\/jubilats\/wp-json\/wp\/v2\/categories?post=8116"},{"taxonomy":"post_tag","embeddable":true,"href":"https:\/\/www.ugt.cat\/jubilats\/wp-json\/wp\/v2\/tags?post=8116"}],"curies":[{"name":"wp","href":"https:\/\/api.w.org\/{rel}","templated":true}]}}