{"id":8134,"date":"2023-09-03T10:25:48","date_gmt":"2023-09-03T10:25:48","guid":{"rendered":"https:\/\/www.ugt.cat\/jubilats\/?p=8134"},"modified":"2023-09-03T10:57:58","modified_gmt":"2023-09-03T10:57:58","slug":"sentit-adeu-a-carolina-orriols","status":"publish","type":"post","link":"https:\/\/www.ugt.cat\/jubilats\/sentit-adeu-a-carolina-orriols\/","title":{"rendered":"Sentit ad\u00e9u a Carolina Orriols"},"content":{"rendered":"<p><a href=\"https:\/\/www.ugt.cat\/jubilats\/wp-content\/uploads\/2023\/09\/1693589647982-1.jpg\"><img loading=\"lazy\" decoding=\"async\" class=\"alignnone size-medium wp-image-8139\" src=\"https:\/\/www.ugt.cat\/jubilats\/wp-content\/uploads\/2023\/09\/1693589647982-1-295x300.jpg\" alt=\"\" width=\"295\" height=\"300\" srcset=\"https:\/\/www.ugt.cat\/jubilats\/wp-content\/uploads\/2023\/09\/1693589647982-1-295x300.jpg 295w, https:\/\/www.ugt.cat\/jubilats\/wp-content\/uploads\/2023\/09\/1693589647982-1.jpg 438w\" sizes=\"auto, (max-width: 295px) 100vw, 295px\" \/><\/a><\/p>\n<p>El passat dimecres 30 d&#8217;agost ens deixava la companya Carolina Orriols, membre de la Comissi\u00f3 Executiva de la Uni\u00f3 de Jubilats Jubilades i Pensionistes d&#8217;UGT- APG Catalunya<\/p>\n<p>Carolina Orriols Mas, (1947-2023) va ser mestre de professi\u00f3, i va treballar a l&#8217;escola Cosset\u00e0nia.<br \/>\nA partir de l&#8217;any 1966, va involucrar-se en el moviment socialista de Vilanova i la Geltr\u00fa i altres moviments professionals de L&#8217;educaci\u00f3 en la clandestinitat.<\/p>\n<p>L&#8217;any 1979 form\u00e0 part de la direcci\u00f3 local del Partit dels Socialistes de Catalunya, se&#8217;n escollida regidora pel PSC al primer consistori democr\u00e0tic despr\u00e9s de la dictadura.<\/p>\n<p>Orriols tamb\u00e9 va ser consellera al Consell Comarcal del Garraf i membre de la UGT, primer dins la Federaci\u00f3 de treballadors de l&#8217;ensenyament i despr\u00e9s, amb la Uni\u00f3 de Jubilats Jubilades i Pensionistes a escala local i comarcal.<\/p>\n<p>Que la terra et sigui lleu<\/p>\n","protected":false},"excerpt":{"rendered":"<p>El passat dimecres 30 d&#8217;agost ens deixava la companya Carolina Orriols, membre de la Comissi\u00f3 Executiva de la Uni\u00f3 de Jubilats Jubilades i Pensionistes d&#8217;UGT- APG Catalunya Carolina Orriols Mas, (1947-2023) va ser mestre de professi\u00f3, i va treballar a <a class=\"more-link\" href=\"https:\/\/www.ugt.cat\/jubilats\/sentit-adeu-a-carolina-orriols\/\">Continua llegint <span class=\"meta-nav\">&rarr;<\/span><\/a><\/p>\n","protected":false},"author":3,"featured_media":8139,"comment_status":"closed","ping_status":"open","sticky":false,"template":"","format":"standard","meta":{"footnotes":""},"categories":[1],"tags":[],"class_list":["post-8134","post","type-post","status-publish","format-standard","has-post-thumbnail","hentry","category-general"],"_links":{"self":[{"href":"https:\/\/www.ugt.cat\/jubilats\/wp-json\/wp\/v2\/posts\/8134","targetHints":{"allow":["GET"]}}],"collection":[{"href":"https:\/\/www.ugt.cat\/jubilats\/wp-json\/wp\/v2\/posts"}],"about":[{"href":"https:\/\/www.ugt.cat\/jubilats\/wp-json\/wp\/v2\/types\/post"}],"author":[{"embeddable":true,"href":"https:\/\/www.ugt.cat\/jubilats\/wp-json\/wp\/v2\/users\/3"}],"replies":[{"embeddable":true,"href":"https:\/\/www.ugt.cat\/jubilats\/wp-json\/wp\/v2\/comments?post=8134"}],"version-history":[{"count":4,"href":"https:\/\/www.ugt.cat\/jubilats\/wp-json\/wp\/v2\/posts\/8134\/revisions"}],"predecessor-version":[{"id":8141,"href":"https:\/\/www.ugt.cat\/jubilats\/wp-json\/wp\/v2\/posts\/8134\/revisions\/8141"}],"wp:featuredmedia":[{"embeddable":true,"href":"https:\/\/www.ugt.cat\/jubilats\/wp-json\/wp\/v2\/media\/8139"}],"wp:attachment":[{"href":"https:\/\/www.ugt.cat\/jubilats\/wp-json\/wp\/v2\/media?parent=8134"}],"wp:term":[{"taxonomy":"category","embeddable":true,"href":"https:\/\/www.ugt.cat\/jubilats\/wp-json\/wp\/v2\/categories?post=8134"},{"taxonomy":"post_tag","embeddable":true,"href":"https:\/\/www.ugt.cat\/jubilats\/wp-json\/wp\/v2\/tags?post=8134"}],"curies":[{"name":"wp","href":"https:\/\/api.w.org\/{rel}","templated":true}]}}