{"id":8262,"date":"2023-10-01T22:11:27","date_gmt":"2023-10-01T22:11:27","guid":{"rendered":"https:\/\/www.ugt.cat\/jubilats\/?p=8262"},"modified":"2023-10-02T06:46:28","modified_gmt":"2023-10-02T06:46:28","slug":"participacio-ujp-ugt-barcelones-nord-1-o-dia-gent-gran-a-sta-coloma-de-gramanet","status":"publish","type":"post","link":"https:\/\/www.ugt.cat\/jubilats\/participacio-ujp-ugt-barcelones-nord-1-o-dia-gent-gran-a-sta-coloma-de-gramanet\/","title":{"rendered":"Participaci\u00f3 UJP-UGT Barcelon\u00e8s Nord 1-O Dia Gent Gran a Sta. Coloma de Gramanet"},"content":{"rendered":"<p>Amb motiu del 1-O Dia internacional de la Gent Gran el delegat de la UJP-UGT del Barcelon\u00e8s Nord Albert Borr\u00e0s ha intervingut en la primera part del de l&#8217;acte organitzat per l&#8217;ajuntament de Sta. Coloma de Gramanet, l&#8217;ha acompanyat el membre de la\u00a0 delegaci\u00f3 Dulce Nombre Fern\u00e1ndez i el representant a la comissi\u00f3 executiva la secretaria metropolitana Jos\u00e9 Manuel Oca\u00f1a.<\/p>\n<p><a href=\"https:\/\/www.ugt.cat\/jubilats\/wp-content\/uploads\/2023\/10\/IMG-20231001-WA0050.jpg\"><img loading=\"lazy\" decoding=\"async\" class=\"alignnone size-medium wp-image-8269\" src=\"https:\/\/www.ugt.cat\/jubilats\/wp-content\/uploads\/2023\/10\/IMG-20231001-WA0050-135x300.jpg\" alt=\"\" width=\"135\" height=\"300\" srcset=\"https:\/\/www.ugt.cat\/jubilats\/wp-content\/uploads\/2023\/10\/IMG-20231001-WA0050-135x300.jpg 135w, https:\/\/www.ugt.cat\/jubilats\/wp-content\/uploads\/2023\/10\/IMG-20231001-WA0050.jpg 461w\" sizes=\"auto, (max-width: 135px) 100vw, 135px\" \/><\/a><a href=\"https:\/\/www.ugt.cat\/jubilats\/wp-content\/uploads\/2023\/10\/IMG-20231001-WA0051.jpg\"><img loading=\"lazy\" decoding=\"async\" class=\"alignnone size-medium wp-image-8271\" src=\"https:\/\/www.ugt.cat\/jubilats\/wp-content\/uploads\/2023\/10\/IMG-20231001-WA0051-135x300.jpg\" alt=\"\" width=\"135\" height=\"300\" srcset=\"https:\/\/www.ugt.cat\/jubilats\/wp-content\/uploads\/2023\/10\/IMG-20231001-WA0051-135x300.jpg 135w, https:\/\/www.ugt.cat\/jubilats\/wp-content\/uploads\/2023\/10\/IMG-20231001-WA0051.jpg 461w\" sizes=\"auto, (max-width: 135px) 100vw, 135px\" \/><\/a><a href=\"https:\/\/www.ugt.cat\/jubilats\/wp-content\/uploads\/2023\/10\/IMG_20231001_110941-scaled.jpg\"><img loading=\"lazy\" decoding=\"async\" class=\"alignnone size-medium wp-image-8265\" src=\"https:\/\/www.ugt.cat\/jubilats\/wp-content\/uploads\/2023\/10\/IMG_20231001_110941-300x134.jpg\" alt=\"\" width=\"300\" height=\"134\" srcset=\"https:\/\/www.ugt.cat\/jubilats\/wp-content\/uploads\/2023\/10\/IMG_20231001_110941-300x134.jpg 300w, https:\/\/www.ugt.cat\/jubilats\/wp-content\/uploads\/2023\/10\/IMG_20231001_110941-1024x459.jpg 1024w, https:\/\/www.ugt.cat\/jubilats\/wp-content\/uploads\/2023\/10\/IMG_20231001_110941-768x344.jpg 768w, https:\/\/www.ugt.cat\/jubilats\/wp-content\/uploads\/2023\/10\/IMG_20231001_110941-1536x688.jpg 1536w, https:\/\/www.ugt.cat\/jubilats\/wp-content\/uploads\/2023\/10\/IMG_20231001_110941-2048x918.jpg 2048w\" sizes=\"auto, (max-width: 300px) 100vw, 300px\" \/><\/a><a href=\"https:\/\/www.ugt.cat\/jubilats\/wp-content\/uploads\/2023\/10\/IMG_20231001_110544-scaled.jpg\"><img loading=\"lazy\" decoding=\"async\" class=\"alignnone size-medium wp-image-8263\" src=\"https:\/\/www.ugt.cat\/jubilats\/wp-content\/uploads\/2023\/10\/IMG_20231001_110544-300x134.jpg\" alt=\"\" width=\"300\" height=\"134\" srcset=\"https:\/\/www.ugt.cat\/jubilats\/wp-content\/uploads\/2023\/10\/IMG_20231001_110544-300x134.jpg 300w, https:\/\/www.ugt.cat\/jubilats\/wp-content\/uploads\/2023\/10\/IMG_20231001_110544-1024x459.jpg 1024w, https:\/\/www.ugt.cat\/jubilats\/wp-content\/uploads\/2023\/10\/IMG_20231001_110544-768x344.jpg 768w, https:\/\/www.ugt.cat\/jubilats\/wp-content\/uploads\/2023\/10\/IMG_20231001_110544-1536x688.jpg 1536w, https:\/\/www.ugt.cat\/jubilats\/wp-content\/uploads\/2023\/10\/IMG_20231001_110544-2048x918.jpg 2048w\" sizes=\"auto, (max-width: 300px) 100vw, 300px\" \/><\/a> <a href=\"https:\/\/www.ugt.cat\/jubilats\/wp-content\/uploads\/2023\/10\/IMG_20231001_110535-scaled.jpg\"><img loading=\"lazy\" decoding=\"async\" class=\"alignnone size-medium wp-image-8266\" src=\"https:\/\/www.ugt.cat\/jubilats\/wp-content\/uploads\/2023\/10\/IMG_20231001_110535-300x134.jpg\" alt=\"\" width=\"300\" height=\"134\" srcset=\"https:\/\/www.ugt.cat\/jubilats\/wp-content\/uploads\/2023\/10\/IMG_20231001_110535-300x134.jpg 300w, https:\/\/www.ugt.cat\/jubilats\/wp-content\/uploads\/2023\/10\/IMG_20231001_110535-1024x459.jpg 1024w, https:\/\/www.ugt.cat\/jubilats\/wp-content\/uploads\/2023\/10\/IMG_20231001_110535-768x344.jpg 768w, https:\/\/www.ugt.cat\/jubilats\/wp-content\/uploads\/2023\/10\/IMG_20231001_110535-1536x688.jpg 1536w, https:\/\/www.ugt.cat\/jubilats\/wp-content\/uploads\/2023\/10\/IMG_20231001_110535-2048x918.jpg 2048w\" sizes=\"auto, (max-width: 300px) 100vw, 300px\" \/><\/a> <a href=\"https:\/\/www.ugt.cat\/jubilats\/wp-content\/uploads\/2023\/10\/IMG_20231001_110824-scaled.jpg\"><img loading=\"lazy\" decoding=\"async\" class=\"alignnone size-medium wp-image-8267\" src=\"https:\/\/www.ugt.cat\/jubilats\/wp-content\/uploads\/2023\/10\/IMG_20231001_110824-300x134.jpg\" alt=\"\" width=\"300\" height=\"134\" srcset=\"https:\/\/www.ugt.cat\/jubilats\/wp-content\/uploads\/2023\/10\/IMG_20231001_110824-300x134.jpg 300w, https:\/\/www.ugt.cat\/jubilats\/wp-content\/uploads\/2023\/10\/IMG_20231001_110824-1024x459.jpg 1024w, https:\/\/www.ugt.cat\/jubilats\/wp-content\/uploads\/2023\/10\/IMG_20231001_110824-768x344.jpg 768w, https:\/\/www.ugt.cat\/jubilats\/wp-content\/uploads\/2023\/10\/IMG_20231001_110824-1536x688.jpg 1536w, https:\/\/www.ugt.cat\/jubilats\/wp-content\/uploads\/2023\/10\/IMG_20231001_110824-2048x918.jpg 2048w\" sizes=\"auto, (max-width: 300px) 100vw, 300px\" \/><\/a> <a href=\"https:\/\/www.ugt.cat\/jubilats\/wp-content\/uploads\/2023\/10\/IMG-20231001-WA0012.jpg\"><img loading=\"lazy\" decoding=\"async\" class=\"alignnone size-medium wp-image-8268\" src=\"https:\/\/www.ugt.cat\/jubilats\/wp-content\/uploads\/2023\/10\/IMG-20231001-WA0012-300x225.jpg\" alt=\"\" width=\"300\" height=\"225\" srcset=\"https:\/\/www.ugt.cat\/jubilats\/wp-content\/uploads\/2023\/10\/IMG-20231001-WA0012-300x225.jpg 300w, https:\/\/www.ugt.cat\/jubilats\/wp-content\/uploads\/2023\/10\/IMG-20231001-WA0012-768x576.jpg 768w, https:\/\/www.ugt.cat\/jubilats\/wp-content\/uploads\/2023\/10\/IMG-20231001-WA0012.jpg 1024w\" sizes=\"auto, (max-width: 300px) 100vw, 300px\" \/><\/a><\/p>\n<p><a href=\"https:\/\/www.ugt.cat\/jubilats\/wp-content\/uploads\/2023\/10\/IMG-20231001-WA0011.jpg\"><img loading=\"lazy\" decoding=\"async\" class=\"alignnone size-medium wp-image-8272\" src=\"https:\/\/www.ugt.cat\/jubilats\/wp-content\/uploads\/2023\/10\/IMG-20231001-WA0011-300x225.jpg\" alt=\"\" width=\"300\" height=\"225\" srcset=\"https:\/\/www.ugt.cat\/jubilats\/wp-content\/uploads\/2023\/10\/IMG-20231001-WA0011-300x225.jpg 300w, https:\/\/www.ugt.cat\/jubilats\/wp-content\/uploads\/2023\/10\/IMG-20231001-WA0011-768x576.jpg 768w, https:\/\/www.ugt.cat\/jubilats\/wp-content\/uploads\/2023\/10\/IMG-20231001-WA0011.jpg 1024w\" sizes=\"auto, (max-width: 300px) 100vw, 300px\" \/><\/a><\/p>\n","protected":false},"excerpt":{"rendered":"<p>Amb motiu del 1-O Dia internacional de la Gent Gran el delegat de la UJP-UGT del Barcelon\u00e8s Nord Albert Borr\u00e0s ha intervingut en la primera part del de l&#8217;acte organitzat per l&#8217;ajuntament de Sta. Coloma de Gramanet, l&#8217;ha acompanyat el <a class=\"more-link\" href=\"https:\/\/www.ugt.cat\/jubilats\/participacio-ujp-ugt-barcelones-nord-1-o-dia-gent-gran-a-sta-coloma-de-gramanet\/\">Continua llegint <span class=\"meta-nav\">&rarr;<\/span><\/a><\/p>\n","protected":false},"author":6,"featured_media":8266,"comment_status":"closed","ping_status":"open","sticky":false,"template":"","format":"standard","meta":{"footnotes":""},"categories":[1],"tags":[],"class_list":["post-8262","post","type-post","status-publish","format-standard","has-post-thumbnail","hentry","category-general"],"_links":{"self":[{"href":"https:\/\/www.ugt.cat\/jubilats\/wp-json\/wp\/v2\/posts\/8262","targetHints":{"allow":["GET"]}}],"collection":[{"href":"https:\/\/www.ugt.cat\/jubilats\/wp-json\/wp\/v2\/posts"}],"about":[{"href":"https:\/\/www.ugt.cat\/jubilats\/wp-json\/wp\/v2\/types\/post"}],"author":[{"embeddable":true,"href":"https:\/\/www.ugt.cat\/jubilats\/wp-json\/wp\/v2\/users\/6"}],"replies":[{"embeddable":true,"href":"https:\/\/www.ugt.cat\/jubilats\/wp-json\/wp\/v2\/comments?post=8262"}],"version-history":[{"count":4,"href":"https:\/\/www.ugt.cat\/jubilats\/wp-json\/wp\/v2\/posts\/8262\/revisions"}],"predecessor-version":[{"id":8306,"href":"https:\/\/www.ugt.cat\/jubilats\/wp-json\/wp\/v2\/posts\/8262\/revisions\/8306"}],"wp:featuredmedia":[{"embeddable":true,"href":"https:\/\/www.ugt.cat\/jubilats\/wp-json\/wp\/v2\/media\/8266"}],"wp:attachment":[{"href":"https:\/\/www.ugt.cat\/jubilats\/wp-json\/wp\/v2\/media?parent=8262"}],"wp:term":[{"taxonomy":"category","embeddable":true,"href":"https:\/\/www.ugt.cat\/jubilats\/wp-json\/wp\/v2\/categories?post=8262"},{"taxonomy":"post_tag","embeddable":true,"href":"https:\/\/www.ugt.cat\/jubilats\/wp-json\/wp\/v2\/tags?post=8262"}],"curies":[{"name":"wp","href":"https:\/\/api.w.org\/{rel}","templated":true}]}}