{"id":8536,"date":"2023-12-03T20:07:32","date_gmt":"2023-12-03T20:07:32","guid":{"rendered":"https:\/\/www.ugt.cat\/jubilats\/?p=8536"},"modified":"2023-12-03T20:09:07","modified_gmt":"2023-12-03T20:09:07","slug":"sha-cel-lebrat-la-jornada-dones-ugetistes-ujp-ugt","status":"publish","type":"post","link":"https:\/\/www.ugt.cat\/jubilats\/sha-cel-lebrat-la-jornada-dones-ugetistes-ujp-ugt\/","title":{"rendered":"S&#8217;ha cel.lebrat la Jornada Dones ugetistes UJP-UGT"},"content":{"rendered":"<p>S&#8217;ha cel.lebrat la trobada de dones ugetistes UJP-UGT el dia 30 novembre a la sala d&#8217;actes de la seu d&#8217;UGT a Barcelona, amb participaci\u00f3 de companyes d&#8217;arreu de Catalunya. L&#8217;acte ha estat obert pel secretari general d&#8217;UGT Catalunya Camil Ros i a continuaci\u00f3 la secret\u00e0ria d&#8217;Igualtat i Formaci\u00f3 d&#8217;UJP-UGT estatal Maria \u00c0ngels L\u00f3pez C\u00e1mara ha presentat i coordinat les intervencions de les ponents: Enrique Duran Cordero, Eva Gajardo Rodr\u00edguez, Reyes Solaz Garc\u00eda, Isabel Ruiz Llamas, Isabel Zarza Gallego, Laura Bonet Oriol i d&#8217;altres assistents que han pres la paraula.<\/p>\n<p>Ha concl\u00f2s la jornada el secretari general d&#8217;UJP-UGT de Catalunya Manuel Becerra que ha agra\u00eft l&#8217;assist\u00e8ncia a l&#8217;acte i tal com recollia la convocat\u00f2ria organitzada per la comissi\u00f3 executiva d&#8217;UJP-UGT va \u00abressaltar la import\u00e0ncia que han tingut, tenen i sobre tot han de tenir, les dones jubilades a la nostra organitzaci\u00f3\u00bb. Per aix\u00f2 ara cal la continu\u00eftat necess\u00e0ria amb la participaci\u00f3 de totes.<\/p>\n\n\t\t<style>\n\t\t\t#gallery-1 {\n\t\t\t\tmargin: auto;\n\t\t\t}\n\t\t\t#gallery-1 .gallery-item {\n\t\t\t\tfloat: left;\n\t\t\t\tmargin-top: 10px;\n\t\t\t\ttext-align: center;\n\t\t\t\twidth: 33%;\n\t\t\t}\n\t\t\t#gallery-1 img {\n\t\t\t\tborder: 2px solid #cfcfcf;\n\t\t\t}\n\t\t\t#gallery-1 .gallery-caption {\n\t\t\t\tmargin-left: 0;\n\t\t\t}\n\t\t\t\/* see gallery_shortcode() in wp-includes\/media.php *\/\n\t\t<\/style>\n\t\t<div id='gallery-1' class='gallery galleryid-8536 gallery-columns-3 gallery-size-thumbnail'><dl class='gallery-item'>\n\t\t\t<dt class='gallery-icon landscape'>\n\t\t\t\t<a href='https:\/\/www.ugt.cat\/jubilats\/sha-cel-lebrat-la-jornada-dones-ugetistes-ujp-ugt\/img-20231130-wa0051\/'><img loading=\"lazy\" decoding=\"async\" width=\"150\" height=\"150\" src=\"https:\/\/www.ugt.cat\/jubilats\/wp-content\/uploads\/2023\/12\/IMG-20231130-WA0051-150x150.jpg\" class=\"attachment-thumbnail size-thumbnail\" alt=\"\" \/><\/a>\n\t\t\t<\/dt><\/dl><dl class='gallery-item'>\n\t\t\t<dt class='gallery-icon portrait'>\n\t\t\t\t<a href='https:\/\/www.ugt.cat\/jubilats\/sha-cel-lebrat-la-jornada-dones-ugetistes-ujp-ugt\/img-20231130-wa0016\/'><img loading=\"lazy\" decoding=\"async\" width=\"150\" height=\"150\" src=\"https:\/\/www.ugt.cat\/jubilats\/wp-content\/uploads\/2023\/12\/IMG-20231130-WA0016-150x150.jpg\" class=\"attachment-thumbnail size-thumbnail\" alt=\"\" \/><\/a>\n\t\t\t<\/dt><\/dl><dl class='gallery-item'>\n\t\t\t<dt class='gallery-icon portrait'>\n\t\t\t\t<a href='https:\/\/www.ugt.cat\/jubilats\/sha-cel-lebrat-la-jornada-dones-ugetistes-ujp-ugt\/img-20231130-wa0072\/'><img loading=\"lazy\" decoding=\"async\" width=\"150\" height=\"150\" src=\"https:\/\/www.ugt.cat\/jubilats\/wp-content\/uploads\/2023\/12\/IMG-20231130-WA0072-150x150.jpg\" class=\"attachment-thumbnail size-thumbnail\" alt=\"\" \/><\/a>\n\t\t\t<\/dt><\/dl><br style=\"clear: both\" \/><dl class='gallery-item'>\n\t\t\t<dt class='gallery-icon portrait'>\n\t\t\t\t<a href='https:\/\/www.ugt.cat\/jubilats\/sha-cel-lebrat-la-jornada-dones-ugetistes-ujp-ugt\/img-20231130-wa0017\/'><img loading=\"lazy\" decoding=\"async\" width=\"150\" height=\"150\" src=\"https:\/\/www.ugt.cat\/jubilats\/wp-content\/uploads\/2023\/12\/IMG-20231130-WA0017-150x150.jpg\" class=\"attachment-thumbnail size-thumbnail\" alt=\"\" \/><\/a>\n\t\t\t<\/dt><\/dl><dl class='gallery-item'>\n\t\t\t<dt class='gallery-icon portrait'>\n\t\t\t\t<a href='https:\/\/www.ugt.cat\/jubilats\/sha-cel-lebrat-la-jornada-dones-ugetistes-ujp-ugt\/img-20231130-wa0079\/'><img loading=\"lazy\" decoding=\"async\" width=\"150\" height=\"150\" src=\"https:\/\/www.ugt.cat\/jubilats\/wp-content\/uploads\/2023\/12\/IMG-20231130-WA0079-150x150.jpg\" class=\"attachment-thumbnail size-thumbnail\" alt=\"\" \/><\/a>\n\t\t\t<\/dt><\/dl><dl class='gallery-item'>\n\t\t\t<dt class='gallery-icon landscape'>\n\t\t\t\t<a href='https:\/\/www.ugt.cat\/jubilats\/sha-cel-lebrat-la-jornada-dones-ugetistes-ujp-ugt\/img-20231130-wa0034\/'><img loading=\"lazy\" decoding=\"async\" width=\"150\" height=\"150\" src=\"https:\/\/www.ugt.cat\/jubilats\/wp-content\/uploads\/2023\/12\/IMG-20231130-WA0034-150x150.jpg\" class=\"attachment-thumbnail size-thumbnail\" alt=\"\" \/><\/a>\n\t\t\t<\/dt><\/dl><br style=\"clear: both\" \/><dl class='gallery-item'>\n\t\t\t<dt class='gallery-icon landscape'>\n\t\t\t\t<a href='https:\/\/www.ugt.cat\/jubilats\/sha-cel-lebrat-la-jornada-dones-ugetistes-ujp-ugt\/img-20231130-wa0037\/'><img loading=\"lazy\" decoding=\"async\" width=\"150\" height=\"150\" src=\"https:\/\/www.ugt.cat\/jubilats\/wp-content\/uploads\/2023\/12\/IMG-20231130-WA0037-150x150.jpg\" class=\"attachment-thumbnail size-thumbnail\" alt=\"\" \/><\/a>\n\t\t\t<\/dt><\/dl><dl class='gallery-item'>\n\t\t\t<dt class='gallery-icon landscape'>\n\t\t\t\t<a href='https:\/\/www.ugt.cat\/jubilats\/sha-cel-lebrat-la-jornada-dones-ugetistes-ujp-ugt\/img-20231130-wa0032\/'><img loading=\"lazy\" decoding=\"async\" width=\"150\" height=\"150\" src=\"https:\/\/www.ugt.cat\/jubilats\/wp-content\/uploads\/2023\/12\/IMG-20231130-WA0032-150x150.jpg\" class=\"attachment-thumbnail size-thumbnail\" alt=\"\" \/><\/a>\n\t\t\t<\/dt><\/dl><dl class='gallery-item'>\n\t\t\t<dt class='gallery-icon portrait'>\n\t\t\t\t<a href='https:\/\/www.ugt.cat\/jubilats\/sha-cel-lebrat-la-jornada-dones-ugetistes-ujp-ugt\/img_20231130_122050\/'><img loading=\"lazy\" decoding=\"async\" width=\"150\" height=\"150\" src=\"https:\/\/www.ugt.cat\/jubilats\/wp-content\/uploads\/2023\/12\/IMG_20231130_122050-150x150.jpg\" class=\"attachment-thumbnail size-thumbnail\" alt=\"\" \/><\/a>\n\t\t\t<\/dt><\/dl><br style=\"clear: both\" \/><dl class='gallery-item'>\n\t\t\t<dt class='gallery-icon landscape'>\n\t\t\t\t<a href='https:\/\/www.ugt.cat\/jubilats\/sha-cel-lebrat-la-jornada-dones-ugetistes-ujp-ugt\/img-20231130-wa0033\/'><img loading=\"lazy\" decoding=\"async\" width=\"150\" height=\"150\" src=\"https:\/\/www.ugt.cat\/jubilats\/wp-content\/uploads\/2023\/12\/IMG-20231130-WA0033-150x150.jpg\" class=\"attachment-thumbnail size-thumbnail\" alt=\"\" \/><\/a>\n\t\t\t<\/dt><\/dl><dl class='gallery-item'>\n\t\t\t<dt class='gallery-icon landscape'>\n\t\t\t\t<a href='https:\/\/www.ugt.cat\/jubilats\/sha-cel-lebrat-la-jornada-dones-ugetistes-ujp-ugt\/img-20231130-wa0049\/'><img loading=\"lazy\" decoding=\"async\" width=\"150\" height=\"150\" src=\"https:\/\/www.ugt.cat\/jubilats\/wp-content\/uploads\/2023\/12\/IMG-20231130-WA0049-150x150.jpg\" class=\"attachment-thumbnail size-thumbnail\" alt=\"\" \/><\/a>\n\t\t\t<\/dt><\/dl><dl class='gallery-item'>\n\t\t\t<dt class='gallery-icon landscape'>\n\t\t\t\t<a href='https:\/\/www.ugt.cat\/jubilats\/sha-cel-lebrat-la-jornada-dones-ugetistes-ujp-ugt\/img-20231130-wa0053\/'><img loading=\"lazy\" decoding=\"async\" width=\"150\" height=\"150\" src=\"https:\/\/www.ugt.cat\/jubilats\/wp-content\/uploads\/2023\/12\/IMG-20231130-WA0053-150x150.jpg\" class=\"attachment-thumbnail size-thumbnail\" alt=\"\" \/><\/a>\n\t\t\t<\/dt><\/dl><br style=\"clear: both\" \/><dl class='gallery-item'>\n\t\t\t<dt class='gallery-icon portrait'>\n\t\t\t\t<a href='https:\/\/www.ugt.cat\/jubilats\/sha-cel-lebrat-la-jornada-dones-ugetistes-ujp-ugt\/img-20231130-wa0029\/'><img loading=\"lazy\" decoding=\"async\" width=\"150\" height=\"150\" src=\"https:\/\/www.ugt.cat\/jubilats\/wp-content\/uploads\/2023\/12\/IMG-20231130-WA0029-150x150.jpg\" class=\"attachment-thumbnail size-thumbnail\" alt=\"\" \/><\/a>\n\t\t\t<\/dt><\/dl><dl class='gallery-item'>\n\t\t\t<dt class='gallery-icon portrait'>\n\t\t\t\t<a href='https:\/\/www.ugt.cat\/jubilats\/sha-cel-lebrat-la-jornada-dones-ugetistes-ujp-ugt\/img-20231130-wa0064\/'><img loading=\"lazy\" decoding=\"async\" width=\"150\" height=\"150\" src=\"https:\/\/www.ugt.cat\/jubilats\/wp-content\/uploads\/2023\/12\/IMG-20231130-WA0064-150x150.jpg\" class=\"attachment-thumbnail size-thumbnail\" alt=\"\" \/><\/a>\n\t\t\t<\/dt><\/dl><dl class='gallery-item'>\n\t\t\t<dt class='gallery-icon portrait'>\n\t\t\t\t<a href='https:\/\/www.ugt.cat\/jubilats\/sha-cel-lebrat-la-jornada-dones-ugetistes-ujp-ugt\/img-20231130-wa0031\/'><img loading=\"lazy\" decoding=\"async\" width=\"150\" height=\"150\" src=\"https:\/\/www.ugt.cat\/jubilats\/wp-content\/uploads\/2023\/12\/IMG-20231130-WA0031-150x150.jpg\" class=\"attachment-thumbnail size-thumbnail\" alt=\"\" \/><\/a>\n\t\t\t<\/dt><\/dl><br style=\"clear: both\" \/><dl class='gallery-item'>\n\t\t\t<dt class='gallery-icon landscape'>\n\t\t\t\t<a href='https:\/\/www.ugt.cat\/jubilats\/sha-cel-lebrat-la-jornada-dones-ugetistes-ujp-ugt\/img-20231130-wa0065\/'><img loading=\"lazy\" decoding=\"async\" width=\"150\" height=\"150\" src=\"https:\/\/www.ugt.cat\/jubilats\/wp-content\/uploads\/2023\/12\/IMG-20231130-WA0065-150x150.jpg\" class=\"attachment-thumbnail size-thumbnail\" alt=\"\" \/><\/a>\n\t\t\t<\/dt><\/dl><dl class='gallery-item'>\n\t\t\t<dt class='gallery-icon landscape'>\n\t\t\t\t<a href='https:\/\/www.ugt.cat\/jubilats\/sha-cel-lebrat-la-jornada-dones-ugetistes-ujp-ugt\/img-20231130-wa0030\/'><img loading=\"lazy\" decoding=\"async\" width=\"150\" height=\"150\" src=\"https:\/\/www.ugt.cat\/jubilats\/wp-content\/uploads\/2023\/12\/IMG-20231130-WA0030-150x150.jpg\" class=\"attachment-thumbnail size-thumbnail\" alt=\"\" \/><\/a>\n\t\t\t<\/dt><\/dl><dl class='gallery-item'>\n\t\t\t<dt class='gallery-icon landscape'>\n\t\t\t\t<a href='https:\/\/www.ugt.cat\/jubilats\/sha-cel-lebrat-la-jornada-dones-ugetistes-ujp-ugt\/img-20231130-wa0038\/'><img loading=\"lazy\" decoding=\"async\" width=\"150\" height=\"150\" src=\"https:\/\/www.ugt.cat\/jubilats\/wp-content\/uploads\/2023\/12\/IMG-20231130-WA0038-150x150.jpg\" class=\"attachment-thumbnail size-thumbnail\" alt=\"\" \/><\/a>\n\t\t\t<\/dt><\/dl><br style=\"clear: both\" \/><dl class='gallery-item'>\n\t\t\t<dt class='gallery-icon landscape'>\n\t\t\t\t<a href='https:\/\/www.ugt.cat\/jubilats\/sha-cel-lebrat-la-jornada-dones-ugetistes-ujp-ugt\/img-20231130-wa0018\/'><img loading=\"lazy\" decoding=\"async\" width=\"150\" height=\"150\" src=\"https:\/\/www.ugt.cat\/jubilats\/wp-content\/uploads\/2023\/12\/IMG-20231130-WA0018-150x150.jpg\" class=\"attachment-thumbnail size-thumbnail\" alt=\"\" \/><\/a>\n\t\t\t<\/dt><\/dl><dl class='gallery-item'>\n\t\t\t<dt class='gallery-icon landscape'>\n\t\t\t\t<a href='https:\/\/www.ugt.cat\/jubilats\/sha-cel-lebrat-la-jornada-dones-ugetistes-ujp-ugt\/img-20231130-wa0035\/'><img loading=\"lazy\" decoding=\"async\" width=\"150\" height=\"150\" src=\"https:\/\/www.ugt.cat\/jubilats\/wp-content\/uploads\/2023\/12\/IMG-20231130-WA0035-150x150.jpg\" class=\"attachment-thumbnail size-thumbnail\" alt=\"\" \/><\/a>\n\t\t\t<\/dt><\/dl><dl class='gallery-item'>\n\t\t\t<dt class='gallery-icon portrait'>\n\t\t\t\t<a href='https:\/\/www.ugt.cat\/jubilats\/sha-cel-lebrat-la-jornada-dones-ugetistes-ujp-ugt\/img-20231130-wa0069\/'><img loading=\"lazy\" decoding=\"async\" width=\"150\" height=\"150\" src=\"https:\/\/www.ugt.cat\/jubilats\/wp-content\/uploads\/2023\/12\/IMG-20231130-WA0069-150x150.jpg\" class=\"attachment-thumbnail size-thumbnail\" alt=\"\" \/><\/a>\n\t\t\t<\/dt><\/dl><br style=\"clear: both\" \/><dl class='gallery-item'>\n\t\t\t<dt class='gallery-icon landscape'>\n\t\t\t\t<a href='https:\/\/www.ugt.cat\/jubilats\/sha-cel-lebrat-la-jornada-dones-ugetistes-ujp-ugt\/img-20231130-wa0070\/'><img loading=\"lazy\" decoding=\"async\" width=\"150\" height=\"150\" src=\"https:\/\/www.ugt.cat\/jubilats\/wp-content\/uploads\/2023\/12\/IMG-20231130-WA0070-150x150.jpg\" class=\"attachment-thumbnail size-thumbnail\" alt=\"\" \/><\/a>\n\t\t\t<\/dt><\/dl><dl class='gallery-item'>\n\t\t\t<dt class='gallery-icon landscape'>\n\t\t\t\t<a href='https:\/\/www.ugt.cat\/jubilats\/sha-cel-lebrat-la-jornada-dones-ugetistes-ujp-ugt\/img-20231130-wa0073\/'><img loading=\"lazy\" decoding=\"async\" width=\"150\" height=\"150\" src=\"https:\/\/www.ugt.cat\/jubilats\/wp-content\/uploads\/2023\/12\/IMG-20231130-WA0073-150x150.jpg\" class=\"attachment-thumbnail size-thumbnail\" alt=\"\" \/><\/a>\n\t\t\t<\/dt><\/dl><dl class='gallery-item'>\n\t\t\t<dt class='gallery-icon portrait'>\n\t\t\t\t<a href='https:\/\/www.ugt.cat\/jubilats\/sha-cel-lebrat-la-jornada-dones-ugetistes-ujp-ugt\/img-20231130-wa0074\/'><img loading=\"lazy\" decoding=\"async\" width=\"150\" height=\"150\" src=\"https:\/\/www.ugt.cat\/jubilats\/wp-content\/uploads\/2023\/12\/IMG-20231130-WA0074-150x150.jpg\" class=\"attachment-thumbnail size-thumbnail\" alt=\"\" \/><\/a>\n\t\t\t<\/dt><\/dl><br style=\"clear: both\" \/><dl class='gallery-item'>\n\t\t\t<dt class='gallery-icon portrait'>\n\t\t\t\t<a href='https:\/\/www.ugt.cat\/jubilats\/sha-cel-lebrat-la-jornada-dones-ugetistes-ujp-ugt\/img-20231130-wa0075\/'><img loading=\"lazy\" decoding=\"async\" width=\"150\" height=\"150\" src=\"https:\/\/www.ugt.cat\/jubilats\/wp-content\/uploads\/2023\/12\/IMG-20231130-WA0075-150x150.jpg\" class=\"attachment-thumbnail size-thumbnail\" alt=\"\" \/><\/a>\n\t\t\t<\/dt><\/dl><dl class='gallery-item'>\n\t\t\t<dt class='gallery-icon portrait'>\n\t\t\t\t<a href='https:\/\/www.ugt.cat\/jubilats\/sha-cel-lebrat-la-jornada-dones-ugetistes-ujp-ugt\/img-20231130-wa0076\/'><img loading=\"lazy\" decoding=\"async\" width=\"150\" height=\"150\" src=\"https:\/\/www.ugt.cat\/jubilats\/wp-content\/uploads\/2023\/12\/IMG-20231130-WA0076-150x150.jpg\" class=\"attachment-thumbnail size-thumbnail\" alt=\"\" \/><\/a>\n\t\t\t<\/dt><\/dl><dl class='gallery-item'>\n\t\t\t<dt class='gallery-icon portrait'>\n\t\t\t\t<a href='https:\/\/www.ugt.cat\/jubilats\/sha-cel-lebrat-la-jornada-dones-ugetistes-ujp-ugt\/img-20231130-wa0077\/'><img loading=\"lazy\" decoding=\"async\" width=\"150\" height=\"150\" src=\"https:\/\/www.ugt.cat\/jubilats\/wp-content\/uploads\/2023\/12\/IMG-20231130-WA0077-150x150.jpg\" class=\"attachment-thumbnail size-thumbnail\" alt=\"\" \/><\/a>\n\t\t\t<\/dt><\/dl><br style=\"clear: both\" \/><dl class='gallery-item'>\n\t\t\t<dt class='gallery-icon portrait'>\n\t\t\t\t<a href='https:\/\/www.ugt.cat\/jubilats\/sha-cel-lebrat-la-jornada-dones-ugetistes-ujp-ugt\/img-20231130-wa0078\/'><img loading=\"lazy\" decoding=\"async\" width=\"150\" height=\"150\" src=\"https:\/\/www.ugt.cat\/jubilats\/wp-content\/uploads\/2023\/12\/IMG-20231130-WA0078-150x150.jpg\" class=\"attachment-thumbnail size-thumbnail\" alt=\"\" \/><\/a>\n\t\t\t<\/dt><\/dl><dl class='gallery-item'>\n\t\t\t<dt class='gallery-icon portrait'>\n\t\t\t\t<a href='https:\/\/www.ugt.cat\/jubilats\/sha-cel-lebrat-la-jornada-dones-ugetistes-ujp-ugt\/img-20231130-wa0080\/'><img loading=\"lazy\" decoding=\"async\" width=\"150\" height=\"150\" src=\"https:\/\/www.ugt.cat\/jubilats\/wp-content\/uploads\/2023\/12\/IMG-20231130-WA0080-150x150.jpg\" class=\"attachment-thumbnail size-thumbnail\" alt=\"\" \/><\/a>\n\t\t\t<\/dt><\/dl><dl class='gallery-item'>\n\t\t\t<dt class='gallery-icon portrait'>\n\t\t\t\t<a href='https:\/\/www.ugt.cat\/jubilats\/sha-cel-lebrat-la-jornada-dones-ugetistes-ujp-ugt\/img-20231130-wa0081\/'><img loading=\"lazy\" decoding=\"async\" width=\"150\" height=\"150\" src=\"https:\/\/www.ugt.cat\/jubilats\/wp-content\/uploads\/2023\/12\/IMG-20231130-WA0081-150x150.jpg\" class=\"attachment-thumbnail size-thumbnail\" alt=\"\" \/><\/a>\n\t\t\t<\/dt><\/dl><br style=\"clear: both\" \/><dl class='gallery-item'>\n\t\t\t<dt class='gallery-icon portrait'>\n\t\t\t\t<a href='https:\/\/www.ugt.cat\/jubilats\/sha-cel-lebrat-la-jornada-dones-ugetistes-ujp-ugt\/img-20231130-wa0027\/'><img loading=\"lazy\" decoding=\"async\" width=\"150\" height=\"150\" src=\"https:\/\/www.ugt.cat\/jubilats\/wp-content\/uploads\/2023\/12\/IMG-20231130-WA0027-150x150.jpg\" class=\"attachment-thumbnail size-thumbnail\" alt=\"\" \/><\/a>\n\t\t\t<\/dt><\/dl><dl class='gallery-item'>\n\t\t\t<dt class='gallery-icon landscape'>\n\t\t\t\t<a href='https:\/\/www.ugt.cat\/jubilats\/sha-cel-lebrat-la-jornada-dones-ugetistes-ujp-ugt\/img-20231201-wa0019\/'><img loading=\"lazy\" decoding=\"async\" width=\"150\" height=\"150\" src=\"https:\/\/www.ugt.cat\/jubilats\/wp-content\/uploads\/2023\/12\/IMG-20231201-WA0019-150x150.jpg\" class=\"attachment-thumbnail size-thumbnail\" alt=\"\" \/><\/a>\n\t\t\t<\/dt><\/dl><dl class='gallery-item'>\n\t\t\t<dt class='gallery-icon portrait'>\n\t\t\t\t<a href='https:\/\/www.ugt.cat\/jubilats\/sha-cel-lebrat-la-jornada-dones-ugetistes-ujp-ugt\/fb_img_1701633695735\/'><img loading=\"lazy\" decoding=\"async\" width=\"150\" height=\"150\" src=\"https:\/\/www.ugt.cat\/jubilats\/wp-content\/uploads\/2023\/12\/FB_IMG_1701633695735-150x150.jpg\" class=\"attachment-thumbnail size-thumbnail\" alt=\"\" \/><\/a>\n\t\t\t<\/dt><\/dl><br style=\"clear: both\" \/><dl class='gallery-item'>\n\t\t\t<dt class='gallery-icon portrait'>\n\t\t\t\t<a href='https:\/\/www.ugt.cat\/jubilats\/sha-cel-lebrat-la-jornada-dones-ugetistes-ujp-ugt\/fb_img_1701633612558\/'><img loading=\"lazy\" decoding=\"async\" width=\"150\" height=\"150\" src=\"https:\/\/www.ugt.cat\/jubilats\/wp-content\/uploads\/2023\/12\/FB_IMG_1701633612558-150x150.jpg\" class=\"attachment-thumbnail size-thumbnail\" alt=\"\" \/><\/a>\n\t\t\t<\/dt><\/dl>\n\t\t\t<br style='clear: both' \/>\n\t\t<\/div>\n\n<p>[contact-form][contact-field label=\u00bbNom\u00bb type=\u00bbname\u00bb  required=\u00bbtrue\u00bb \/][contact-field label=\u00bbCorreu electr\u00f2nic\u00bb type=\u00bbemail\u00bb required=\u00bbtrue\u00bb \/][contact-field label=\u00bbLloc web\u00bb type=\u00bburl\u00bb \/][contact-field label=\u00bbMissatge\u00bb type=\u00bbtextarea\u00bb \/][\/contact-form]<\/p>\n","protected":false},"excerpt":{"rendered":"<p>S&#8217;ha cel.lebrat la trobada de dones ugetistes UJP-UGT el dia 30 novembre a la sala d&#8217;actes de la seu d&#8217;UGT a Barcelona, amb participaci\u00f3 de companyes d&#8217;arreu de Catalunya. L&#8217;acte ha estat obert pel secretari general d&#8217;UGT Catalunya Camil Ros <a class=\"more-link\" href=\"https:\/\/www.ugt.cat\/jubilats\/sha-cel-lebrat-la-jornada-dones-ugetistes-ujp-ugt\/\">Continua llegint <span class=\"meta-nav\">&rarr;<\/span><\/a><\/p>\n","protected":false},"author":6,"featured_media":8575,"comment_status":"closed","ping_status":"open","sticky":false,"template":"","format":"standard","meta":{"footnotes":""},"categories":[1],"tags":[],"class_list":["post-8536","post","type-post","status-publish","format-standard","has-post-thumbnail","hentry","category-general"],"_links":{"self":[{"href":"https:\/\/www.ugt.cat\/jubilats\/wp-json\/wp\/v2\/posts\/8536","targetHints":{"allow":["GET"]}}],"collection":[{"href":"https:\/\/www.ugt.cat\/jubilats\/wp-json\/wp\/v2\/posts"}],"about":[{"href":"https:\/\/www.ugt.cat\/jubilats\/wp-json\/wp\/v2\/types\/post"}],"author":[{"embeddable":true,"href":"https:\/\/www.ugt.cat\/jubilats\/wp-json\/wp\/v2\/users\/6"}],"replies":[{"embeddable":true,"href":"https:\/\/www.ugt.cat\/jubilats\/wp-json\/wp\/v2\/comments?post=8536"}],"version-history":[{"count":7,"href":"https:\/\/www.ugt.cat\/jubilats\/wp-json\/wp\/v2\/posts\/8536\/revisions"}],"predecessor-version":[{"id":8597,"href":"https:\/\/www.ugt.cat\/jubilats\/wp-json\/wp\/v2\/posts\/8536\/revisions\/8597"}],"wp:featuredmedia":[{"embeddable":true,"href":"https:\/\/www.ugt.cat\/jubilats\/wp-json\/wp\/v2\/media\/8575"}],"wp:attachment":[{"href":"https:\/\/www.ugt.cat\/jubilats\/wp-json\/wp\/v2\/media?parent=8536"}],"wp:term":[{"taxonomy":"category","embeddable":true,"href":"https:\/\/www.ugt.cat\/jubilats\/wp-json\/wp\/v2\/categories?post=8536"},{"taxonomy":"post_tag","embeddable":true,"href":"https:\/\/www.ugt.cat\/jubilats\/wp-json\/wp\/v2\/tags?post=8536"}],"curies":[{"name":"wp","href":"https:\/\/api.w.org\/{rel}","templated":true}]}}