{"id":8769,"date":"2024-01-18T10:45:07","date_gmt":"2024-01-18T10:45:07","guid":{"rendered":"https:\/\/www.ugt.cat\/jubilats\/?p=8769"},"modified":"2024-01-18T12:41:18","modified_gmt":"2024-01-18T12:41:18","slug":"compareix-sg-ujp-ugt-catalunya-en-parlament-llei-gent-gran","status":"publish","type":"post","link":"https:\/\/www.ugt.cat\/jubilats\/compareix-sg-ujp-ugt-catalunya-en-parlament-llei-gent-gran\/","title":{"rendered":"Compareix SG UJP-UGT Catalunya en Parlament Llei Gent Gran"},"content":{"rendered":"<p style=\"text-align: left;\">Dimecres dia 17 el secretari general d&#8217;UJP-UGT de Catalunya Manuel Becerra, ha comparegut en la comissi\u00f3 del Parlament de Catalunya aportant les prospostes per la Llei de la Gent Gran en tr\u00e0mit parlamentari.<\/p>\n<p>Ha valorat molt positivament la iniciativa parlament\u00e0ria, el contingut de la qual compartint ampliament i ha insistit en que es recullin mesures efectives en temes esencials:<\/p>\n<ul>\n<li>Entorn als <strong>serveis i atenci\u00f3 social, sanit\u00e0ria, sociosanit\u00e0ria i residencial<\/strong><\/li>\n<li>La <strong>reducci\u00f3 de les llistes d&#8217;espera<\/strong> sanit\u00e0ries<\/li>\n<li>Els <strong>serveis i atenci\u00f3 residencials<\/strong>, amb les conseq\u00fcenci\u00e8ncies de que m\u00e9s del 80% de pla\u00e7es siguin gestionades desde l&#8217;\u00e0mbit privat<\/li>\n<li>Les <strong>avaluacions i prestacions per la depend\u00e8ncia<\/strong><\/li>\n<li>Les <strong>barreres com la digital<\/strong> que s\u00f3n clar exponent de <strong>discriminaci\u00f3 edatista<\/strong>.<\/li>\n<li>Incrementar la <strong>protecci\u00f3 jur\u00eddica<\/strong> en el cas de delictes contra la gent gran<\/li>\n<li>La <strong>dotaci\u00f3 de mitjans<\/strong> per atendre tot aix\u00f2 <strong>en l&#8217;\u00e0mbit de l&#8217;administraci\u00f3<\/strong> auton\u00f2mica que es doti d&#8217;<strong>una direcci\u00f3 general en el departament del govern<\/strong> d&#8217;acord amb la import\u00e0ncia i abast de la problem\u00e0tica de la gent gran<\/li>\n<\/ul>\n<p>Podeu consultar el document amb la <a href=\"https:\/\/drive.google.com\/file\/d\/14PmlOVs1my1DtFAFsWRMFQZKniN28NMD\/view?usp=sharing\">intervenci\u00f3 complerta clicant sobre aquest l&#8217;enlla\u00e7<\/a><\/p>\n<p>Tamb\u00e9 podeu visualitzar-la en el seg\u00fcent enlla\u00e7 (apareix a partir del minut 34,40): <a href=\"https:\/\/www.youtube.com\/live\/iJ0DKKfnEhk?si=WDQpWAzva0CVN6bw\">https:\/\/www.youtube.com\/live\/iJ0DKKfnEhk?si=WDQpWAzva0CVN6bw<\/a><\/p>\n\n\t\t<style>\n\t\t\t#gallery-1 {\n\t\t\t\tmargin: auto;\n\t\t\t}\n\t\t\t#gallery-1 .gallery-item {\n\t\t\t\tfloat: left;\n\t\t\t\tmargin-top: 10px;\n\t\t\t\ttext-align: center;\n\t\t\t\twidth: 33%;\n\t\t\t}\n\t\t\t#gallery-1 img {\n\t\t\t\tborder: 2px solid #cfcfcf;\n\t\t\t}\n\t\t\t#gallery-1 .gallery-caption {\n\t\t\t\tmargin-left: 0;\n\t\t\t}\n\t\t\t\/* see gallery_shortcode() in wp-includes\/media.php *\/\n\t\t<\/style>\n\t\t<div id='gallery-1' class='gallery galleryid-8769 gallery-columns-3 gallery-size-thumbnail'><dl class='gallery-item'>\n\t\t\t<dt class='gallery-icon landscape'>\n\t\t\t\t<a href='https:\/\/www.ugt.cat\/jubilats\/compareix-sg-ujp-ugt-catalunya-en-parlament-llei-gent-gran\/descarga-6\/'><img loading=\"lazy\" decoding=\"async\" width=\"150\" height=\"150\" src=\"https:\/\/www.ugt.cat\/jubilats\/wp-content\/uploads\/2024\/01\/descarga-150x150.jpg\" class=\"attachment-thumbnail size-thumbnail\" alt=\"\" \/><\/a>\n\t\t\t<\/dt><\/dl><dl class='gallery-item'>\n\t\t\t<dt class='gallery-icon landscape'>\n\t\t\t\t<a href='https:\/\/www.ugt.cat\/jubilats\/compareix-sg-ujp-ugt-catalunya-en-parlament-llei-gent-gran\/img_20240117_151113\/'><img loading=\"lazy\" decoding=\"async\" width=\"150\" height=\"150\" src=\"https:\/\/www.ugt.cat\/jubilats\/wp-content\/uploads\/2024\/01\/IMG_20240117_151113-150x150.jpg\" class=\"attachment-thumbnail size-thumbnail\" alt=\"\" \/><\/a>\n\t\t\t<\/dt><\/dl><dl class='gallery-item'>\n\t\t\t<dt class='gallery-icon landscape'>\n\t\t\t\t<a href='https:\/\/www.ugt.cat\/jubilats\/compareix-sg-ujp-ugt-catalunya-en-parlament-llei-gent-gran\/img_20240117_151605\/'><img loading=\"lazy\" decoding=\"async\" width=\"150\" height=\"150\" src=\"https:\/\/www.ugt.cat\/jubilats\/wp-content\/uploads\/2024\/01\/IMG_20240117_151605-150x150.jpg\" class=\"attachment-thumbnail size-thumbnail\" alt=\"\" \/><\/a>\n\t\t\t<\/dt><\/dl><br style=\"clear: both\" \/><dl class='gallery-item'>\n\t\t\t<dt class='gallery-icon landscape'>\n\t\t\t\t<a href='https:\/\/www.ugt.cat\/jubilats\/compareix-sg-ujp-ugt-catalunya-en-parlament-llei-gent-gran\/img_20240117_150957\/'><img loading=\"lazy\" decoding=\"async\" width=\"150\" height=\"150\" src=\"https:\/\/www.ugt.cat\/jubilats\/wp-content\/uploads\/2024\/01\/IMG_20240117_150957-150x150.jpg\" class=\"attachment-thumbnail size-thumbnail\" alt=\"\" \/><\/a>\n\t\t\t<\/dt><\/dl><dl class='gallery-item'>\n\t\t\t<dt class='gallery-icon portrait'>\n\t\t\t\t<a href='https:\/\/www.ugt.cat\/jubilats\/compareix-sg-ujp-ugt-catalunya-en-parlament-llei-gent-gran\/img_20240117_163622\/'><img loading=\"lazy\" decoding=\"async\" width=\"150\" height=\"150\" src=\"https:\/\/www.ugt.cat\/jubilats\/wp-content\/uploads\/2024\/01\/IMG_20240117_163622-150x150.jpg\" class=\"attachment-thumbnail size-thumbnail\" alt=\"\" \/><\/a>\n\t\t\t<\/dt><\/dl>\n\t\t\t<br style='clear: both' \/>\n\t\t<\/div>\n\n","protected":false},"excerpt":{"rendered":"<p>Dimecres dia 17 el secretari general d&#8217;UJP-UGT de Catalunya Manuel Becerra, ha comparegut en la comissi\u00f3 del Parlament de Catalunya aportant les prospostes per la Llei de la Gent Gran en tr\u00e0mit parlamentari. Ha valorat molt positivament la iniciativa parlament\u00e0ria, <a class=\"more-link\" href=\"https:\/\/www.ugt.cat\/jubilats\/compareix-sg-ujp-ugt-catalunya-en-parlament-llei-gent-gran\/\">Continua llegint <span class=\"meta-nav\">&rarr;<\/span><\/a><\/p>\n","protected":false},"author":6,"featured_media":8772,"comment_status":"closed","ping_status":"open","sticky":false,"template":"","format":"standard","meta":{"footnotes":""},"categories":[1],"tags":[],"class_list":["post-8769","post","type-post","status-publish","format-standard","has-post-thumbnail","hentry","category-general"],"_links":{"self":[{"href":"https:\/\/www.ugt.cat\/jubilats\/wp-json\/wp\/v2\/posts\/8769","targetHints":{"allow":["GET"]}}],"collection":[{"href":"https:\/\/www.ugt.cat\/jubilats\/wp-json\/wp\/v2\/posts"}],"about":[{"href":"https:\/\/www.ugt.cat\/jubilats\/wp-json\/wp\/v2\/types\/post"}],"author":[{"embeddable":true,"href":"https:\/\/www.ugt.cat\/jubilats\/wp-json\/wp\/v2\/users\/6"}],"replies":[{"embeddable":true,"href":"https:\/\/www.ugt.cat\/jubilats\/wp-json\/wp\/v2\/comments?post=8769"}],"version-history":[{"count":7,"href":"https:\/\/www.ugt.cat\/jubilats\/wp-json\/wp\/v2\/posts\/8769\/revisions"}],"predecessor-version":[{"id":8781,"href":"https:\/\/www.ugt.cat\/jubilats\/wp-json\/wp\/v2\/posts\/8769\/revisions\/8781"}],"wp:featuredmedia":[{"embeddable":true,"href":"https:\/\/www.ugt.cat\/jubilats\/wp-json\/wp\/v2\/media\/8772"}],"wp:attachment":[{"href":"https:\/\/www.ugt.cat\/jubilats\/wp-json\/wp\/v2\/media?parent=8769"}],"wp:term":[{"taxonomy":"category","embeddable":true,"href":"https:\/\/www.ugt.cat\/jubilats\/wp-json\/wp\/v2\/categories?post=8769"},{"taxonomy":"post_tag","embeddable":true,"href":"https:\/\/www.ugt.cat\/jubilats\/wp-json\/wp\/v2\/tags?post=8769"}],"curies":[{"name":"wp","href":"https:\/\/api.w.org\/{rel}","templated":true}]}}