{"id":8783,"date":"2024-01-24T10:34:35","date_gmt":"2024-01-24T10:34:35","guid":{"rendered":"https:\/\/www.ugt.cat\/jubilats\/?p=8783"},"modified":"2024-01-24T11:23:31","modified_gmt":"2024-01-24T11:23:31","slug":"reunio-30-de-gener-jubilats-cotitzans-mutualitats-laborals-abans-31-12-1978","status":"publish","type":"post","link":"https:\/\/www.ugt.cat\/jubilats\/reunio-30-de-gener-jubilats-cotitzans-mutualitats-laborals-abans-31-12-1978\/","title":{"rendered":"REUNI\u00d3 30 DE GENER A BCN JUBILATS COTITZANTS MUTUALITATS LABORALS ABANS 31-12-1978"},"content":{"rendered":"<p>La<strong> UJP-UGT<\/strong> de Catalunya convoca als seus afiliats, afiliades i simpatitzants a la reuni\u00f3 informativa organitzada per la UJP-UGT i el <strong>Gabinet Jur\u00eddic<\/strong> de la UGT de Catalunya que tindr\u00e0 lloc a la seu d&#8217;UGT a Barcelona rambla de Santa M\u00f2nica n\u00fam 10, a la sala de les Brigades Internacionals, el dimarts<strong> 30 de gener de 2024 a les 17\u202fh.<\/strong><\/p>\n<p>La reuni\u00f3 anir\u00e0 a c\u00e0rrec de <strong>l&#8217;advocat Miguel \u00c1ngel Soler<\/strong> i <strong>el cap del Gabinet Juridic Alejandro del Llano <\/strong>per explicar amb detall com reclamar a l&#8217;AEAT l&#8217;exempci\u00f3 fiscal d&#8217;una part de la pensi\u00f3 contributiva de jubilaci\u00f3 o invalidesa percebuda, que la recent sent\u00e8ncia del TS ha reconegut per les jubilades i jubilats cotitzants a les Mutualitats Laborals (absorbides per la Seguretat Social) amb anterioritat a 31-12-1978.<\/p>\n<p>Els assistents podran participar i sol\u00b7licitar per part dels advocats els aclariments sobre els dubtes que tinguin.<\/p>\n<p><a href=\"https:\/\/www.ugt.cat\/jubilats\/wp-content\/uploads\/2024\/01\/Cartell-Assemblea-300124.jpg\"><img loading=\"lazy\" decoding=\"async\" class=\"size-medium wp-image-8786 aligncenter\" src=\"https:\/\/www.ugt.cat\/jubilats\/wp-content\/uploads\/2024\/01\/Cartell-Assemblea-300124-300x212.jpg\" alt=\"\" width=\"300\" height=\"212\" srcset=\"https:\/\/www.ugt.cat\/jubilats\/wp-content\/uploads\/2024\/01\/Cartell-Assemblea-300124-300x212.jpg 300w, https:\/\/www.ugt.cat\/jubilats\/wp-content\/uploads\/2024\/01\/Cartell-Assemblea-300124-1024x724.jpg 1024w, https:\/\/www.ugt.cat\/jubilats\/wp-content\/uploads\/2024\/01\/Cartell-Assemblea-300124-768x543.jpg 768w, https:\/\/www.ugt.cat\/jubilats\/wp-content\/uploads\/2024\/01\/Cartell-Assemblea-300124-1536x1086.jpg 1536w, https:\/\/www.ugt.cat\/jubilats\/wp-content\/uploads\/2024\/01\/Cartell-Assemblea-300124-2048x1448.jpg 2048w\" sizes=\"auto, (max-width: 300px) 100vw, 300px\" \/><\/a><\/p>\n","protected":false},"excerpt":{"rendered":"<p>La UJP-UGT de Catalunya convoca als seus afiliats, afiliades i simpatitzants a la reuni\u00f3 informativa organitzada per la UJP-UGT i el Gabinet Jur\u00eddic de la UGT de Catalunya que tindr\u00e0 lloc a la seu d&#8217;UGT a Barcelona rambla de Santa <a class=\"more-link\" href=\"https:\/\/www.ugt.cat\/jubilats\/reunio-30-de-gener-jubilats-cotitzans-mutualitats-laborals-abans-31-12-1978\/\">Continua llegint <span class=\"meta-nav\">&rarr;<\/span><\/a><\/p>\n","protected":false},"author":6,"featured_media":8786,"comment_status":"closed","ping_status":"open","sticky":false,"template":"","format":"standard","meta":{"footnotes":""},"categories":[1],"tags":[],"class_list":["post-8783","post","type-post","status-publish","format-standard","has-post-thumbnail","hentry","category-general"],"_links":{"self":[{"href":"https:\/\/www.ugt.cat\/jubilats\/wp-json\/wp\/v2\/posts\/8783","targetHints":{"allow":["GET"]}}],"collection":[{"href":"https:\/\/www.ugt.cat\/jubilats\/wp-json\/wp\/v2\/posts"}],"about":[{"href":"https:\/\/www.ugt.cat\/jubilats\/wp-json\/wp\/v2\/types\/post"}],"author":[{"embeddable":true,"href":"https:\/\/www.ugt.cat\/jubilats\/wp-json\/wp\/v2\/users\/6"}],"replies":[{"embeddable":true,"href":"https:\/\/www.ugt.cat\/jubilats\/wp-json\/wp\/v2\/comments?post=8783"}],"version-history":[{"count":6,"href":"https:\/\/www.ugt.cat\/jubilats\/wp-json\/wp\/v2\/posts\/8783\/revisions"}],"predecessor-version":[{"id":8791,"href":"https:\/\/www.ugt.cat\/jubilats\/wp-json\/wp\/v2\/posts\/8783\/revisions\/8791"}],"wp:featuredmedia":[{"embeddable":true,"href":"https:\/\/www.ugt.cat\/jubilats\/wp-json\/wp\/v2\/media\/8786"}],"wp:attachment":[{"href":"https:\/\/www.ugt.cat\/jubilats\/wp-json\/wp\/v2\/media?parent=8783"}],"wp:term":[{"taxonomy":"category","embeddable":true,"href":"https:\/\/www.ugt.cat\/jubilats\/wp-json\/wp\/v2\/categories?post=8783"},{"taxonomy":"post_tag","embeddable":true,"href":"https:\/\/www.ugt.cat\/jubilats\/wp-json\/wp\/v2\/tags?post=8783"}],"curies":[{"name":"wp","href":"https:\/\/api.w.org\/{rel}","templated":true}]}}