{"id":8802,"date":"2024-01-31T22:57:19","date_gmt":"2024-01-31T22:57:19","guid":{"rendered":"https:\/\/www.ugt.cat\/jubilats\/?p=8802"},"modified":"2024-01-31T23:22:16","modified_gmt":"2024-01-31T23:22:16","slug":"ujp-ugt-apg-solidaria-contra-el-tancament-de-venca","status":"publish","type":"post","link":"https:\/\/www.ugt.cat\/jubilats\/ujp-ugt-apg-solidaria-contra-el-tancament-de-venca\/","title":{"rendered":"UJP-UGT APG solidaria contra el tancament de VENCA"},"content":{"rendered":"<p><a href=\"https:\/\/www.ugt.cat\/jubilats\/wp-content\/uploads\/2024\/01\/IMG-20240130-WA0053.jpg\"><img loading=\"lazy\" decoding=\"async\" class=\"alignnone size-medium wp-image-8804\" src=\"https:\/\/www.ugt.cat\/jubilats\/wp-content\/uploads\/2024\/01\/IMG-20240130-WA0053-300x199.jpg\" alt=\"\" width=\"300\" height=\"199\" srcset=\"https:\/\/www.ugt.cat\/jubilats\/wp-content\/uploads\/2024\/01\/IMG-20240130-WA0053-300x199.jpg 300w, https:\/\/www.ugt.cat\/jubilats\/wp-content\/uploads\/2024\/01\/IMG-20240130-WA0053-1024x681.jpg 1024w, https:\/\/www.ugt.cat\/jubilats\/wp-content\/uploads\/2024\/01\/IMG-20240130-WA0053-768x510.jpg 768w, https:\/\/www.ugt.cat\/jubilats\/wp-content\/uploads\/2024\/01\/IMG-20240130-WA0053-1536x1021.jpg 1536w, https:\/\/www.ugt.cat\/jubilats\/wp-content\/uploads\/2024\/01\/IMG-20240130-WA0053.jpg 2048w\" sizes=\"auto, (max-width: 300px) 100vw, 300px\" \/><\/a><\/p>\n<p style=\"text-align: left;\">UJP-UGT APG (Anoia-Pened\u00e8s-Garraf), ha participat a la concentraci\u00f3 contra el tancament de l&#8217;empresa VENCA celebrada a Vilanova i la Geltr\u00fa dissabte 27 de gener, solidarizant-se amb la d<span style=\"font-weight: 300;\">efensa dels llocs de treball.<\/span><\/p>\n<p><a href=\"https:\/\/www.ugt.cat\/jubilats\/wp-content\/uploads\/2024\/01\/IMG-20240123-WA0031.jpg\"><img loading=\"lazy\" decoding=\"async\" class=\"alignnone size-medium wp-image-8831\" src=\"https:\/\/www.ugt.cat\/jubilats\/wp-content\/uploads\/2024\/01\/IMG-20240123-WA0031-300x300.jpg\" alt=\"\" width=\"300\" height=\"300\" srcset=\"https:\/\/www.ugt.cat\/jubilats\/wp-content\/uploads\/2024\/01\/IMG-20240123-WA0031-300x300.jpg 300w, https:\/\/www.ugt.cat\/jubilats\/wp-content\/uploads\/2024\/01\/IMG-20240123-WA0031-1024x1024.jpg 1024w, https:\/\/www.ugt.cat\/jubilats\/wp-content\/uploads\/2024\/01\/IMG-20240123-WA0031-150x150.jpg 150w, https:\/\/www.ugt.cat\/jubilats\/wp-content\/uploads\/2024\/01\/IMG-20240123-WA0031-768x768.jpg 768w, https:\/\/www.ugt.cat\/jubilats\/wp-content\/uploads\/2024\/01\/IMG-20240123-WA0031.jpg 1080w\" sizes=\"auto, (max-width: 300px) 100vw, 300px\" \/><\/a><a href=\"https:\/\/www.ugt.cat\/jubilats\/wp-content\/uploads\/2024\/01\/IMG-20240130-WA0052.jpg\"><img loading=\"lazy\" decoding=\"async\" class=\"alignnone size-medium wp-image-8803\" src=\"https:\/\/www.ugt.cat\/jubilats\/wp-content\/uploads\/2024\/01\/IMG-20240130-WA0052-300x199.jpg\" alt=\"\" width=\"300\" height=\"199\" srcset=\"https:\/\/www.ugt.cat\/jubilats\/wp-content\/uploads\/2024\/01\/IMG-20240130-WA0052-300x199.jpg 300w, https:\/\/www.ugt.cat\/jubilats\/wp-content\/uploads\/2024\/01\/IMG-20240130-WA0052-1024x681.jpg 1024w, https:\/\/www.ugt.cat\/jubilats\/wp-content\/uploads\/2024\/01\/IMG-20240130-WA0052-768x510.jpg 768w, https:\/\/www.ugt.cat\/jubilats\/wp-content\/uploads\/2024\/01\/IMG-20240130-WA0052-1536x1021.jpg 1536w, https:\/\/www.ugt.cat\/jubilats\/wp-content\/uploads\/2024\/01\/IMG-20240130-WA0052.jpg 2048w\" sizes=\"auto, (max-width: 300px) 100vw, 300px\" \/><\/a><a href=\"https:\/\/www.ugt.cat\/jubilats\/wp-content\/uploads\/2024\/01\/IMG-20240130-WA0054.jpg\"><img loading=\"lazy\" decoding=\"async\" class=\"alignnone size-medium wp-image-8806\" src=\"https:\/\/www.ugt.cat\/jubilats\/wp-content\/uploads\/2024\/01\/IMG-20240130-WA0054-300x199.jpg\" alt=\"\" width=\"300\" height=\"199\" srcset=\"https:\/\/www.ugt.cat\/jubilats\/wp-content\/uploads\/2024\/01\/IMG-20240130-WA0054-300x199.jpg 300w, https:\/\/www.ugt.cat\/jubilats\/wp-content\/uploads\/2024\/01\/IMG-20240130-WA0054-1024x681.jpg 1024w, https:\/\/www.ugt.cat\/jubilats\/wp-content\/uploads\/2024\/01\/IMG-20240130-WA0054-768x510.jpg 768w, https:\/\/www.ugt.cat\/jubilats\/wp-content\/uploads\/2024\/01\/IMG-20240130-WA0054-1536x1021.jpg 1536w, https:\/\/www.ugt.cat\/jubilats\/wp-content\/uploads\/2024\/01\/IMG-20240130-WA0054.jpg 2048w\" sizes=\"auto, (max-width: 300px) 100vw, 300px\" \/><\/a><a href=\"https:\/\/www.ugt.cat\/jubilats\/wp-content\/uploads\/2024\/01\/IMG-20240130-WA0055.jpg\"><img loading=\"lazy\" decoding=\"async\" class=\"alignnone size-medium wp-image-8805\" src=\"https:\/\/www.ugt.cat\/jubilats\/wp-content\/uploads\/2024\/01\/IMG-20240130-WA0055-300x199.jpg\" alt=\"\" width=\"300\" height=\"199\" srcset=\"https:\/\/www.ugt.cat\/jubilats\/wp-content\/uploads\/2024\/01\/IMG-20240130-WA0055-300x199.jpg 300w, https:\/\/www.ugt.cat\/jubilats\/wp-content\/uploads\/2024\/01\/IMG-20240130-WA0055-1024x681.jpg 1024w, https:\/\/www.ugt.cat\/jubilats\/wp-content\/uploads\/2024\/01\/IMG-20240130-WA0055-768x510.jpg 768w, https:\/\/www.ugt.cat\/jubilats\/wp-content\/uploads\/2024\/01\/IMG-20240130-WA0055-1536x1021.jpg 1536w, https:\/\/www.ugt.cat\/jubilats\/wp-content\/uploads\/2024\/01\/IMG-20240130-WA0055.jpg 2048w\" sizes=\"auto, (max-width: 300px) 100vw, 300px\" \/><\/a><a href=\"https:\/\/www.ugt.cat\/jubilats\/wp-content\/uploads\/2024\/01\/IMG-20240130-WA0052.jpg\"><img loading=\"lazy\" decoding=\"async\" class=\"alignnone size-medium wp-image-8803\" src=\"https:\/\/www.ugt.cat\/jubilats\/wp-content\/uploads\/2024\/01\/IMG-20240130-WA0052-300x199.jpg\" alt=\"\" width=\"300\" height=\"199\" srcset=\"https:\/\/www.ugt.cat\/jubilats\/wp-content\/uploads\/2024\/01\/IMG-20240130-WA0052-300x199.jpg 300w, https:\/\/www.ugt.cat\/jubilats\/wp-content\/uploads\/2024\/01\/IMG-20240130-WA0052-1024x681.jpg 1024w, https:\/\/www.ugt.cat\/jubilats\/wp-content\/uploads\/2024\/01\/IMG-20240130-WA0052-768x510.jpg 768w, https:\/\/www.ugt.cat\/jubilats\/wp-content\/uploads\/2024\/01\/IMG-20240130-WA0052-1536x1021.jpg 1536w, https:\/\/www.ugt.cat\/jubilats\/wp-content\/uploads\/2024\/01\/IMG-20240130-WA0052.jpg 2048w\" sizes=\"auto, (max-width: 300px) 100vw, 300px\" \/><\/a><\/p>\n<p>&nbsp;<\/p>\n<p>&nbsp;<\/p>\n","protected":false},"excerpt":{"rendered":"<p>UJP-UGT APG (Anoia-Pened\u00e8s-Garraf), ha participat a la concentraci\u00f3 contra el tancament de l&#8217;empresa VENCA celebrada a Vilanova i la Geltr\u00fa dissabte 27 de gener, solidarizant-se amb la defensa dels llocs de treball. &nbsp; &nbsp;<\/p>\n","protected":false},"author":6,"featured_media":8804,"comment_status":"closed","ping_status":"open","sticky":false,"template":"","format":"standard","meta":{"footnotes":""},"categories":[1],"tags":[],"class_list":["post-8802","post","type-post","status-publish","format-standard","has-post-thumbnail","hentry","category-general"],"_links":{"self":[{"href":"https:\/\/www.ugt.cat\/jubilats\/wp-json\/wp\/v2\/posts\/8802","targetHints":{"allow":["GET"]}}],"collection":[{"href":"https:\/\/www.ugt.cat\/jubilats\/wp-json\/wp\/v2\/posts"}],"about":[{"href":"https:\/\/www.ugt.cat\/jubilats\/wp-json\/wp\/v2\/types\/post"}],"author":[{"embeddable":true,"href":"https:\/\/www.ugt.cat\/jubilats\/wp-json\/wp\/v2\/users\/6"}],"replies":[{"embeddable":true,"href":"https:\/\/www.ugt.cat\/jubilats\/wp-json\/wp\/v2\/comments?post=8802"}],"version-history":[{"count":11,"href":"https:\/\/www.ugt.cat\/jubilats\/wp-json\/wp\/v2\/posts\/8802\/revisions"}],"predecessor-version":[{"id":8840,"href":"https:\/\/www.ugt.cat\/jubilats\/wp-json\/wp\/v2\/posts\/8802\/revisions\/8840"}],"wp:featuredmedia":[{"embeddable":true,"href":"https:\/\/www.ugt.cat\/jubilats\/wp-json\/wp\/v2\/media\/8804"}],"wp:attachment":[{"href":"https:\/\/www.ugt.cat\/jubilats\/wp-json\/wp\/v2\/media?parent=8802"}],"wp:term":[{"taxonomy":"category","embeddable":true,"href":"https:\/\/www.ugt.cat\/jubilats\/wp-json\/wp\/v2\/categories?post=8802"},{"taxonomy":"post_tag","embeddable":true,"href":"https:\/\/www.ugt.cat\/jubilats\/wp-json\/wp\/v2\/tags?post=8802"}],"curies":[{"name":"wp","href":"https:\/\/api.w.org\/{rel}","templated":true}]}}