{"id":8842,"date":"2024-02-02T09:28:55","date_gmt":"2024-02-02T09:28:55","guid":{"rendered":"https:\/\/www.ugt.cat\/jubilats\/?p=8842"},"modified":"2024-02-27T10:04:44","modified_gmt":"2024-02-27T10:04:44","slug":"jubilades-i-jubilats-a-lassemblea-informativa-ujp-ugt-a-bcn-per-lirpf-de-pensions-per-mutualitats-laborals","status":"publish","type":"post","link":"https:\/\/www.ugt.cat\/jubilats\/jubilades-i-jubilats-a-lassemblea-informativa-ujp-ugt-a-bcn-per-lirpf-de-pensions-per-mutualitats-laborals\/","title":{"rendered":"Jubilades i jubilats a l&#8217;assemblea informativa UJP-UGT a BCN per l&#8217;IRPF de pensions per mutualitats laborals"},"content":{"rendered":"<p>Dimarts dia 30 de gener jubilades i jubilats han assistit a l&#8217;assemblea informativa UJP-UGT a la seu de Barcelona a on l&#8217;<strong>advocat<\/strong> <strong>Miguel \u00c1ngel Soler<\/strong> i el <strong>cap del Gabinet Jur\u00eddic de la UGT de Catalunya<\/strong> <strong>Alejandro Del Llano<\/strong> han informat de l<span style=\"color: #333333; font-style: normal; font-weight: 300;\">a <strong>situaci\u00f3 de les demandes a l&#8217;AEAT per l&#8217;IRPF de les pensions<\/strong> de la Seguretat Social <strong>derivades de les cotitzacions a les mutualitats laborals<\/strong>, explicant les darreres novetats a nivell judicial i el resultat favorable de les reclamacions gestionades, aclarint les nombroses preguntes dels assistents.<\/span><\/p>\n<p style=\"color: #333333; font-style: normal;\"><span style=\"color: #333333; font-style: normal; font-weight: 300;\">Pels interessats en la gesti\u00f3 de la seva reclamaci\u00f3 des del Gabinet jur\u00eddic d&#8217;UGT Catalunya s&#8217;ha establert la seg\u00fcent adre\u00e7a de correu electr\u00f2nic:<\/span><\/p>\n<h6 style=\"text-align: center;\"><strong>mutualidadgeneral@catalunya.ugt.org<\/strong><\/h6>\n<p style=\"color: #333333; font-style: normal;\"><span style=\"color: #333333; font-style: normal; font-weight: 300;\">a on es pot consultar requeriments i condicions, aix\u00ed como els dubtes per afegir-se<\/span><\/p>\n<p><span style=\"color: #333333; font-weight: 300;\"><i>S&#8217;ha informat tamb\u00e9 de les <\/i><strong style=\"font-style: italic; font-weight: 300;\">actuacions a nivell confederal d&#8217;UGT amb el ministeri<\/strong><i> pel tractament de la fiscalitat de la part de les pensions derivades de les <\/i><strong style=\"font-style: italic; font-weight: 300;\">cotitzacions a les mutualitats al llarg de tota la vida i sectors laborals<\/strong><i>. L&#8217;AEAT ha comunicat la posada en marxa d&#8217;un formulari per les reclamacions a trav\u00e9s de la seva web operatiu a partir del 20 de mar\u00e7. Cal tenir present que <\/i><strong style=\"font-style: italic; font-weight: 300;\">les reclamacions de l&#8217;exercici\u00a0 fiscal 2019 s&#8217;han de presentar abans del 30 de juny pr\u00f2xim.<\/strong> Podeu consultar nota informativa i aclaracions de l&#8217;AEAT en aquest <a href=\"https:\/\/drive.google.com\/file\/d\/15rc2sNQ2cjhqG1IRCB-2vL0ZMmbBuHl5\/view?usp=sharing\">enlla\u00e7<\/a>.<\/span><\/p>\n<p><em>Cal considerar tamb\u00e9 les recents resolucions judicials que milloraran el percentatge del import de la pensi\u00f3 redu\u00eft fiscalment, al considerar que la proporci\u00f3 de dies treballats abans de 1979 ser\u00e0 sobre 35 anys i que es pot computar l&#8217;any de servei militar que es justifiqui, si abans de comen\u00e7ar-ho es cotitzaba a les mutualitats.<\/em><\/p>\n<p>&nbsp;<\/p>\n\n\t\t<style>\n\t\t\t#gallery-1 {\n\t\t\t\tmargin: auto;\n\t\t\t}\n\t\t\t#gallery-1 .gallery-item {\n\t\t\t\tfloat: left;\n\t\t\t\tmargin-top: 10px;\n\t\t\t\ttext-align: center;\n\t\t\t\twidth: 33%;\n\t\t\t}\n\t\t\t#gallery-1 img {\n\t\t\t\tborder: 2px solid #cfcfcf;\n\t\t\t}\n\t\t\t#gallery-1 .gallery-caption {\n\t\t\t\tmargin-left: 0;\n\t\t\t}\n\t\t\t\/* see gallery_shortcode() in wp-includes\/media.php *\/\n\t\t<\/style>\n\t\t<div id='gallery-1' class='gallery galleryid-8842 gallery-columns-3 gallery-size-thumbnail'><dl class='gallery-item'>\n\t\t\t<dt class='gallery-icon portrait'>\n\t\t\t\t<a href='https:\/\/www.ugt.cat\/jubilats\/ujp-ugt-apg-solidaria-contra-el-tancament-de-venca\/img-20240130-wa0038\/'><img loading=\"lazy\" decoding=\"async\" width=\"150\" height=\"150\" src=\"https:\/\/www.ugt.cat\/jubilats\/wp-content\/uploads\/2024\/01\/IMG-20240130-WA0038-150x150.jpg\" class=\"attachment-thumbnail size-thumbnail\" alt=\"\" \/><\/a>\n\t\t\t<\/dt><\/dl><dl class='gallery-item'>\n\t\t\t<dt class='gallery-icon portrait'>\n\t\t\t\t<a href='https:\/\/www.ugt.cat\/jubilats\/ujp-ugt-apg-solidaria-contra-el-tancament-de-venca\/img-20240130-wa0031\/'><img loading=\"lazy\" decoding=\"async\" width=\"150\" height=\"150\" src=\"https:\/\/www.ugt.cat\/jubilats\/wp-content\/uploads\/2024\/01\/IMG-20240130-WA0031-150x150.jpg\" class=\"attachment-thumbnail size-thumbnail\" alt=\"\" \/><\/a>\n\t\t\t<\/dt><\/dl><dl class='gallery-item'>\n\t\t\t<dt class='gallery-icon landscape'>\n\t\t\t\t<a href='https:\/\/www.ugt.cat\/jubilats\/ujp-ugt-apg-solidaria-contra-el-tancament-de-venca\/img-20240130-wa0028\/'><img loading=\"lazy\" decoding=\"async\" width=\"150\" height=\"150\" src=\"https:\/\/www.ugt.cat\/jubilats\/wp-content\/uploads\/2024\/01\/IMG-20240130-WA0028-150x150.jpg\" class=\"attachment-thumbnail size-thumbnail\" alt=\"\" \/><\/a>\n\t\t\t<\/dt><\/dl><br style=\"clear: both\" \/><dl class='gallery-item'>\n\t\t\t<dt class='gallery-icon portrait'>\n\t\t\t\t<a href='https:\/\/www.ugt.cat\/jubilats\/ujp-ugt-apg-solidaria-contra-el-tancament-de-venca\/img-20240130-wa0026\/'><img loading=\"lazy\" decoding=\"async\" width=\"150\" height=\"150\" src=\"https:\/\/www.ugt.cat\/jubilats\/wp-content\/uploads\/2024\/01\/IMG-20240130-WA0026-150x150.jpg\" class=\"attachment-thumbnail size-thumbnail\" alt=\"\" \/><\/a>\n\t\t\t<\/dt><\/dl><dl class='gallery-item'>\n\t\t\t<dt class='gallery-icon landscape'>\n\t\t\t\t<a href='https:\/\/www.ugt.cat\/jubilats\/ujp-ugt-apg-solidaria-contra-el-tancament-de-venca\/img_20240130_171753\/'><img loading=\"lazy\" decoding=\"async\" width=\"150\" height=\"150\" src=\"https:\/\/www.ugt.cat\/jubilats\/wp-content\/uploads\/2024\/01\/IMG_20240130_171753-150x150.jpg\" class=\"attachment-thumbnail size-thumbnail\" alt=\"\" \/><\/a>\n\t\t\t<\/dt><\/dl><dl class='gallery-item'>\n\t\t\t<dt class='gallery-icon landscape'>\n\t\t\t\t<a href='https:\/\/www.ugt.cat\/jubilats\/ujp-ugt-apg-solidaria-contra-el-tancament-de-venca\/img_20240130_171528\/'><img loading=\"lazy\" decoding=\"async\" width=\"150\" height=\"150\" src=\"https:\/\/www.ugt.cat\/jubilats\/wp-content\/uploads\/2024\/01\/IMG_20240130_171528-150x150.jpg\" class=\"attachment-thumbnail size-thumbnail\" alt=\"\" \/><\/a>\n\t\t\t<\/dt><\/dl><br style=\"clear: both\" \/><dl class='gallery-item'>\n\t\t\t<dt class='gallery-icon landscape'>\n\t\t\t\t<a href='https:\/\/www.ugt.cat\/jubilats\/ujp-ugt-apg-solidaria-contra-el-tancament-de-venca\/img-20240130-wa0035\/'><img loading=\"lazy\" decoding=\"async\" width=\"150\" height=\"150\" src=\"https:\/\/www.ugt.cat\/jubilats\/wp-content\/uploads\/2024\/01\/IMG-20240130-WA0035-150x150.jpg\" class=\"attachment-thumbnail size-thumbnail\" alt=\"\" \/><\/a>\n\t\t\t<\/dt><\/dl><dl class='gallery-item'>\n\t\t\t<dt class='gallery-icon landscape'>\n\t\t\t\t<a href='https:\/\/www.ugt.cat\/jubilats\/ujp-ugt-apg-solidaria-contra-el-tancament-de-venca\/img_20240130_171505\/'><img loading=\"lazy\" decoding=\"async\" width=\"150\" height=\"150\" src=\"https:\/\/www.ugt.cat\/jubilats\/wp-content\/uploads\/2024\/01\/IMG_20240130_171505-150x150.jpg\" class=\"attachment-thumbnail size-thumbnail\" alt=\"\" \/><\/a>\n\t\t\t<\/dt><\/dl><dl class='gallery-item'>\n\t\t\t<dt class='gallery-icon landscape'>\n\t\t\t\t<a href='https:\/\/www.ugt.cat\/jubilats\/ujp-ugt-apg-solidaria-contra-el-tancament-de-venca\/img_20240130_171430\/'><img loading=\"lazy\" decoding=\"async\" width=\"150\" height=\"150\" src=\"https:\/\/www.ugt.cat\/jubilats\/wp-content\/uploads\/2024\/01\/IMG_20240130_171430-150x150.jpg\" class=\"attachment-thumbnail size-thumbnail\" alt=\"\" \/><\/a>\n\t\t\t<\/dt><\/dl><br style=\"clear: both\" \/><dl class='gallery-item'>\n\t\t\t<dt class='gallery-icon landscape'>\n\t\t\t\t<a href='https:\/\/www.ugt.cat\/jubilats\/ujp-ugt-apg-solidaria-contra-el-tancament-de-venca\/img_20240130_171417\/'><img loading=\"lazy\" decoding=\"async\" width=\"150\" height=\"150\" src=\"https:\/\/www.ugt.cat\/jubilats\/wp-content\/uploads\/2024\/01\/IMG_20240130_171417-150x150.jpg\" class=\"attachment-thumbnail size-thumbnail\" alt=\"\" \/><\/a>\n\t\t\t<\/dt><\/dl><dl class='gallery-item'>\n\t\t\t<dt class='gallery-icon landscape'>\n\t\t\t\t<a href='https:\/\/www.ugt.cat\/jubilats\/ujp-ugt-apg-solidaria-contra-el-tancament-de-venca\/img-20240130-wa0027\/'><img loading=\"lazy\" decoding=\"async\" width=\"150\" height=\"150\" src=\"https:\/\/www.ugt.cat\/jubilats\/wp-content\/uploads\/2024\/01\/IMG-20240130-WA0027-150x150.jpg\" class=\"attachment-thumbnail size-thumbnail\" alt=\"\" \/><\/a>\n\t\t\t<\/dt><\/dl><dl class='gallery-item'>\n\t\t\t<dt class='gallery-icon landscape'>\n\t\t\t\t<a href='https:\/\/www.ugt.cat\/jubilats\/ujp-ugt-apg-solidaria-contra-el-tancament-de-venca\/img-20240130-wa0030\/'><img loading=\"lazy\" decoding=\"async\" width=\"150\" height=\"150\" src=\"https:\/\/www.ugt.cat\/jubilats\/wp-content\/uploads\/2024\/01\/IMG-20240130-WA0030-150x150.jpg\" class=\"attachment-thumbnail size-thumbnail\" alt=\"\" \/><\/a>\n\t\t\t<\/dt><\/dl><br style=\"clear: both\" \/><dl class='gallery-item'>\n\t\t\t<dt class='gallery-icon landscape'>\n\t\t\t\t<a href='https:\/\/www.ugt.cat\/jubilats\/ujp-ugt-apg-solidaria-contra-el-tancament-de-venca\/img-20240130-wa0036\/'><img loading=\"lazy\" decoding=\"async\" width=\"150\" height=\"150\" src=\"https:\/\/www.ugt.cat\/jubilats\/wp-content\/uploads\/2024\/01\/IMG-20240130-WA0036-150x150.jpg\" class=\"attachment-thumbnail size-thumbnail\" alt=\"\" \/><\/a>\n\t\t\t<\/dt><\/dl><dl class='gallery-item'>\n\t\t\t<dt class='gallery-icon landscape'>\n\t\t\t\t<a href='https:\/\/www.ugt.cat\/jubilats\/ujp-ugt-apg-solidaria-contra-el-tancament-de-venca\/img-20240130-wa0032\/'><img loading=\"lazy\" decoding=\"async\" width=\"150\" height=\"150\" src=\"https:\/\/www.ugt.cat\/jubilats\/wp-content\/uploads\/2024\/01\/IMG-20240130-WA0032-150x150.jpg\" class=\"attachment-thumbnail size-thumbnail\" alt=\"\" \/><\/a>\n\t\t\t<\/dt><\/dl><dl class='gallery-item'>\n\t\t\t<dt class='gallery-icon landscape'>\n\t\t\t\t<a href='https:\/\/www.ugt.cat\/jubilats\/ujp-ugt-apg-solidaria-contra-el-tancament-de-venca\/img_20240130_172640\/'><img loading=\"lazy\" decoding=\"async\" width=\"150\" height=\"150\" src=\"https:\/\/www.ugt.cat\/jubilats\/wp-content\/uploads\/2024\/01\/IMG_20240130_172640-150x150.jpg\" class=\"attachment-thumbnail size-thumbnail\" alt=\"\" \/><\/a>\n\t\t\t<\/dt><\/dl><br style=\"clear: both\" \/><dl class='gallery-item'>\n\t\t\t<dt class='gallery-icon landscape'>\n\t\t\t\t<a href='https:\/\/www.ugt.cat\/jubilats\/ujp-ugt-apg-solidaria-contra-el-tancament-de-venca\/img_20240130_172633\/'><img loading=\"lazy\" decoding=\"async\" width=\"150\" height=\"150\" src=\"https:\/\/www.ugt.cat\/jubilats\/wp-content\/uploads\/2024\/01\/IMG_20240130_172633-150x150.jpg\" class=\"attachment-thumbnail size-thumbnail\" alt=\"\" \/><\/a>\n\t\t\t<\/dt><\/dl><dl class='gallery-item'>\n\t\t\t<dt class='gallery-icon landscape'>\n\t\t\t\t<a href='https:\/\/www.ugt.cat\/jubilats\/ujp-ugt-apg-solidaria-contra-el-tancament-de-venca\/img_20240130_181802\/'><img loading=\"lazy\" decoding=\"async\" width=\"150\" height=\"150\" src=\"https:\/\/www.ugt.cat\/jubilats\/wp-content\/uploads\/2024\/01\/IMG_20240130_181802-150x150.jpg\" class=\"attachment-thumbnail size-thumbnail\" alt=\"\" \/><\/a>\n\t\t\t<\/dt><\/dl><dl class='gallery-item'>\n\t\t\t<dt class='gallery-icon portrait'>\n\t\t\t\t<a href='https:\/\/www.ugt.cat\/jubilats\/ujp-ugt-apg-solidaria-contra-el-tancament-de-venca\/img-20240130-wa0039\/'><img loading=\"lazy\" decoding=\"async\" width=\"150\" height=\"150\" src=\"https:\/\/www.ugt.cat\/jubilats\/wp-content\/uploads\/2024\/01\/IMG-20240130-WA0039-150x150.jpg\" class=\"attachment-thumbnail size-thumbnail\" alt=\"\" \/><\/a>\n\t\t\t<\/dt><\/dl><br style=\"clear: both\" \/><dl class='gallery-item'>\n\t\t\t<dt class='gallery-icon landscape'>\n\t\t\t\t<a href='https:\/\/www.ugt.cat\/jubilats\/ujp-ugt-apg-solidaria-contra-el-tancament-de-venca\/img_20240130_175749\/'><img loading=\"lazy\" decoding=\"async\" width=\"150\" height=\"150\" src=\"https:\/\/www.ugt.cat\/jubilats\/wp-content\/uploads\/2024\/01\/IMG_20240130_175749-150x150.jpg\" class=\"attachment-thumbnail size-thumbnail\" alt=\"\" \/><\/a>\n\t\t\t<\/dt><\/dl><dl class='gallery-item'>\n\t\t\t<dt class='gallery-icon landscape'>\n\t\t\t\t<a href='https:\/\/www.ugt.cat\/jubilats\/ujp-ugt-apg-solidaria-contra-el-tancament-de-venca\/img_20240130_181757\/'><img loading=\"lazy\" decoding=\"async\" width=\"150\" height=\"150\" src=\"https:\/\/www.ugt.cat\/jubilats\/wp-content\/uploads\/2024\/01\/IMG_20240130_181757-150x150.jpg\" class=\"attachment-thumbnail size-thumbnail\" alt=\"\" \/><\/a>\n\t\t\t<\/dt><\/dl>\n\t\t\t<br style='clear: both' \/>\n\t\t<\/div>\n\n<p>e<\/p>\n<p>&nbsp;<\/p>\n<p>&nbsp;<\/p>\n","protected":false},"excerpt":{"rendered":"<p>Dimarts dia 30 de gener jubilades i jubilats han assistit a l&#8217;assemblea informativa UJP-UGT a la seu de Barcelona a on l&#8217;advocat Miguel \u00c1ngel Soler i el cap del Gabinet Jur\u00eddic de la UGT de Catalunya Alejandro Del Llano han <a class=\"more-link\" href=\"https:\/\/www.ugt.cat\/jubilats\/jubilades-i-jubilats-a-lassemblea-informativa-ujp-ugt-a-bcn-per-lirpf-de-pensions-per-mutualitats-laborals\/\">Continua llegint <span class=\"meta-nav\">&rarr;<\/span><\/a><\/p>\n","protected":false},"author":6,"featured_media":8823,"comment_status":"closed","ping_status":"open","sticky":false,"template":"","format":"standard","meta":{"footnotes":""},"categories":[1],"tags":[],"class_list":["post-8842","post","type-post","status-publish","format-standard","has-post-thumbnail","hentry","category-general"],"_links":{"self":[{"href":"https:\/\/www.ugt.cat\/jubilats\/wp-json\/wp\/v2\/posts\/8842","targetHints":{"allow":["GET"]}}],"collection":[{"href":"https:\/\/www.ugt.cat\/jubilats\/wp-json\/wp\/v2\/posts"}],"about":[{"href":"https:\/\/www.ugt.cat\/jubilats\/wp-json\/wp\/v2\/types\/post"}],"author":[{"embeddable":true,"href":"https:\/\/www.ugt.cat\/jubilats\/wp-json\/wp\/v2\/users\/6"}],"replies":[{"embeddable":true,"href":"https:\/\/www.ugt.cat\/jubilats\/wp-json\/wp\/v2\/comments?post=8842"}],"version-history":[{"count":12,"href":"https:\/\/www.ugt.cat\/jubilats\/wp-json\/wp\/v2\/posts\/8842\/revisions"}],"predecessor-version":[{"id":8867,"href":"https:\/\/www.ugt.cat\/jubilats\/wp-json\/wp\/v2\/posts\/8842\/revisions\/8867"}],"wp:featuredmedia":[{"embeddable":true,"href":"https:\/\/www.ugt.cat\/jubilats\/wp-json\/wp\/v2\/media\/8823"}],"wp:attachment":[{"href":"https:\/\/www.ugt.cat\/jubilats\/wp-json\/wp\/v2\/media?parent=8842"}],"wp:term":[{"taxonomy":"category","embeddable":true,"href":"https:\/\/www.ugt.cat\/jubilats\/wp-json\/wp\/v2\/categories?post=8842"},{"taxonomy":"post_tag","embeddable":true,"href":"https:\/\/www.ugt.cat\/jubilats\/wp-json\/wp\/v2\/tags?post=8842"}],"curies":[{"name":"wp","href":"https:\/\/api.w.org\/{rel}","templated":true}]}}