{"id":8869,"date":"2024-03-05T22:55:08","date_gmt":"2024-03-05T22:55:08","guid":{"rendered":"https:\/\/www.ugt.cat\/jubilats\/?p=8869"},"modified":"2024-03-05T22:57:52","modified_gmt":"2024-03-05T22:57:52","slug":"comite-extraordinari-ujp-ugt-de-catalunya","status":"publish","type":"post","link":"https:\/\/www.ugt.cat\/jubilats\/comite-extraordinari-ujp-ugt-de-catalunya\/","title":{"rendered":"Comit\u00e8 extraordinari UJP-UGT de Catalunya"},"content":{"rendered":"<p>S&#8217;ha cel.lebrat a la seu d&#8217;UGT a Barcelona el Comit\u00e8 extraordinari de la UJP-UGT de Catalunya per aprobar la convocat\u00f2ria del congressos extraordinari i ordinari (VIII\u00e8) pels dies 5 de mar\u00e7 de 2024 i 16 de de maig de 2025, respectivament.<\/p>\n<p>Aix\u00ed mateix, la comissi\u00f3 executiva ha informat de la tramesa de l&#8217;escrit dels secretaris generals d&#8217;UJP i de la UGT de Catalunya als afiliats i afiliades en situaci\u00f3 de jubilaci\u00f3, informant de les gestions sindicals i el funcionament a la web de l&#8217;AEAT, a partir del dia 20 de mar\u00e7, d&#8217;un formulari per efectuar les reclamacions per la fiscalitat de les pensions de la seguretat social procedents de cotitzacions a mutualitats laborals pels exercicis fiscals 2019 a 2022 i posterior aplicaci\u00f3.<\/p>\n<p><a href=\"https:\/\/drive.google.com\/file\/d\/1bB9Q2FZUP8xFMpNHg50np1jl-y8x66Ny\/view?usp=sharing\">Cliqueu sobre aquesta frase per visualitzar l&#8217;escrit.<\/a><\/p>\n\n\t\t<style>\n\t\t\t#gallery-1 {\n\t\t\t\tmargin: auto;\n\t\t\t}\n\t\t\t#gallery-1 .gallery-item {\n\t\t\t\tfloat: left;\n\t\t\t\tmargin-top: 10px;\n\t\t\t\ttext-align: center;\n\t\t\t\twidth: 33%;\n\t\t\t}\n\t\t\t#gallery-1 img {\n\t\t\t\tborder: 2px solid #cfcfcf;\n\t\t\t}\n\t\t\t#gallery-1 .gallery-caption {\n\t\t\t\tmargin-left: 0;\n\t\t\t}\n\t\t\t\/* see gallery_shortcode() in wp-includes\/media.php *\/\n\t\t<\/style>\n\t\t<div id='gallery-1' class='gallery galleryid-8869 gallery-columns-3 gallery-size-thumbnail'><dl class='gallery-item'>\n\t\t\t<dt class='gallery-icon landscape'>\n\t\t\t\t<a href='https:\/\/www.ugt.cat\/jubilats\/comite-extraordinari-ujp-ugt-de-catalunya\/img_20240305_104125\/'><img loading=\"lazy\" decoding=\"async\" width=\"150\" height=\"150\" src=\"https:\/\/www.ugt.cat\/jubilats\/wp-content\/uploads\/2024\/03\/IMG_20240305_104125-150x150.jpg\" class=\"attachment-thumbnail size-thumbnail\" alt=\"\" \/><\/a>\n\t\t\t<\/dt><\/dl><dl class='gallery-item'>\n\t\t\t<dt class='gallery-icon landscape'>\n\t\t\t\t<a href='https:\/\/www.ugt.cat\/jubilats\/comite-extraordinari-ujp-ugt-de-catalunya\/img_20240305_104504\/'><img loading=\"lazy\" decoding=\"async\" width=\"150\" height=\"150\" src=\"https:\/\/www.ugt.cat\/jubilats\/wp-content\/uploads\/2024\/03\/IMG_20240305_104504-150x150.jpg\" class=\"attachment-thumbnail size-thumbnail\" alt=\"\" \/><\/a>\n\t\t\t<\/dt><\/dl><dl class='gallery-item'>\n\t\t\t<dt class='gallery-icon portrait'>\n\t\t\t\t<a href='https:\/\/www.ugt.cat\/jubilats\/comite-extraordinari-ujp-ugt-de-catalunya\/img_20240305_104129\/'><img loading=\"lazy\" decoding=\"async\" width=\"150\" height=\"150\" src=\"https:\/\/www.ugt.cat\/jubilats\/wp-content\/uploads\/2024\/03\/IMG_20240305_104129-150x150.jpg\" class=\"attachment-thumbnail size-thumbnail\" alt=\"\" \/><\/a>\n\t\t\t<\/dt><\/dl><br style=\"clear: both\" \/><dl class='gallery-item'>\n\t\t\t<dt class='gallery-icon landscape'>\n\t\t\t\t<a href='https:\/\/www.ugt.cat\/jubilats\/comite-extraordinari-ujp-ugt-de-catalunya\/img_20240305_104225\/'><img loading=\"lazy\" decoding=\"async\" width=\"150\" height=\"150\" src=\"https:\/\/www.ugt.cat\/jubilats\/wp-content\/uploads\/2024\/03\/IMG_20240305_104225-150x150.jpg\" class=\"attachment-thumbnail size-thumbnail\" alt=\"\" \/><\/a>\n\t\t\t<\/dt><\/dl><dl class='gallery-item'>\n\t\t\t<dt class='gallery-icon landscape'>\n\t\t\t\t<a href='https:\/\/www.ugt.cat\/jubilats\/comite-extraordinari-ujp-ugt-de-catalunya\/img_20240305_104309\/'><img loading=\"lazy\" decoding=\"async\" width=\"150\" height=\"150\" src=\"https:\/\/www.ugt.cat\/jubilats\/wp-content\/uploads\/2024\/03\/IMG_20240305_104309-150x150.jpg\" class=\"attachment-thumbnail size-thumbnail\" alt=\"\" \/><\/a>\n\t\t\t<\/dt><\/dl><dl class='gallery-item'>\n\t\t\t<dt class='gallery-icon landscape'>\n\t\t\t\t<a href='https:\/\/www.ugt.cat\/jubilats\/comite-extraordinari-ujp-ugt-de-catalunya\/img_20240305_104428\/'><img loading=\"lazy\" decoding=\"async\" width=\"150\" height=\"150\" src=\"https:\/\/www.ugt.cat\/jubilats\/wp-content\/uploads\/2024\/03\/IMG_20240305_104428-150x150.jpg\" class=\"attachment-thumbnail size-thumbnail\" alt=\"\" \/><\/a>\n\t\t\t<\/dt><\/dl><br style=\"clear: both\" \/><dl class='gallery-item'>\n\t\t\t<dt class='gallery-icon landscape'>\n\t\t\t\t<a href='https:\/\/www.ugt.cat\/jubilats\/comite-extraordinari-ujp-ugt-de-catalunya\/img_20240305_104329\/'><img loading=\"lazy\" decoding=\"async\" width=\"150\" height=\"150\" src=\"https:\/\/www.ugt.cat\/jubilats\/wp-content\/uploads\/2024\/03\/IMG_20240305_104329-150x150.jpg\" class=\"attachment-thumbnail size-thumbnail\" alt=\"\" \/><\/a>\n\t\t\t<\/dt><\/dl><dl class='gallery-item'>\n\t\t\t<dt class='gallery-icon landscape'>\n\t\t\t\t<a href='https:\/\/www.ugt.cat\/jubilats\/comite-extraordinari-ujp-ugt-de-catalunya\/img_20240305_104357\/'><img loading=\"lazy\" decoding=\"async\" width=\"150\" height=\"150\" src=\"https:\/\/www.ugt.cat\/jubilats\/wp-content\/uploads\/2024\/03\/IMG_20240305_104357-150x150.jpg\" class=\"attachment-thumbnail size-thumbnail\" alt=\"\" \/><\/a>\n\t\t\t<\/dt><\/dl><dl class='gallery-item'>\n\t\t\t<dt class='gallery-icon landscape'>\n\t\t\t\t<a href='https:\/\/www.ugt.cat\/jubilats\/comite-extraordinari-ujp-ugt-de-catalunya\/img_20240305_104454\/'><img loading=\"lazy\" decoding=\"async\" width=\"150\" height=\"150\" src=\"https:\/\/www.ugt.cat\/jubilats\/wp-content\/uploads\/2024\/03\/IMG_20240305_104454-150x150.jpg\" class=\"attachment-thumbnail size-thumbnail\" alt=\"\" \/><\/a>\n\t\t\t<\/dt><\/dl><br style=\"clear: both\" \/>\n\t\t<\/div>\n\n","protected":false},"excerpt":{"rendered":"<p>S&#8217;ha cel.lebrat a la seu d&#8217;UGT a Barcelona el Comit\u00e8 extraordinari de la UJP-UGT de Catalunya per aprobar la convocat\u00f2ria del congressos extraordinari i ordinari (VIII\u00e8) pels dies 5 de mar\u00e7 de 2024 i 16 de de maig de 2025, <a class=\"more-link\" href=\"https:\/\/www.ugt.cat\/jubilats\/comite-extraordinari-ujp-ugt-de-catalunya\/\">Continua llegint <span class=\"meta-nav\">&rarr;<\/span><\/a><\/p>\n","protected":false},"author":6,"featured_media":8874,"comment_status":"closed","ping_status":"open","sticky":false,"template":"","format":"standard","meta":{"footnotes":""},"categories":[1],"tags":[],"class_list":["post-8869","post","type-post","status-publish","format-standard","has-post-thumbnail","hentry","category-general"],"_links":{"self":[{"href":"https:\/\/www.ugt.cat\/jubilats\/wp-json\/wp\/v2\/posts\/8869","targetHints":{"allow":["GET"]}}],"collection":[{"href":"https:\/\/www.ugt.cat\/jubilats\/wp-json\/wp\/v2\/posts"}],"about":[{"href":"https:\/\/www.ugt.cat\/jubilats\/wp-json\/wp\/v2\/types\/post"}],"author":[{"embeddable":true,"href":"https:\/\/www.ugt.cat\/jubilats\/wp-json\/wp\/v2\/users\/6"}],"replies":[{"embeddable":true,"href":"https:\/\/www.ugt.cat\/jubilats\/wp-json\/wp\/v2\/comments?post=8869"}],"version-history":[{"count":6,"href":"https:\/\/www.ugt.cat\/jubilats\/wp-json\/wp\/v2\/posts\/8869\/revisions"}],"predecessor-version":[{"id":8885,"href":"https:\/\/www.ugt.cat\/jubilats\/wp-json\/wp\/v2\/posts\/8869\/revisions\/8885"}],"wp:featuredmedia":[{"embeddable":true,"href":"https:\/\/www.ugt.cat\/jubilats\/wp-json\/wp\/v2\/media\/8874"}],"wp:attachment":[{"href":"https:\/\/www.ugt.cat\/jubilats\/wp-json\/wp\/v2\/media?parent=8869"}],"wp:term":[{"taxonomy":"category","embeddable":true,"href":"https:\/\/www.ugt.cat\/jubilats\/wp-json\/wp\/v2\/categories?post=8869"},{"taxonomy":"post_tag","embeddable":true,"href":"https:\/\/www.ugt.cat\/jubilats\/wp-json\/wp\/v2\/tags?post=8869"}],"curies":[{"name":"wp","href":"https:\/\/api.w.org\/{rel}","templated":true}]}}