{"id":8983,"date":"2024-04-15T07:19:01","date_gmt":"2024-04-15T07:19:01","guid":{"rendered":"https:\/\/www.ugt.cat\/jubilats\/?p=8983"},"modified":"2024-04-15T07:41:57","modified_gmt":"2024-04-15T07:41:57","slug":"2a-trobada-grup-promotor-1-o-2024-gent-gran","status":"publish","type":"post","link":"https:\/\/www.ugt.cat\/jubilats\/2a-trobada-grup-promotor-1-o-2024-gent-gran\/","title":{"rendered":"2a trobada grup promotor 1-Octubre 2024 Gent Gran"},"content":{"rendered":"\n\t\t<style>\n\t\t\t#gallery-1 {\n\t\t\t\tmargin: auto;\n\t\t\t}\n\t\t\t#gallery-1 .gallery-item {\n\t\t\t\tfloat: left;\n\t\t\t\tmargin-top: 10px;\n\t\t\t\ttext-align: center;\n\t\t\t\twidth: 33%;\n\t\t\t}\n\t\t\t#gallery-1 img {\n\t\t\t\tborder: 2px solid #cfcfcf;\n\t\t\t}\n\t\t\t#gallery-1 .gallery-caption {\n\t\t\t\tmargin-left: 0;\n\t\t\t}\n\t\t\t\/* see gallery_shortcode() in wp-includes\/media.php *\/\n\t\t<\/style>\n\t\t<div id='gallery-1' class='gallery galleryid-8983 gallery-columns-3 gallery-size-thumbnail'><dl class='gallery-item'>\n\t\t\t<dt class='gallery-icon landscape'>\n\t\t\t\t<a href='https:\/\/www.ugt.cat\/jubilats\/2a-trobada-grup-promotor-1-o-2024-gent-gran\/img_20240411_104920\/'><img loading=\"lazy\" decoding=\"async\" width=\"150\" height=\"150\" src=\"https:\/\/www.ugt.cat\/jubilats\/wp-content\/uploads\/2024\/04\/IMG_20240411_104920-150x150.jpg\" class=\"attachment-thumbnail size-thumbnail\" alt=\"\" \/><\/a>\n\t\t\t<\/dt><\/dl><dl class='gallery-item'>\n\t\t\t<dt class='gallery-icon landscape'>\n\t\t\t\t<a href='https:\/\/www.ugt.cat\/jubilats\/2a-trobada-grup-promotor-1-o-2024-gent-gran\/img_20240411_104847\/'><img loading=\"lazy\" decoding=\"async\" width=\"150\" height=\"150\" src=\"https:\/\/www.ugt.cat\/jubilats\/wp-content\/uploads\/2024\/04\/IMG_20240411_104847-150x150.jpg\" class=\"attachment-thumbnail size-thumbnail\" alt=\"\" \/><\/a>\n\t\t\t<\/dt><\/dl><dl class='gallery-item'>\n\t\t\t<dt class='gallery-icon landscape'>\n\t\t\t\t<a href='https:\/\/www.ugt.cat\/jubilats\/2a-trobada-grup-promotor-1-o-2024-gent-gran\/img_20240411_104834\/'><img loading=\"lazy\" decoding=\"async\" width=\"150\" height=\"150\" src=\"https:\/\/www.ugt.cat\/jubilats\/wp-content\/uploads\/2024\/04\/IMG_20240411_104834-150x150.jpg\" class=\"attachment-thumbnail size-thumbnail\" alt=\"\" \/><\/a>\n\t\t\t<\/dt><\/dl><br style=\"clear: both\" \/>\n\t\t<\/div>\n\n<p style=\"text-align: left;\">Dijous dia 11 s&#8217;ha celebrat a Barcelona la 2a trobada del Grup Promotor 1r d&#8217;Octubre 2024, dia internacional de la Gent Gran amb assist\u00e8ncia de nombroses entitats. S&#8217;ha tractat de la participaci\u00f3 en la propera Firagran difonent la celebraci\u00f3 del pr\u00f2xim 1-O, per preparar-ho s&#8217;ha establert una comissi\u00f3 i s&#8217;ha acordat la coordinaci\u00f3 entre els assistents amb una propera trobada el dia 13 de maig.<\/p>\n<p>Per informaci\u00f3 1a trobada <a href=\"https:\/\/www.ugt.cat\/jubilats\/1a-reunio-grup-promotor-del-1r-doctubre24-dia-internacional-de-la-gent-gran\/\">https:\/\/www.ugt.cat\/jubilats\/1a-reunio-grup-promotor-del-1r-doctubre24-dia-internacional-de-la-gent-gran\/<\/a><\/p>\n<p>Per comunicacions: <a href=\"mailto:gentgran1octubre24@gmail.com\">gentgran1octubre24@gmail.com<\/a><\/p>\n","protected":false},"excerpt":{"rendered":"<p>Dijous dia 11 s&#8217;ha celebrat a Barcelona la 2a trobada del Grup Promotor 1r d&#8217;Octubre 2024, dia internacional de la Gent Gran amb assist\u00e8ncia de nombroses entitats. S&#8217;ha tractat de la participaci\u00f3 en la propera Firagran difonent la celebraci\u00f3 del <a class=\"more-link\" href=\"https:\/\/www.ugt.cat\/jubilats\/2a-trobada-grup-promotor-1-o-2024-gent-gran\/\">Continua llegint <span class=\"meta-nav\">&rarr;<\/span><\/a><\/p>\n","protected":false},"author":6,"featured_media":8985,"comment_status":"closed","ping_status":"open","sticky":false,"template":"","format":"standard","meta":{"footnotes":""},"categories":[1],"tags":[],"class_list":["post-8983","post","type-post","status-publish","format-standard","has-post-thumbnail","hentry","category-general"],"_links":{"self":[{"href":"https:\/\/www.ugt.cat\/jubilats\/wp-json\/wp\/v2\/posts\/8983","targetHints":{"allow":["GET"]}}],"collection":[{"href":"https:\/\/www.ugt.cat\/jubilats\/wp-json\/wp\/v2\/posts"}],"about":[{"href":"https:\/\/www.ugt.cat\/jubilats\/wp-json\/wp\/v2\/types\/post"}],"author":[{"embeddable":true,"href":"https:\/\/www.ugt.cat\/jubilats\/wp-json\/wp\/v2\/users\/6"}],"replies":[{"embeddable":true,"href":"https:\/\/www.ugt.cat\/jubilats\/wp-json\/wp\/v2\/comments?post=8983"}],"version-history":[{"count":4,"href":"https:\/\/www.ugt.cat\/jubilats\/wp-json\/wp\/v2\/posts\/8983\/revisions"}],"predecessor-version":[{"id":8995,"href":"https:\/\/www.ugt.cat\/jubilats\/wp-json\/wp\/v2\/posts\/8983\/revisions\/8995"}],"wp:featuredmedia":[{"embeddable":true,"href":"https:\/\/www.ugt.cat\/jubilats\/wp-json\/wp\/v2\/media\/8985"}],"wp:attachment":[{"href":"https:\/\/www.ugt.cat\/jubilats\/wp-json\/wp\/v2\/media?parent=8983"}],"wp:term":[{"taxonomy":"category","embeddable":true,"href":"https:\/\/www.ugt.cat\/jubilats\/wp-json\/wp\/v2\/categories?post=8983"},{"taxonomy":"post_tag","embeddable":true,"href":"https:\/\/www.ugt.cat\/jubilats\/wp-json\/wp\/v2\/tags?post=8983"}],"curies":[{"name":"wp","href":"https:\/\/api.w.org\/{rel}","templated":true}]}}