{"id":9060,"date":"2024-05-29T12:44:00","date_gmt":"2024-05-29T12:44:00","guid":{"rendered":"https:\/\/www.ugt.cat\/jubilats\/?p=9060"},"modified":"2024-05-29T18:56:29","modified_gmt":"2024-05-29T18:56:29","slug":"ujp-ugt-en-la-inauguracio-firagran-acte-dijous-dia-30-1245-h-acte-unitari-per-l1-octubre-202424","status":"publish","type":"post","link":"https:\/\/www.ugt.cat\/jubilats\/ujp-ugt-en-la-inauguracio-firagran-acte-dijous-dia-30-1245-h-acte-unitari-per-l1-octubre-202424\/","title":{"rendered":"UJP-UGT en la inauguraci\u00f3 Firagran. Acte dijous a les 12,45 h, us hi esperem!"},"content":{"rendered":"<p>Aquest mat\u00ed\u00a0<strong>UJP-UGT<\/strong> hem tingut pres\u00e8ncia amb el nostre estand, a la inauguraci\u00f3 de <strong>Firagran<\/strong>, en el recinte firal de La Farga a l&#8217;Hospitalet de Llobregat; promovent l&#8217;assist\u00e8ncia a l&#8217;<strong>acte<\/strong> unitari de <strong>dijous<\/strong>\u00a0<strong>30<\/strong> a les <strong>12,45 h, <\/strong>a l&#8217;espai \u00c0gora de la Gent Gran, on es presentar\u00e0 la jornada prevista pel 1r d&#8217;Octubre 2024.<\/p>\n\n\t\t<style>\n\t\t\t#gallery-1 {\n\t\t\t\tmargin: auto;\n\t\t\t}\n\t\t\t#gallery-1 .gallery-item {\n\t\t\t\tfloat: left;\n\t\t\t\tmargin-top: 10px;\n\t\t\t\ttext-align: center;\n\t\t\t\twidth: 33%;\n\t\t\t}\n\t\t\t#gallery-1 img {\n\t\t\t\tborder: 2px solid #cfcfcf;\n\t\t\t}\n\t\t\t#gallery-1 .gallery-caption {\n\t\t\t\tmargin-left: 0;\n\t\t\t}\n\t\t\t\/* see gallery_shortcode() in wp-includes\/media.php *\/\n\t\t<\/style>\n\t\t<div id='gallery-1' class='gallery galleryid-9060 gallery-columns-3 gallery-size-thumbnail'><dl class='gallery-item'>\n\t\t\t<dt class='gallery-icon landscape'>\n\t\t\t\t<a href='https:\/\/www.ugt.cat\/jubilats\/ujp-ugt-en-la-inauguracio-firagran-acte-dijous-dia-30-1245-h-acte-unitari-per-l1-octubre-202424\/img_20240529_121742\/'><img loading=\"lazy\" decoding=\"async\" width=\"150\" height=\"150\" src=\"https:\/\/www.ugt.cat\/jubilats\/wp-content\/uploads\/2024\/05\/IMG_20240529_121742-150x150.jpg\" class=\"attachment-thumbnail size-thumbnail\" alt=\"\" \/><\/a>\n\t\t\t<\/dt><\/dl><dl class='gallery-item'>\n\t\t\t<dt class='gallery-icon landscape'>\n\t\t\t\t<a href='https:\/\/www.ugt.cat\/jubilats\/ujp-ugt-en-la-inauguracio-firagran-acte-dijous-dia-30-1245-h-acte-unitari-per-l1-octubre-202424\/img_20240529_133237\/'><img loading=\"lazy\" decoding=\"async\" width=\"150\" height=\"150\" src=\"https:\/\/www.ugt.cat\/jubilats\/wp-content\/uploads\/2024\/05\/IMG_20240529_133237-150x150.jpg\" class=\"attachment-thumbnail size-thumbnail\" alt=\"\" \/><\/a>\n\t\t\t<\/dt><\/dl><dl class='gallery-item'>\n\t\t\t<dt class='gallery-icon landscape'>\n\t\t\t\t<a href='https:\/\/www.ugt.cat\/jubilats\/ujp-ugt-en-la-inauguracio-firagran-acte-dijous-dia-30-1245-h-acte-unitari-per-l1-octubre-202424\/img_20240529_121531\/'><img loading=\"lazy\" decoding=\"async\" width=\"150\" height=\"150\" src=\"https:\/\/www.ugt.cat\/jubilats\/wp-content\/uploads\/2024\/05\/IMG_20240529_121531-150x150.jpg\" class=\"attachment-thumbnail size-thumbnail\" alt=\"\" \/><\/a>\n\t\t\t<\/dt><\/dl><br style=\"clear: both\" \/><dl class='gallery-item'>\n\t\t\t<dt class='gallery-icon landscape'>\n\t\t\t\t<a href='https:\/\/www.ugt.cat\/jubilats\/ujp-ugt-en-la-inauguracio-firagran-acte-dijous-dia-30-1245-h-acte-unitari-per-l1-octubre-202424\/img_20240529_112138\/'><img loading=\"lazy\" decoding=\"async\" width=\"150\" height=\"150\" src=\"https:\/\/www.ugt.cat\/jubilats\/wp-content\/uploads\/2024\/05\/IMG_20240529_112138-150x150.jpg\" class=\"attachment-thumbnail size-thumbnail\" alt=\"\" \/><\/a>\n\t\t\t<\/dt><\/dl><dl class='gallery-item'>\n\t\t\t<dt class='gallery-icon landscape'>\n\t\t\t\t<a href='https:\/\/www.ugt.cat\/jubilats\/ujp-ugt-en-la-inauguracio-firagran-acte-dijous-dia-30-1245-h-acte-unitari-per-l1-octubre-202424\/img_20240529_133112\/'><img loading=\"lazy\" decoding=\"async\" width=\"150\" height=\"150\" src=\"https:\/\/www.ugt.cat\/jubilats\/wp-content\/uploads\/2024\/05\/IMG_20240529_133112-150x150.jpg\" class=\"attachment-thumbnail size-thumbnail\" alt=\"\" \/><\/a>\n\t\t\t<\/dt><\/dl><dl class='gallery-item'>\n\t\t\t<dt class='gallery-icon landscape'>\n\t\t\t\t<a href='https:\/\/www.ugt.cat\/jubilats\/ujp-ugt-en-la-inauguracio-firagran-acte-dijous-dia-30-1245-h-acte-unitari-per-l1-octubre-202424\/img_20240529_130300\/'><img loading=\"lazy\" decoding=\"async\" width=\"150\" height=\"150\" src=\"https:\/\/www.ugt.cat\/jubilats\/wp-content\/uploads\/2024\/05\/IMG_20240529_130300-150x150.jpg\" class=\"attachment-thumbnail size-thumbnail\" alt=\"\" \/><\/a>\n\t\t\t<\/dt><\/dl><br style=\"clear: both\" \/><dl class='gallery-item'>\n\t\t\t<dt class='gallery-icon portrait'>\n\t\t\t\t<a href='https:\/\/www.ugt.cat\/jubilats\/acte-1-o-2024-a-firagran-la-farga-de-lhospitalet-de-llobregat\/acte-1-o\/'><img loading=\"lazy\" decoding=\"async\" width=\"150\" height=\"150\" src=\"https:\/\/www.ugt.cat\/jubilats\/wp-content\/uploads\/2024\/05\/acte-1-O-150x150.jpg\" class=\"attachment-thumbnail size-thumbnail\" alt=\"\" \/><\/a>\n\t\t\t<\/dt><\/dl><dl class='gallery-item'>\n\t\t\t<dt class='gallery-icon landscape'>\n\t\t\t\t<a href='https:\/\/www.ugt.cat\/jubilats\/ujp-ugt-en-la-inauguracio-firagran-acte-dijous-dia-30-1245-h-acte-unitari-per-l1-octubre-202424\/img_20240529_121346\/'><img loading=\"lazy\" decoding=\"async\" width=\"150\" height=\"150\" src=\"https:\/\/www.ugt.cat\/jubilats\/wp-content\/uploads\/2024\/05\/IMG_20240529_121346-150x150.jpg\" class=\"attachment-thumbnail size-thumbnail\" alt=\"\" \/><\/a>\n\t\t\t<\/dt><\/dl><dl class='gallery-item'>\n\t\t\t<dt class='gallery-icon portrait'>\n\t\t\t\t<a href='https:\/\/www.ugt.cat\/jubilats\/ujp-ugt-en-la-inauguracio-firagran-acte-dijous-dia-30-1245-h-acte-unitari-per-l1-octubre-202424\/img_20240529_121538\/'><img loading=\"lazy\" decoding=\"async\" width=\"150\" height=\"150\" src=\"https:\/\/www.ugt.cat\/jubilats\/wp-content\/uploads\/2024\/05\/IMG_20240529_121538-150x150.jpg\" class=\"attachment-thumbnail size-thumbnail\" alt=\"\" \/><\/a>\n\t\t\t<\/dt><\/dl><br style=\"clear: both\" \/><dl class='gallery-item'>\n\t\t\t<dt class='gallery-icon portrait'>\n\t\t\t\t<a href='https:\/\/www.ugt.cat\/jubilats\/ujp-ugt-en-la-inauguracio-firagran-acte-dijous-dia-30-1245-h-acte-unitari-per-l1-octubre-202424\/img-20240529-wa0025\/'><img loading=\"lazy\" decoding=\"async\" width=\"150\" height=\"150\" src=\"https:\/\/www.ugt.cat\/jubilats\/wp-content\/uploads\/2024\/05\/IMG-20240529-WA0025-150x150.jpg\" class=\"attachment-thumbnail size-thumbnail\" alt=\"\" \/><\/a>\n\t\t\t<\/dt><\/dl><dl class='gallery-item'>\n\t\t\t<dt class='gallery-icon landscape'>\n\t\t\t\t<a href='https:\/\/www.ugt.cat\/jubilats\/ujp-ugt-en-la-inauguracio-firagran-acte-dijous-dia-30-1245-h-acte-unitari-per-l1-octubre-202424\/img_20240529_121452\/'><img loading=\"lazy\" decoding=\"async\" width=\"150\" height=\"150\" src=\"https:\/\/www.ugt.cat\/jubilats\/wp-content\/uploads\/2024\/05\/IMG_20240529_121452-150x150.jpg\" class=\"attachment-thumbnail size-thumbnail\" alt=\"\" \/><\/a>\n\t\t\t<\/dt><\/dl><dl class='gallery-item'>\n\t\t\t<dt class='gallery-icon landscape'>\n\t\t\t\t<a href='https:\/\/www.ugt.cat\/jubilats\/acte-1-o-2024-a-firagran-la-farga-de-lhospitalet-de-llobregat\/cartell-general\/'><img loading=\"lazy\" decoding=\"async\" width=\"150\" height=\"150\" src=\"https:\/\/www.ugt.cat\/jubilats\/wp-content\/uploads\/2024\/05\/cartell-general-150x150.jpg\" class=\"attachment-thumbnail size-thumbnail\" alt=\"\" \/><\/a>\n\t\t\t<\/dt><\/dl><br style=\"clear: both\" \/><dl class='gallery-item'>\n\t\t\t<dt class='gallery-icon portrait'>\n\t\t\t\t<a href='https:\/\/www.ugt.cat\/jubilats\/ujp-ugt-en-la-inauguracio-firagran-acte-dijous-dia-30-1245-h-acte-unitari-per-l1-octubre-202424\/img-20240529-wa0026\/'><img loading=\"lazy\" decoding=\"async\" width=\"150\" height=\"150\" src=\"https:\/\/www.ugt.cat\/jubilats\/wp-content\/uploads\/2024\/05\/IMG-20240529-WA0026-150x150.jpg\" class=\"attachment-thumbnail size-thumbnail\" alt=\"\" \/><\/a>\n\t\t\t<\/dt><\/dl><dl class='gallery-item'>\n\t\t\t<dt class='gallery-icon landscape'>\n\t\t\t\t<a href='https:\/\/www.ugt.cat\/jubilats\/ujp-ugt-en-la-inauguracio-firagran-acte-dijous-dia-30-1245-h-acte-unitari-per-l1-octubre-202424\/img-20240529-wa0028\/'><img loading=\"lazy\" decoding=\"async\" width=\"150\" height=\"150\" src=\"https:\/\/www.ugt.cat\/jubilats\/wp-content\/uploads\/2024\/05\/IMG-20240529-WA0028-150x150.jpg\" class=\"attachment-thumbnail size-thumbnail\" alt=\"\" \/><\/a>\n\t\t\t<\/dt><\/dl><dl class='gallery-item'>\n\t\t\t<dt class='gallery-icon portrait'>\n\t\t\t\t<a href='https:\/\/www.ugt.cat\/jubilats\/ujp-ugt-en-la-inauguracio-firagran-acte-dijous-dia-30-1245-h-acte-unitari-per-l1-octubre-202424\/screenshot_2024-05-29-17-00-31-038_com-whatsapp\/'><img loading=\"lazy\" decoding=\"async\" width=\"150\" height=\"150\" src=\"https:\/\/www.ugt.cat\/jubilats\/wp-content\/uploads\/2024\/05\/Screenshot_2024-05-29-17-00-31-038_com.whatsapp-150x150.jpg\" class=\"attachment-thumbnail size-thumbnail\" alt=\"\" \/><\/a>\n\t\t\t<\/dt><\/dl><br style=\"clear: both\" \/>\n\t\t<\/div>\n\n<p>&nbsp;<\/p>\n","protected":false},"excerpt":{"rendered":"<p>Aquest mat\u00ed\u00a0UJP-UGT hem tingut pres\u00e8ncia amb el nostre estand, a la inauguraci\u00f3 de Firagran, en el recinte firal de La Farga a l&#8217;Hospitalet de Llobregat; promovent l&#8217;assist\u00e8ncia a l&#8217;acte unitari de dijous\u00a030 a les 12,45 h, a l&#8217;espai \u00c0gora de <a class=\"more-link\" href=\"https:\/\/www.ugt.cat\/jubilats\/ujp-ugt-en-la-inauguracio-firagran-acte-dijous-dia-30-1245-h-acte-unitari-per-l1-octubre-202424\/\">Continua llegint <span class=\"meta-nav\">&rarr;<\/span><\/a><\/p>\n","protected":false},"author":6,"featured_media":9065,"comment_status":"closed","ping_status":"open","sticky":false,"template":"","format":"standard","meta":{"footnotes":""},"categories":[1],"tags":[],"class_list":["post-9060","post","type-post","status-publish","format-standard","has-post-thumbnail","hentry","category-general"],"_links":{"self":[{"href":"https:\/\/www.ugt.cat\/jubilats\/wp-json\/wp\/v2\/posts\/9060","targetHints":{"allow":["GET"]}}],"collection":[{"href":"https:\/\/www.ugt.cat\/jubilats\/wp-json\/wp\/v2\/posts"}],"about":[{"href":"https:\/\/www.ugt.cat\/jubilats\/wp-json\/wp\/v2\/types\/post"}],"author":[{"embeddable":true,"href":"https:\/\/www.ugt.cat\/jubilats\/wp-json\/wp\/v2\/users\/6"}],"replies":[{"embeddable":true,"href":"https:\/\/www.ugt.cat\/jubilats\/wp-json\/wp\/v2\/comments?post=9060"}],"version-history":[{"count":6,"href":"https:\/\/www.ugt.cat\/jubilats\/wp-json\/wp\/v2\/posts\/9060\/revisions"}],"predecessor-version":[{"id":9079,"href":"https:\/\/www.ugt.cat\/jubilats\/wp-json\/wp\/v2\/posts\/9060\/revisions\/9079"}],"wp:featuredmedia":[{"embeddable":true,"href":"https:\/\/www.ugt.cat\/jubilats\/wp-json\/wp\/v2\/media\/9065"}],"wp:attachment":[{"href":"https:\/\/www.ugt.cat\/jubilats\/wp-json\/wp\/v2\/media?parent=9060"}],"wp:term":[{"taxonomy":"category","embeddable":true,"href":"https:\/\/www.ugt.cat\/jubilats\/wp-json\/wp\/v2\/categories?post=9060"},{"taxonomy":"post_tag","embeddable":true,"href":"https:\/\/www.ugt.cat\/jubilats\/wp-json\/wp\/v2\/tags?post=9060"}],"curies":[{"name":"wp","href":"https:\/\/api.w.org\/{rel}","templated":true}]}}