{"id":9274,"date":"2024-09-23T07:23:29","date_gmt":"2024-09-23T07:23:29","guid":{"rendered":"https:\/\/www.ugt.cat\/jubilats\/?p=9274"},"modified":"2024-09-23T07:23:29","modified_gmt":"2024-09-23T07:23:29","slug":"consell-ujp-ugt-de-catalunya-recolzament-1r-octubre-dia-persones-grans","status":"publish","type":"post","link":"https:\/\/www.ugt.cat\/jubilats\/consell-ujp-ugt-de-catalunya-recolzament-1r-octubre-dia-persones-grans\/","title":{"rendered":"Consell UJP-UGT de Catalunya recolzament 1r Octubre Dia Persones Grans"},"content":{"rendered":"<p>El Consell d&#8217;UJP-UGT de Catalunya, reunit divendres dia 20 a la seu d&#8217;UGT a Barcelona i recolzant la celebraci\u00f3 de l&#8217;1 Octubre Dia de les Persones Grans, ha traballlat en l&#8217;organitzaci\u00f3 de la seva preparaci\u00f3 i els despla\u00e7aments desde diferents localitats, a la concentraci\u00f3 a les 12 h a la pla\u00e7a de Sant Jaume a Barcelona.<\/p>\n\n\t\t<style>\n\t\t\t#gallery-1 {\n\t\t\t\tmargin: auto;\n\t\t\t}\n\t\t\t#gallery-1 .gallery-item {\n\t\t\t\tfloat: left;\n\t\t\t\tmargin-top: 10px;\n\t\t\t\ttext-align: center;\n\t\t\t\twidth: 33%;\n\t\t\t}\n\t\t\t#gallery-1 img {\n\t\t\t\tborder: 2px solid #cfcfcf;\n\t\t\t}\n\t\t\t#gallery-1 .gallery-caption {\n\t\t\t\tmargin-left: 0;\n\t\t\t}\n\t\t\t\/* see gallery_shortcode() in wp-includes\/media.php *\/\n\t\t<\/style>\n\t\t<div id='gallery-1' class='gallery galleryid-9274 gallery-columns-3 gallery-size-thumbnail'><dl class='gallery-item'>\n\t\t\t<dt class='gallery-icon landscape'>\n\t\t\t\t<a href='https:\/\/www.ugt.cat\/jubilats\/consell-ujp-ugt-de-catalunya-recolzament-1r-octubre-dia-persones-grans\/img-20240920-wa0022\/'><img loading=\"lazy\" decoding=\"async\" width=\"150\" height=\"150\" src=\"https:\/\/www.ugt.cat\/jubilats\/wp-content\/uploads\/2024\/09\/IMG-20240920-WA0022-150x150.jpg\" class=\"attachment-thumbnail size-thumbnail\" alt=\"\" \/><\/a>\n\t\t\t<\/dt><\/dl><dl class='gallery-item'>\n\t\t\t<dt class='gallery-icon landscape'>\n\t\t\t\t<a href='https:\/\/www.ugt.cat\/jubilats\/consell-ujp-ugt-de-catalunya-recolzament-1r-octubre-dia-persones-grans\/img_20240920_112125\/'><img loading=\"lazy\" decoding=\"async\" width=\"150\" height=\"150\" src=\"https:\/\/www.ugt.cat\/jubilats\/wp-content\/uploads\/2024\/09\/IMG_20240920_112125-150x150.jpg\" class=\"attachment-thumbnail size-thumbnail\" alt=\"\" \/><\/a>\n\t\t\t<\/dt><\/dl><dl class='gallery-item'>\n\t\t\t<dt class='gallery-icon landscape'>\n\t\t\t\t<a href='https:\/\/www.ugt.cat\/jubilats\/consell-ujp-ugt-de-catalunya-recolzament-1r-octubre-dia-persones-grans\/img_20240920_112226\/'><img loading=\"lazy\" decoding=\"async\" width=\"150\" height=\"150\" src=\"https:\/\/www.ugt.cat\/jubilats\/wp-content\/uploads\/2024\/09\/IMG_20240920_112226-150x150.jpg\" class=\"attachment-thumbnail size-thumbnail\" alt=\"\" \/><\/a>\n\t\t\t<\/dt><\/dl><br style=\"clear: both\" \/><dl class='gallery-item'>\n\t\t\t<dt class='gallery-icon landscape'>\n\t\t\t\t<a href='https:\/\/www.ugt.cat\/jubilats\/consell-ujp-ugt-de-catalunya-recolzament-1r-octubre-dia-persones-grans\/img_20240920_112140\/'><img loading=\"lazy\" decoding=\"async\" width=\"150\" height=\"150\" src=\"https:\/\/www.ugt.cat\/jubilats\/wp-content\/uploads\/2024\/09\/IMG_20240920_112140-150x150.jpg\" class=\"attachment-thumbnail size-thumbnail\" alt=\"\" \/><\/a>\n\t\t\t<\/dt><\/dl><dl class='gallery-item'>\n\t\t\t<dt class='gallery-icon landscape'>\n\t\t\t\t<a href='https:\/\/www.ugt.cat\/jubilats\/consell-ujp-ugt-de-catalunya-recolzament-1r-octubre-dia-persones-grans\/img_20240920_112154\/'><img loading=\"lazy\" decoding=\"async\" width=\"150\" height=\"150\" src=\"https:\/\/www.ugt.cat\/jubilats\/wp-content\/uploads\/2024\/09\/IMG_20240920_112154-150x150.jpg\" class=\"attachment-thumbnail size-thumbnail\" alt=\"\" \/><\/a>\n\t\t\t<\/dt><\/dl><dl class='gallery-item'>\n\t\t\t<dt class='gallery-icon portrait'>\n\t\t\t\t<a href='https:\/\/www.ugt.cat\/jubilats\/consell-ujp-ugt-de-catalunya-recolzament-1r-octubre-dia-persones-grans\/img_20240920_112738\/'><img loading=\"lazy\" decoding=\"async\" width=\"150\" height=\"150\" src=\"https:\/\/www.ugt.cat\/jubilats\/wp-content\/uploads\/2024\/09\/IMG_20240920_112738-150x150.jpg\" class=\"attachment-thumbnail size-thumbnail\" alt=\"\" \/><\/a>\n\t\t\t<\/dt><\/dl><br style=\"clear: both\" \/>\n\t\t<\/div>\n\n","protected":false},"excerpt":{"rendered":"<p>El Consell d&#8217;UJP-UGT de Catalunya, reunit divendres dia 20 a la seu d&#8217;UGT a Barcelona i recolzant la celebraci\u00f3 de l&#8217;1 Octubre Dia de les Persones Grans, ha traballlat en l&#8217;organitzaci\u00f3 de la seva preparaci\u00f3 i els despla\u00e7aments desde diferents <a class=\"more-link\" href=\"https:\/\/www.ugt.cat\/jubilats\/consell-ujp-ugt-de-catalunya-recolzament-1r-octubre-dia-persones-grans\/\">Continua llegint <span class=\"meta-nav\">&rarr;<\/span><\/a><\/p>\n","protected":false},"author":6,"featured_media":9277,"comment_status":"closed","ping_status":"open","sticky":false,"template":"","format":"standard","meta":{"footnotes":""},"categories":[1],"tags":[],"class_list":["post-9274","post","type-post","status-publish","format-standard","has-post-thumbnail","hentry","category-general"],"_links":{"self":[{"href":"https:\/\/www.ugt.cat\/jubilats\/wp-json\/wp\/v2\/posts\/9274","targetHints":{"allow":["GET"]}}],"collection":[{"href":"https:\/\/www.ugt.cat\/jubilats\/wp-json\/wp\/v2\/posts"}],"about":[{"href":"https:\/\/www.ugt.cat\/jubilats\/wp-json\/wp\/v2\/types\/post"}],"author":[{"embeddable":true,"href":"https:\/\/www.ugt.cat\/jubilats\/wp-json\/wp\/v2\/users\/6"}],"replies":[{"embeddable":true,"href":"https:\/\/www.ugt.cat\/jubilats\/wp-json\/wp\/v2\/comments?post=9274"}],"version-history":[{"count":2,"href":"https:\/\/www.ugt.cat\/jubilats\/wp-json\/wp\/v2\/posts\/9274\/revisions"}],"predecessor-version":[{"id":9287,"href":"https:\/\/www.ugt.cat\/jubilats\/wp-json\/wp\/v2\/posts\/9274\/revisions\/9287"}],"wp:featuredmedia":[{"embeddable":true,"href":"https:\/\/www.ugt.cat\/jubilats\/wp-json\/wp\/v2\/media\/9277"}],"wp:attachment":[{"href":"https:\/\/www.ugt.cat\/jubilats\/wp-json\/wp\/v2\/media?parent=9274"}],"wp:term":[{"taxonomy":"category","embeddable":true,"href":"https:\/\/www.ugt.cat\/jubilats\/wp-json\/wp\/v2\/categories?post=9274"},{"taxonomy":"post_tag","embeddable":true,"href":"https:\/\/www.ugt.cat\/jubilats\/wp-json\/wp\/v2\/tags?post=9274"}],"curies":[{"name":"wp","href":"https:\/\/api.w.org\/{rel}","templated":true}]}}