{"id":9288,"date":"2024-09-24T21:06:19","date_gmt":"2024-09-24T21:06:19","guid":{"rendered":"https:\/\/www.ugt.cat\/jubilats\/?p=9288"},"modified":"2024-09-24T21:10:05","modified_gmt":"2024-09-24T21:10:05","slug":"comunicat-per-l1-o-dia-persones-grans","status":"publish","type":"post","link":"https:\/\/www.ugt.cat\/jubilats\/comunicat-per-l1-o-dia-persones-grans\/","title":{"rendered":"Comunicat per l&#8217;1-O Dia de les Persones Grans"},"content":{"rendered":"<p><a href=\"https:\/\/www.ugt.cat\/jubilats\/wp-content\/uploads\/2024\/09\/Screenshot_2024-09-24-22-58-04-564_com.google.android.apps_.docs-edit.jpg\"><img loading=\"lazy\" decoding=\"async\" class=\"alignnone size-medium wp-image-9293\" src=\"https:\/\/www.ugt.cat\/jubilats\/wp-content\/uploads\/2024\/09\/Screenshot_2024-09-24-22-58-04-564_com.google.android.apps_.docs-edit-300x236.jpg\" alt=\"\" width=\"300\" height=\"236\" srcset=\"https:\/\/www.ugt.cat\/jubilats\/wp-content\/uploads\/2024\/09\/Screenshot_2024-09-24-22-58-04-564_com.google.android.apps_.docs-edit-300x236.jpg 300w, https:\/\/www.ugt.cat\/jubilats\/wp-content\/uploads\/2024\/09\/Screenshot_2024-09-24-22-58-04-564_com.google.android.apps_.docs-edit-1024x806.jpg 1024w, https:\/\/www.ugt.cat\/jubilats\/wp-content\/uploads\/2024\/09\/Screenshot_2024-09-24-22-58-04-564_com.google.android.apps_.docs-edit-768x605.jpg 768w, https:\/\/www.ugt.cat\/jubilats\/wp-content\/uploads\/2024\/09\/Screenshot_2024-09-24-22-58-04-564_com.google.android.apps_.docs-edit.jpg 1073w\" sizes=\"auto, (max-width: 300px) 100vw, 300px\" \/><\/a><\/p>\n<p>Per llegir la comunicaci\u00f3 sencera cliqueu sobre l&#8217;enlla\u00e7: <a style=\"font-weight: 300;\" href=\"https:\/\/www.ugt.cat\/jubilats\/wp-content\/uploads\/2024\/09\/NP-CAT.-1-doctubre-Dia-de-les-Persones-Grans.pdf\">NP (CAT).- 1 d&#8217;octubre, Dia de les Persones Grans<\/a><\/p>\n<p><em>Para leer la comunicaci\u00f3n completa clicad sobre el enlace:\u00a0<a href=\"https:\/\/www.ugt.cat\/jubilats\/wp-content\/uploads\/2024\/09\/NP-ESP.-Acto-reivindicativo-1-de-octubre-Dia-de-las-Personas-Mayores.pdf\">NP (ESP).- Acto reivindicativo 1 de octubre, D\u00eda de las Personas Mayores<\/a><\/em><\/p>\n","protected":false},"excerpt":{"rendered":"<p>Per llegir la comunicaci\u00f3 sencera cliqueu sobre l&#8217;enlla\u00e7: NP (CAT).- 1 d&#8217;octubre, Dia de les Persones Grans Para leer la comunicaci\u00f3n completa clicad sobre el enlace:\u00a0NP (ESP).- Acto reivindicativo 1 de octubre, D\u00eda de las Personas Mayores<\/p>\n","protected":false},"author":6,"featured_media":9293,"comment_status":"closed","ping_status":"open","sticky":false,"template":"","format":"standard","meta":{"footnotes":""},"categories":[1],"tags":[],"class_list":["post-9288","post","type-post","status-publish","format-standard","has-post-thumbnail","hentry","category-general"],"_links":{"self":[{"href":"https:\/\/www.ugt.cat\/jubilats\/wp-json\/wp\/v2\/posts\/9288","targetHints":{"allow":["GET"]}}],"collection":[{"href":"https:\/\/www.ugt.cat\/jubilats\/wp-json\/wp\/v2\/posts"}],"about":[{"href":"https:\/\/www.ugt.cat\/jubilats\/wp-json\/wp\/v2\/types\/post"}],"author":[{"embeddable":true,"href":"https:\/\/www.ugt.cat\/jubilats\/wp-json\/wp\/v2\/users\/6"}],"replies":[{"embeddable":true,"href":"https:\/\/www.ugt.cat\/jubilats\/wp-json\/wp\/v2\/comments?post=9288"}],"version-history":[{"count":5,"href":"https:\/\/www.ugt.cat\/jubilats\/wp-json\/wp\/v2\/posts\/9288\/revisions"}],"predecessor-version":[{"id":9297,"href":"https:\/\/www.ugt.cat\/jubilats\/wp-json\/wp\/v2\/posts\/9288\/revisions\/9297"}],"wp:featuredmedia":[{"embeddable":true,"href":"https:\/\/www.ugt.cat\/jubilats\/wp-json\/wp\/v2\/media\/9293"}],"wp:attachment":[{"href":"https:\/\/www.ugt.cat\/jubilats\/wp-json\/wp\/v2\/media?parent=9288"}],"wp:term":[{"taxonomy":"category","embeddable":true,"href":"https:\/\/www.ugt.cat\/jubilats\/wp-json\/wp\/v2\/categories?post=9288"},{"taxonomy":"post_tag","embeddable":true,"href":"https:\/\/www.ugt.cat\/jubilats\/wp-json\/wp\/v2\/tags?post=9288"}],"curies":[{"name":"wp","href":"https:\/\/api.w.org\/{rel}","templated":true}]}}