{"id":9299,"date":"2024-10-07T22:05:08","date_gmt":"2024-10-07T22:05:08","guid":{"rendered":"https:\/\/www.ugt.cat\/jubilats\/?p=9299"},"modified":"2024-10-08T07:32:39","modified_gmt":"2024-10-08T07:32:39","slug":"va-ser-un-gran-dia-de-la-gent-gran-a-barcelona","status":"publish","type":"post","link":"https:\/\/www.ugt.cat\/jubilats\/va-ser-un-gran-dia-de-la-gent-gran-a-barcelona\/","title":{"rendered":"Va ser un Gran Dia de la Gent Gran a Barcelona"},"content":{"rendered":"<p>El passat <strong>1 d&#8217;octubre va ser un gran dia de la gent gran<\/strong> amb la<strong> concentraci\u00f3 a la pla\u00e7a de sant Jaume a Barcelona<\/strong>, masiva mobilitzaci\u00f3 de jubilades i pensionistes i \u00e0mplia participaci\u00f3 des del m\u00f3n de la cultura i institucions.<\/p>\n<p><em>Clicant sobre les imatges podeu visualitzar els v\u00eddeos amb intervencions i perpectives de la concentraci\u00f3.<\/em><\/p>\n<p><a href=\"https:\/\/drive.google.com\/file\/d\/1FcqKBEWXKNk5K5B4rpvYpvuURrEpEkgS\/view?usp=drive_link\"><img loading=\"lazy\" decoding=\"async\" class=\"alignnone size-medium wp-image-9301\" src=\"https:\/\/www.ugt.cat\/jubilats\/wp-content\/uploads\/2024\/10\/IMG-20241001-WA0062-300x225.jpg\" alt=\"\" width=\"300\" height=\"225\" srcset=\"https:\/\/www.ugt.cat\/jubilats\/wp-content\/uploads\/2024\/10\/IMG-20241001-WA0062-300x225.jpg 300w, https:\/\/www.ugt.cat\/jubilats\/wp-content\/uploads\/2024\/10\/IMG-20241001-WA0062-1024x768.jpg 1024w, https:\/\/www.ugt.cat\/jubilats\/wp-content\/uploads\/2024\/10\/IMG-20241001-WA0062-768x576.jpg 768w, https:\/\/www.ugt.cat\/jubilats\/wp-content\/uploads\/2024\/10\/IMG-20241001-WA0062-1536x1152.jpg 1536w, https:\/\/www.ugt.cat\/jubilats\/wp-content\/uploads\/2024\/10\/IMG-20241001-WA0062.jpg 1600w\" sizes=\"auto, (max-width: 300px) 100vw, 300px\" \/><\/a><a href=\"https:\/\/youtu.be\/gyowVmgHmbM?list=PLVKloiucOZroQ4TfLGY8Rd0Dg5ld9b0Eq\"><img loading=\"lazy\" decoding=\"async\" class=\"alignnone size-medium wp-image-9306\" src=\"https:\/\/www.ugt.cat\/jubilats\/wp-content\/uploads\/2024\/10\/Screenshot_2024-10-07-23-58-34-339_com.miui_.gallery-edit-300x168.jpg\" alt=\"\" width=\"300\" height=\"168\" srcset=\"https:\/\/www.ugt.cat\/jubilats\/wp-content\/uploads\/2024\/10\/Screenshot_2024-10-07-23-58-34-339_com.miui_.gallery-edit-300x168.jpg 300w, https:\/\/www.ugt.cat\/jubilats\/wp-content\/uploads\/2024\/10\/Screenshot_2024-10-07-23-58-34-339_com.miui_.gallery-edit-1024x573.jpg 1024w, https:\/\/www.ugt.cat\/jubilats\/wp-content\/uploads\/2024\/10\/Screenshot_2024-10-07-23-58-34-339_com.miui_.gallery-edit-768x430.jpg 768w, https:\/\/www.ugt.cat\/jubilats\/wp-content\/uploads\/2024\/10\/Screenshot_2024-10-07-23-58-34-339_com.miui_.gallery-edit.jpg 1080w\" sizes=\"auto, (max-width: 300px) 100vw, 300px\" \/><\/a><\/p>\n","protected":false},"excerpt":{"rendered":"<p>El passat 1 d&#8217;octubre va ser un gran dia de la gent gran amb la concentraci\u00f3 a la pla\u00e7a de sant Jaume a Barcelona, masiva mobilitzaci\u00f3 de jubilades i pensionistes i \u00e0mplia participaci\u00f3 des del m\u00f3n de la cultura i <a class=\"more-link\" href=\"https:\/\/www.ugt.cat\/jubilats\/va-ser-un-gran-dia-de-la-gent-gran-a-barcelona\/\">Continua llegint <span class=\"meta-nav\">&rarr;<\/span><\/a><\/p>\n","protected":false},"author":6,"featured_media":9301,"comment_status":"closed","ping_status":"open","sticky":false,"template":"","format":"standard","meta":{"footnotes":""},"categories":[1],"tags":[],"class_list":["post-9299","post","type-post","status-publish","format-standard","has-post-thumbnail","hentry","category-general"],"_links":{"self":[{"href":"https:\/\/www.ugt.cat\/jubilats\/wp-json\/wp\/v2\/posts\/9299","targetHints":{"allow":["GET"]}}],"collection":[{"href":"https:\/\/www.ugt.cat\/jubilats\/wp-json\/wp\/v2\/posts"}],"about":[{"href":"https:\/\/www.ugt.cat\/jubilats\/wp-json\/wp\/v2\/types\/post"}],"author":[{"embeddable":true,"href":"https:\/\/www.ugt.cat\/jubilats\/wp-json\/wp\/v2\/users\/6"}],"replies":[{"embeddable":true,"href":"https:\/\/www.ugt.cat\/jubilats\/wp-json\/wp\/v2\/comments?post=9299"}],"version-history":[{"count":8,"href":"https:\/\/www.ugt.cat\/jubilats\/wp-json\/wp\/v2\/posts\/9299\/revisions"}],"predecessor-version":[{"id":9311,"href":"https:\/\/www.ugt.cat\/jubilats\/wp-json\/wp\/v2\/posts\/9299\/revisions\/9311"}],"wp:featuredmedia":[{"embeddable":true,"href":"https:\/\/www.ugt.cat\/jubilats\/wp-json\/wp\/v2\/media\/9301"}],"wp:attachment":[{"href":"https:\/\/www.ugt.cat\/jubilats\/wp-json\/wp\/v2\/media?parent=9299"}],"wp:term":[{"taxonomy":"category","embeddable":true,"href":"https:\/\/www.ugt.cat\/jubilats\/wp-json\/wp\/v2\/categories?post=9299"},{"taxonomy":"post_tag","embeddable":true,"href":"https:\/\/www.ugt.cat\/jubilats\/wp-json\/wp\/v2\/tags?post=9299"}],"curies":[{"name":"wp","href":"https:\/\/api.w.org\/{rel}","templated":true}]}}