{"id":9458,"date":"2024-10-23T06:37:39","date_gmt":"2024-10-23T06:37:39","guid":{"rendered":"https:\/\/www.ugt.cat\/jubilats\/?p=9458"},"modified":"2024-10-23T06:37:39","modified_gmt":"2024-10-23T06:37:39","slug":"acte-amb-ujp-ugt-a-sant-pere-de-ribes","status":"publish","type":"post","link":"https:\/\/www.ugt.cat\/jubilats\/acte-amb-ujp-ugt-a-sant-pere-de-ribes\/","title":{"rendered":"Acte amb UJP-UGT a Sant Pere de Ribes"},"content":{"rendered":"<p style=\"text-align: left;\"><span style=\"font-weight: 300;\">El dia 15, con una nutrida delegaci\u00f3n de la UJP-UGT de la APG, se efectu\u00f3 un encuentro con la alcaldesa de S. Pere de Ribes y senadora Abigail Garrido, previamente a la lectura del manifiesto 1 de Octubre, d\u00eda Internacional de las personas mayores en el pleno municipal en las Roquetas por nuestra compa\u00f1era Vinyet, a la que damos la enhorabuena por su intervenci\u00f3n en la lectura de dicho manifiesto.<\/span><\/p>\n<blockquote><p><a href=\"https:\/\/www.ugt.cat\/jubilats\/wp-content\/uploads\/2024\/10\/IMG-20241016-WA0014-1.jpg\"><img loading=\"lazy\" decoding=\"async\" class=\"alignnone size-medium wp-image-9474\" src=\"https:\/\/www.ugt.cat\/jubilats\/wp-content\/uploads\/2024\/10\/IMG-20241016-WA0014-1-300x131.jpg\" alt=\"\" width=\"300\" height=\"131\" srcset=\"https:\/\/www.ugt.cat\/jubilats\/wp-content\/uploads\/2024\/10\/IMG-20241016-WA0014-1-300x131.jpg 300w, https:\/\/www.ugt.cat\/jubilats\/wp-content\/uploads\/2024\/10\/IMG-20241016-WA0014-1-1024x447.jpg 1024w, https:\/\/www.ugt.cat\/jubilats\/wp-content\/uploads\/2024\/10\/IMG-20241016-WA0014-1-768x335.jpg 768w, https:\/\/www.ugt.cat\/jubilats\/wp-content\/uploads\/2024\/10\/IMG-20241016-WA0014-1-1536x670.jpg 1536w, https:\/\/www.ugt.cat\/jubilats\/wp-content\/uploads\/2024\/10\/IMG-20241016-WA0014-1.jpg 1600w\" sizes=\"auto, (max-width: 300px) 100vw, 300px\" \/><\/a><a href=\"https:\/\/www.ugt.cat\/jubilats\/wp-content\/uploads\/2024\/10\/IMG-20241016-WA0015-1.jpg\"><img loading=\"lazy\" decoding=\"async\" class=\"alignnone size-medium wp-image-9473\" src=\"https:\/\/www.ugt.cat\/jubilats\/wp-content\/uploads\/2024\/10\/IMG-20241016-WA0015-1-300x169.jpg\" alt=\"\" width=\"300\" height=\"169\" srcset=\"https:\/\/www.ugt.cat\/jubilats\/wp-content\/uploads\/2024\/10\/IMG-20241016-WA0015-1-300x169.jpg 300w, https:\/\/www.ugt.cat\/jubilats\/wp-content\/uploads\/2024\/10\/IMG-20241016-WA0015-1-1024x576.jpg 1024w, https:\/\/www.ugt.cat\/jubilats\/wp-content\/uploads\/2024\/10\/IMG-20241016-WA0015-1-768x432.jpg 768w, https:\/\/www.ugt.cat\/jubilats\/wp-content\/uploads\/2024\/10\/IMG-20241016-WA0015-1-1536x864.jpg 1536w, https:\/\/www.ugt.cat\/jubilats\/wp-content\/uploads\/2024\/10\/IMG-20241016-WA0015-1.jpg 2048w\" sizes=\"auto, (max-width: 300px) 100vw, 300px\" \/><\/a><a href=\"https:\/\/www.ugt.cat\/jubilats\/wp-content\/uploads\/2024\/10\/IMG-20241016-WA0016.jpg\"><img loading=\"lazy\" decoding=\"async\" class=\"alignnone size-medium wp-image-9472\" src=\"https:\/\/www.ugt.cat\/jubilats\/wp-content\/uploads\/2024\/10\/IMG-20241016-WA0016-169x300.jpg\" alt=\"\" width=\"169\" height=\"300\" srcset=\"https:\/\/www.ugt.cat\/jubilats\/wp-content\/uploads\/2024\/10\/IMG-20241016-WA0016-169x300.jpg 169w, https:\/\/www.ugt.cat\/jubilats\/wp-content\/uploads\/2024\/10\/IMG-20241016-WA0016-576x1024.jpg 576w, https:\/\/www.ugt.cat\/jubilats\/wp-content\/uploads\/2024\/10\/IMG-20241016-WA0016-768x1365.jpg 768w, https:\/\/www.ugt.cat\/jubilats\/wp-content\/uploads\/2024\/10\/IMG-20241016-WA0016-864x1536.jpg 864w, https:\/\/www.ugt.cat\/jubilats\/wp-content\/uploads\/2024\/10\/IMG-20241016-WA0016.jpg 1152w\" sizes=\"auto, (max-width: 169px) 100vw, 169px\" \/><\/a><\/p><\/blockquote>\n<p>&nbsp;<\/p>\n","protected":false},"excerpt":{"rendered":"<p>El dia 15, con una nutrida delegaci\u00f3n de la UJP-UGT de la APG, se efectu\u00f3 un encuentro con la alcaldesa de S. Pere de Ribes y senadora Abigail Garrido, previamente a la lectura del manifiesto 1 de Octubre, d\u00eda Internacional <a class=\"more-link\" href=\"https:\/\/www.ugt.cat\/jubilats\/acte-amb-ujp-ugt-a-sant-pere-de-ribes\/\">Continua llegint <span class=\"meta-nav\">&rarr;<\/span><\/a><\/p>\n","protected":false},"author":6,"featured_media":9474,"comment_status":"closed","ping_status":"open","sticky":false,"template":"","format":"standard","meta":{"footnotes":""},"categories":[1],"tags":[],"class_list":["post-9458","post","type-post","status-publish","format-standard","has-post-thumbnail","hentry","category-general"],"_links":{"self":[{"href":"https:\/\/www.ugt.cat\/jubilats\/wp-json\/wp\/v2\/posts\/9458","targetHints":{"allow":["GET"]}}],"collection":[{"href":"https:\/\/www.ugt.cat\/jubilats\/wp-json\/wp\/v2\/posts"}],"about":[{"href":"https:\/\/www.ugt.cat\/jubilats\/wp-json\/wp\/v2\/types\/post"}],"author":[{"embeddable":true,"href":"https:\/\/www.ugt.cat\/jubilats\/wp-json\/wp\/v2\/users\/6"}],"replies":[{"embeddable":true,"href":"https:\/\/www.ugt.cat\/jubilats\/wp-json\/wp\/v2\/comments?post=9458"}],"version-history":[{"count":3,"href":"https:\/\/www.ugt.cat\/jubilats\/wp-json\/wp\/v2\/posts\/9458\/revisions"}],"predecessor-version":[{"id":9490,"href":"https:\/\/www.ugt.cat\/jubilats\/wp-json\/wp\/v2\/posts\/9458\/revisions\/9490"}],"wp:featuredmedia":[{"embeddable":true,"href":"https:\/\/www.ugt.cat\/jubilats\/wp-json\/wp\/v2\/media\/9474"}],"wp:attachment":[{"href":"https:\/\/www.ugt.cat\/jubilats\/wp-json\/wp\/v2\/media?parent=9458"}],"wp:term":[{"taxonomy":"category","embeddable":true,"href":"https:\/\/www.ugt.cat\/jubilats\/wp-json\/wp\/v2\/categories?post=9458"},{"taxonomy":"post_tag","embeddable":true,"href":"https:\/\/www.ugt.cat\/jubilats\/wp-json\/wp\/v2\/tags?post=9458"}],"curies":[{"name":"wp","href":"https:\/\/api.w.org\/{rel}","templated":true}]}}