{"id":9477,"date":"2024-10-23T06:42:03","date_gmt":"2024-10-23T06:42:03","guid":{"rendered":"https:\/\/www.ugt.cat\/jubilats\/?p=9477"},"modified":"2024-10-23T06:42:03","modified_gmt":"2024-10-23T06:42:03","slug":"ujp-ugt-amb-lalcalde-de-vilanova-i-la-geltru","status":"publish","type":"post","link":"https:\/\/www.ugt.cat\/jubilats\/ujp-ugt-amb-lalcalde-de-vilanova-i-la-geltru\/","title":{"rendered":"UJP-UGT amb l&#8217;alcalde de Vilanova i la Geltr\u00fa"},"content":{"rendered":"<p>Se ha celebrado la reuni\u00f3n informativa de afiliados de la UJP-UGT en el local de Vilanova i la Geltr\u00fa, con<span style=\"font-weight: 300;\"> la participaci\u00f3n del alcalde Juan Luis Ruiz.<\/span><\/p>\n<p><span style=\"font-weight: 300;\">Agradecemos al compa\u00f1ero Juan Luis, por cierto afiliado a UGT, su explicaci\u00f3n de los temas m\u00e1s importantes de la ciudad, los presupuestos y las inversiones para el 2025.<\/span><\/p>\n<p style=\"text-align: left;\"><span style=\"font-weight: 300;\">Asimismo en el turno de preguntas ha contestado con toda la informaci\u00f3n que dispone y ha recogido los temas muy particulares y concretos que los participantes han expuesto y que no dispon\u00eda de la informaci\u00f3n concreta.<\/span><\/p>\n<p><span style=\"font-weight: 300;\">Agradecemos muy sinceramente est\u00e1 actividad y la participaci\u00f3n en nuestros locales.<\/span><\/p>\n\n\t\t<style>\n\t\t\t#gallery-1 {\n\t\t\t\tmargin: auto;\n\t\t\t}\n\t\t\t#gallery-1 .gallery-item {\n\t\t\t\tfloat: left;\n\t\t\t\tmargin-top: 10px;\n\t\t\t\ttext-align: center;\n\t\t\t\twidth: 33%;\n\t\t\t}\n\t\t\t#gallery-1 img {\n\t\t\t\tborder: 2px solid #cfcfcf;\n\t\t\t}\n\t\t\t#gallery-1 .gallery-caption {\n\t\t\t\tmargin-left: 0;\n\t\t\t}\n\t\t\t\/* see gallery_shortcode() in wp-includes\/media.php *\/\n\t\t<\/style>\n\t\t<div id='gallery-1' class='gallery galleryid-9477 gallery-columns-3 gallery-size-thumbnail'><dl class='gallery-item'>\n\t\t\t<dt class='gallery-icon landscape'>\n\t\t\t\t<a href='https:\/\/www.ugt.cat\/jubilats\/acte-amb-ujp-ugt-a-sant-pere-de-ribes\/img-20241021-wa0030\/'><img loading=\"lazy\" decoding=\"async\" width=\"150\" height=\"150\" src=\"https:\/\/www.ugt.cat\/jubilats\/wp-content\/uploads\/2024\/10\/IMG-20241021-WA0030-150x150.jpg\" class=\"attachment-thumbnail size-thumbnail\" alt=\"\" \/><\/a>\n\t\t\t<\/dt><\/dl><dl class='gallery-item'>\n\t\t\t<dt class='gallery-icon landscape'>\n\t\t\t\t<a href='https:\/\/www.ugt.cat\/jubilats\/acte-amb-ujp-ugt-a-sant-pere-de-ribes\/img-20241021-wa0028\/'><img loading=\"lazy\" decoding=\"async\" width=\"150\" height=\"150\" src=\"https:\/\/www.ugt.cat\/jubilats\/wp-content\/uploads\/2024\/10\/IMG-20241021-WA0028-150x150.jpg\" class=\"attachment-thumbnail size-thumbnail\" alt=\"\" \/><\/a>\n\t\t\t<\/dt><\/dl><dl class='gallery-item'>\n\t\t\t<dt class='gallery-icon landscape'>\n\t\t\t\t<a href='https:\/\/www.ugt.cat\/jubilats\/acte-amb-ujp-ugt-a-sant-pere-de-ribes\/img-20241021-wa0039\/'><img loading=\"lazy\" decoding=\"async\" width=\"150\" height=\"150\" src=\"https:\/\/www.ugt.cat\/jubilats\/wp-content\/uploads\/2024\/10\/IMG-20241021-WA0039-150x150.jpg\" class=\"attachment-thumbnail size-thumbnail\" alt=\"\" \/><\/a>\n\t\t\t<\/dt><\/dl><br style=\"clear: both\" \/><dl class='gallery-item'>\n\t\t\t<dt class='gallery-icon landscape'>\n\t\t\t\t<a href='https:\/\/www.ugt.cat\/jubilats\/ujp-ugt-amb-lalcalde-de-vilanova-i-la-geltru\/img-20241021-wa0030-2\/'><img loading=\"lazy\" decoding=\"async\" width=\"150\" height=\"150\" src=\"https:\/\/www.ugt.cat\/jubilats\/wp-content\/uploads\/2024\/10\/IMG-20241021-WA0030-1-150x150.jpg\" class=\"attachment-thumbnail size-thumbnail\" alt=\"\" \/><\/a>\n\t\t\t<\/dt><\/dl><dl class='gallery-item'>\n\t\t\t<dt class='gallery-icon landscape'>\n\t\t\t\t<a href='https:\/\/www.ugt.cat\/jubilats\/ujp-ugt-amb-lalcalde-de-vilanova-i-la-geltru\/img-20241021-wa0028-2\/'><img loading=\"lazy\" decoding=\"async\" width=\"150\" height=\"150\" src=\"https:\/\/www.ugt.cat\/jubilats\/wp-content\/uploads\/2024\/10\/IMG-20241021-WA0028-1-150x150.jpg\" class=\"attachment-thumbnail size-thumbnail\" alt=\"\" \/><\/a>\n\t\t\t<\/dt><\/dl><dl class='gallery-item'>\n\t\t\t<dt class='gallery-icon landscape'>\n\t\t\t\t<a href='https:\/\/www.ugt.cat\/jubilats\/ujp-ugt-amb-lalcalde-de-vilanova-i-la-geltru\/img-20241021-wa0031\/'><img loading=\"lazy\" decoding=\"async\" width=\"150\" height=\"150\" src=\"https:\/\/www.ugt.cat\/jubilats\/wp-content\/uploads\/2024\/10\/IMG-20241021-WA0031-150x150.jpg\" class=\"attachment-thumbnail size-thumbnail\" alt=\"\" \/><\/a>\n\t\t\t<\/dt><\/dl><br style=\"clear: both\" \/><dl class='gallery-item'>\n\t\t\t<dt class='gallery-icon landscape'>\n\t\t\t\t<a href='https:\/\/www.ugt.cat\/jubilats\/ujp-ugt-amb-lalcalde-de-vilanova-i-la-geltru\/img-20241021-wa0032\/'><img loading=\"lazy\" decoding=\"async\" width=\"150\" height=\"150\" src=\"https:\/\/www.ugt.cat\/jubilats\/wp-content\/uploads\/2024\/10\/IMG-20241021-WA0032-150x150.jpg\" class=\"attachment-thumbnail size-thumbnail\" alt=\"\" \/><\/a>\n\t\t\t<\/dt><\/dl>\n\t\t\t<br style='clear: both' \/>\n\t\t<\/div>\n\n","protected":false},"excerpt":{"rendered":"<p>Se ha celebrado la reuni\u00f3n informativa de afiliados de la UJP-UGT en el local de Vilanova i la Geltr\u00fa, con la participaci\u00f3n del alcalde Juan Luis Ruiz. Agradecemos al compa\u00f1ero Juan Luis, por cierto afiliado a UGT, su explicaci\u00f3n de <a class=\"more-link\" href=\"https:\/\/www.ugt.cat\/jubilats\/ujp-ugt-amb-lalcalde-de-vilanova-i-la-geltru\/\">Continua llegint <span class=\"meta-nav\">&rarr;<\/span><\/a><\/p>\n","protected":false},"author":6,"featured_media":9464,"comment_status":"closed","ping_status":"open","sticky":false,"template":"","format":"standard","meta":{"footnotes":""},"categories":[1],"tags":[],"class_list":["post-9477","post","type-post","status-publish","format-standard","has-post-thumbnail","hentry","category-general"],"_links":{"self":[{"href":"https:\/\/www.ugt.cat\/jubilats\/wp-json\/wp\/v2\/posts\/9477","targetHints":{"allow":["GET"]}}],"collection":[{"href":"https:\/\/www.ugt.cat\/jubilats\/wp-json\/wp\/v2\/posts"}],"about":[{"href":"https:\/\/www.ugt.cat\/jubilats\/wp-json\/wp\/v2\/types\/post"}],"author":[{"embeddable":true,"href":"https:\/\/www.ugt.cat\/jubilats\/wp-json\/wp\/v2\/users\/6"}],"replies":[{"embeddable":true,"href":"https:\/\/www.ugt.cat\/jubilats\/wp-json\/wp\/v2\/comments?post=9477"}],"version-history":[{"count":5,"href":"https:\/\/www.ugt.cat\/jubilats\/wp-json\/wp\/v2\/posts\/9477\/revisions"}],"predecessor-version":[{"id":9492,"href":"https:\/\/www.ugt.cat\/jubilats\/wp-json\/wp\/v2\/posts\/9477\/revisions\/9492"}],"wp:featuredmedia":[{"embeddable":true,"href":"https:\/\/www.ugt.cat\/jubilats\/wp-json\/wp\/v2\/media\/9464"}],"wp:attachment":[{"href":"https:\/\/www.ugt.cat\/jubilats\/wp-json\/wp\/v2\/media?parent=9477"}],"wp:term":[{"taxonomy":"category","embeddable":true,"href":"https:\/\/www.ugt.cat\/jubilats\/wp-json\/wp\/v2\/categories?post=9477"},{"taxonomy":"post_tag","embeddable":true,"href":"https:\/\/www.ugt.cat\/jubilats\/wp-json\/wp\/v2\/tags?post=9477"}],"curies":[{"name":"wp","href":"https:\/\/api.w.org\/{rel}","templated":true}]}}