{"id":9582,"date":"2024-11-24T18:00:00","date_gmt":"2024-11-24T18:00:00","guid":{"rendered":"http:\/\/www.ugt.cat\/jubilats\/?p=9582"},"modified":"2024-11-25T09:08:32","modified_gmt":"2024-11-25T09:08:32","slug":"ujp-ugt-de-catalunya-celebra-el-comite-nacional","status":"publish","type":"post","link":"https:\/\/www.ugt.cat\/jubilats\/ujp-ugt-de-catalunya-celebra-el-comite-nacional\/","title":{"rendered":"UJP-UGT de Catalunya celebra el Comit\u00e8 nacional"},"content":{"rendered":"<p>S&#8217;ha celebrat el 4rt. Comit\u00e8 Nacional ordinari d&#8217;UJP-UGT de Catalunya a la seu de Barcelona. A continuaci\u00f3 de l&#8217;obertura de l&#8217;acte pel secretari d&#8217;organitzaci\u00f3 Florenci Cepero, ha intervingut N\u00faria Sol\u00e9 vicesecretaria general de la UGT de Catalunya amb la salutaci\u00f3 del secretariat nacional. Despr\u00e9s de l&#8217;exposici\u00f3 de la gesti\u00f3 de la comissi\u00f3 executiva per part del secretari general Manuel Becerra i de les intervencions dels delegats, ha estat aprobada per unanimitat. Els m\u00e9s <span style=\"color: #333333; font-style: normal; font-weight: 300;\">de 50 assistents han mantingut un minut de silenci pels morts de la DANA a Val\u00e8ncia expresant la solidaritat amb els afectats i la mobilitzaci\u00f3 d&#8217;UGT-PV. <\/span><span style=\"font-weight: 300;\">Ha concl\u00f3s l&#8217;acte la secretaria d&#8217;Igualtat i Formaci\u00f3 de la CE estatal \u00c0ngels G\u00f3mez.<\/span><\/p>\n\n\t\t<style>\n\t\t\t#gallery-1 {\n\t\t\t\tmargin: auto;\n\t\t\t}\n\t\t\t#gallery-1 .gallery-item {\n\t\t\t\tfloat: left;\n\t\t\t\tmargin-top: 10px;\n\t\t\t\ttext-align: center;\n\t\t\t\twidth: 33%;\n\t\t\t}\n\t\t\t#gallery-1 img {\n\t\t\t\tborder: 2px solid #cfcfcf;\n\t\t\t}\n\t\t\t#gallery-1 .gallery-caption {\n\t\t\t\tmargin-left: 0;\n\t\t\t}\n\t\t\t\/* see gallery_shortcode() in wp-includes\/media.php *\/\n\t\t<\/style>\n\t\t<div id='gallery-1' class='gallery galleryid-9582 gallery-columns-3 gallery-size-large'><dl class='gallery-item'>\n\t\t\t<dt class='gallery-icon landscape'>\n\t\t\t\t<a href='https:\/\/www.ugt.cat\/jubilats\/ujp-ugt-de-catalunya-celebra-el-comite-nacional\/img-20241122-wa0016\/'><img loading=\"lazy\" decoding=\"async\" width=\"768\" height=\"1024\" src=\"https:\/\/www.ugt.cat\/jubilats\/wp-content\/uploads\/2024\/11\/IMG-20241122-WA0016-768x1024.jpg\" class=\"attachment-large size-large\" alt=\"\" srcset=\"https:\/\/www.ugt.cat\/jubilats\/wp-content\/uploads\/2024\/11\/IMG-20241122-WA0016-768x1024.jpg 768w, https:\/\/www.ugt.cat\/jubilats\/wp-content\/uploads\/2024\/11\/IMG-20241122-WA0016-1152x1536.jpg 1152w\" sizes=\"auto, (max-width: 768px) 100vw, 768px\" \/><\/a>\n\t\t\t<\/dt><\/dl><dl class='gallery-item'>\n\t\t\t<dt class='gallery-icon portrait'>\n\t\t\t\t<a href='https:\/\/www.ugt.cat\/jubilats\/ujp-ugt-de-catalunya-celebra-el-comite-nacional\/img-20241122-wa0069\/'><img loading=\"lazy\" decoding=\"async\" width=\"768\" height=\"1024\" src=\"https:\/\/www.ugt.cat\/jubilats\/wp-content\/uploads\/2024\/11\/IMG-20241122-WA0069-768x1024.jpg\" class=\"attachment-large size-large\" alt=\"\" srcset=\"https:\/\/www.ugt.cat\/jubilats\/wp-content\/uploads\/2024\/11\/IMG-20241122-WA0069-768x1024.jpg 768w, https:\/\/www.ugt.cat\/jubilats\/wp-content\/uploads\/2024\/11\/IMG-20241122-WA0069-225x300.jpg 225w, https:\/\/www.ugt.cat\/jubilats\/wp-content\/uploads\/2024\/11\/IMG-20241122-WA0069-1152x1536.jpg 1152w, https:\/\/www.ugt.cat\/jubilats\/wp-content\/uploads\/2024\/11\/IMG-20241122-WA0069.jpg 1200w\" sizes=\"auto, (max-width: 768px) 100vw, 768px\" \/><\/a>\n\t\t\t<\/dt><\/dl><dl class='gallery-item'>\n\t\t\t<dt class='gallery-icon portrait'>\n\t\t\t\t<a href='https:\/\/www.ugt.cat\/jubilats\/ujp-ugt-de-catalunya-celebra-el-comite-nacional\/img-20241122-wa0071\/'><img loading=\"lazy\" decoding=\"async\" width=\"768\" height=\"1024\" src=\"https:\/\/www.ugt.cat\/jubilats\/wp-content\/uploads\/2024\/11\/IMG-20241122-WA0071-768x1024.jpg\" class=\"attachment-large size-large\" alt=\"\" srcset=\"https:\/\/www.ugt.cat\/jubilats\/wp-content\/uploads\/2024\/11\/IMG-20241122-WA0071-768x1024.jpg 768w, https:\/\/www.ugt.cat\/jubilats\/wp-content\/uploads\/2024\/11\/IMG-20241122-WA0071-225x300.jpg 225w, https:\/\/www.ugt.cat\/jubilats\/wp-content\/uploads\/2024\/11\/IMG-20241122-WA0071-1152x1536.jpg 1152w, https:\/\/www.ugt.cat\/jubilats\/wp-content\/uploads\/2024\/11\/IMG-20241122-WA0071.jpg 1200w\" sizes=\"auto, (max-width: 768px) 100vw, 768px\" \/><\/a>\n\t\t\t<\/dt><\/dl><br style=\"clear: both\" \/><dl class='gallery-item'>\n\t\t\t<dt class='gallery-icon landscape'>\n\t\t\t\t<a href='https:\/\/www.ugt.cat\/jubilats\/ujp-ugt-de-catalunya-celebra-el-comite-nacional\/img-20241122-wa0037\/'><img loading=\"lazy\" decoding=\"async\" width=\"1024\" height=\"768\" src=\"https:\/\/www.ugt.cat\/jubilats\/wp-content\/uploads\/2024\/11\/IMG-20241122-WA0037-1024x768.jpg\" class=\"attachment-large size-large\" alt=\"\" srcset=\"https:\/\/www.ugt.cat\/jubilats\/wp-content\/uploads\/2024\/11\/IMG-20241122-WA0037-1024x768.jpg 1024w, https:\/\/www.ugt.cat\/jubilats\/wp-content\/uploads\/2024\/11\/IMG-20241122-WA0037-300x225.jpg 300w, https:\/\/www.ugt.cat\/jubilats\/wp-content\/uploads\/2024\/11\/IMG-20241122-WA0037-768x576.jpg 768w, https:\/\/www.ugt.cat\/jubilats\/wp-content\/uploads\/2024\/11\/IMG-20241122-WA0037-1536x1152.jpg 1536w, https:\/\/www.ugt.cat\/jubilats\/wp-content\/uploads\/2024\/11\/IMG-20241122-WA0037.jpg 1600w\" sizes=\"auto, (max-width: 1024px) 100vw, 1024px\" \/><\/a>\n\t\t\t<\/dt><\/dl><dl class='gallery-item'>\n\t\t\t<dt class='gallery-icon portrait'>\n\t\t\t\t<a href='https:\/\/www.ugt.cat\/jubilats\/ujp-ugt-de-catalunya-celebra-el-comite-nacional\/img-20241122-wa0079\/'><img loading=\"lazy\" decoding=\"async\" width=\"768\" height=\"1024\" src=\"https:\/\/www.ugt.cat\/jubilats\/wp-content\/uploads\/2024\/11\/IMG-20241122-WA0079-768x1024.jpg\" class=\"attachment-large size-large\" alt=\"\" srcset=\"https:\/\/www.ugt.cat\/jubilats\/wp-content\/uploads\/2024\/11\/IMG-20241122-WA0079-768x1024.jpg 768w, https:\/\/www.ugt.cat\/jubilats\/wp-content\/uploads\/2024\/11\/IMG-20241122-WA0079-225x300.jpg 225w, https:\/\/www.ugt.cat\/jubilats\/wp-content\/uploads\/2024\/11\/IMG-20241122-WA0079-1152x1536.jpg 1152w, https:\/\/www.ugt.cat\/jubilats\/wp-content\/uploads\/2024\/11\/IMG-20241122-WA0079.jpg 1200w\" sizes=\"auto, (max-width: 768px) 100vw, 768px\" \/><\/a>\n\t\t\t<\/dt><\/dl><dl class='gallery-item'>\n\t\t\t<dt class='gallery-icon portrait'>\n\t\t\t\t<a href='https:\/\/www.ugt.cat\/jubilats\/ujp-ugt-de-catalunya-celebra-el-comite-nacional\/img-20241122-wa0081-2\/'><img loading=\"lazy\" decoding=\"async\" width=\"768\" height=\"1024\" src=\"https:\/\/www.ugt.cat\/jubilats\/wp-content\/uploads\/2024\/11\/IMG-20241122-WA0081-1-768x1024.jpg\" class=\"attachment-large size-large\" alt=\"\" srcset=\"https:\/\/www.ugt.cat\/jubilats\/wp-content\/uploads\/2024\/11\/IMG-20241122-WA0081-1-768x1024.jpg 768w, https:\/\/www.ugt.cat\/jubilats\/wp-content\/uploads\/2024\/11\/IMG-20241122-WA0081-1-1152x1536.jpg 1152w\" sizes=\"auto, (max-width: 768px) 100vw, 768px\" \/><\/a>\n\t\t\t<\/dt><\/dl><br style=\"clear: both\" \/><dl class='gallery-item'>\n\t\t\t<dt class='gallery-icon landscape'>\n\t\t\t\t<a href='https:\/\/www.ugt.cat\/jubilats\/ujp-ugt-de-catalunya-celebra-el-comite-nacional\/img-20241122-wa0055\/'><img loading=\"lazy\" decoding=\"async\" width=\"783\" height=\"1024\" src=\"https:\/\/www.ugt.cat\/jubilats\/wp-content\/uploads\/2024\/11\/IMG-20241122-WA0055-e1732471397560-783x1024.jpg\" class=\"attachment-large size-large\" alt=\"\" srcset=\"https:\/\/www.ugt.cat\/jubilats\/wp-content\/uploads\/2024\/11\/IMG-20241122-WA0055-e1732471397560-783x1024.jpg 783w, https:\/\/www.ugt.cat\/jubilats\/wp-content\/uploads\/2024\/11\/IMG-20241122-WA0055-e1732471397560-229x300.jpg 229w, https:\/\/www.ugt.cat\/jubilats\/wp-content\/uploads\/2024\/11\/IMG-20241122-WA0055-e1732471397560-768x1005.jpg 768w\" sizes=\"auto, (max-width: 783px) 100vw, 783px\" \/><\/a>\n\t\t\t<\/dt><\/dl><dl class='gallery-item'>\n\t\t\t<dt class='gallery-icon portrait'>\n\t\t\t\t<a href='https:\/\/www.ugt.cat\/jubilats\/ujp-ugt-de-catalunya-celebra-el-comite-nacional\/img-20241122-wa0038\/'><img loading=\"lazy\" decoding=\"async\" width=\"768\" height=\"1024\" src=\"https:\/\/www.ugt.cat\/jubilats\/wp-content\/uploads\/2024\/11\/IMG-20241122-WA0038-768x1024.jpg\" class=\"attachment-large size-large\" alt=\"\" srcset=\"https:\/\/www.ugt.cat\/jubilats\/wp-content\/uploads\/2024\/11\/IMG-20241122-WA0038-768x1024.jpg 768w, https:\/\/www.ugt.cat\/jubilats\/wp-content\/uploads\/2024\/11\/IMG-20241122-WA0038-225x300.jpg 225w, https:\/\/www.ugt.cat\/jubilats\/wp-content\/uploads\/2024\/11\/IMG-20241122-WA0038-1152x1536.jpg 1152w, https:\/\/www.ugt.cat\/jubilats\/wp-content\/uploads\/2024\/11\/IMG-20241122-WA0038.jpg 1200w\" sizes=\"auto, (max-width: 768px) 100vw, 768px\" \/><\/a>\n\t\t\t<\/dt><\/dl><dl class='gallery-item'>\n\t\t\t<dt class='gallery-icon portrait'>\n\t\t\t\t<a href='https:\/\/www.ugt.cat\/jubilats\/ujp-ugt-de-catalunya-celebra-el-comite-nacional\/img-20241122-wa0078-2\/'><img loading=\"lazy\" decoding=\"async\" width=\"768\" height=\"1024\" src=\"https:\/\/www.ugt.cat\/jubilats\/wp-content\/uploads\/2024\/11\/IMG-20241122-WA0078-1-768x1024.jpg\" class=\"attachment-large size-large\" alt=\"\" srcset=\"https:\/\/www.ugt.cat\/jubilats\/wp-content\/uploads\/2024\/11\/IMG-20241122-WA0078-1-768x1024.jpg 768w, https:\/\/www.ugt.cat\/jubilats\/wp-content\/uploads\/2024\/11\/IMG-20241122-WA0078-1-225x300.jpg 225w, https:\/\/www.ugt.cat\/jubilats\/wp-content\/uploads\/2024\/11\/IMG-20241122-WA0078-1-1152x1536.jpg 1152w, https:\/\/www.ugt.cat\/jubilats\/wp-content\/uploads\/2024\/11\/IMG-20241122-WA0078-1.jpg 1200w\" sizes=\"auto, (max-width: 768px) 100vw, 768px\" \/><\/a>\n\t\t\t<\/dt><\/dl><br style=\"clear: both\" \/><dl class='gallery-item'>\n\t\t\t<dt class='gallery-icon portrait'>\n\t\t\t\t<a href='https:\/\/www.ugt.cat\/jubilats\/ujp-ugt-de-catalunya-celebra-el-comite-nacional\/img-20241122-wa0077\/'><img loading=\"lazy\" decoding=\"async\" width=\"768\" height=\"1024\" src=\"https:\/\/www.ugt.cat\/jubilats\/wp-content\/uploads\/2024\/11\/IMG-20241122-WA0077-768x1024.jpg\" class=\"attachment-large size-large\" alt=\"\" srcset=\"https:\/\/www.ugt.cat\/jubilats\/wp-content\/uploads\/2024\/11\/IMG-20241122-WA0077-768x1024.jpg 768w, https:\/\/www.ugt.cat\/jubilats\/wp-content\/uploads\/2024\/11\/IMG-20241122-WA0077-225x300.jpg 225w, https:\/\/www.ugt.cat\/jubilats\/wp-content\/uploads\/2024\/11\/IMG-20241122-WA0077-1152x1536.jpg 1152w, https:\/\/www.ugt.cat\/jubilats\/wp-content\/uploads\/2024\/11\/IMG-20241122-WA0077.jpg 1200w\" sizes=\"auto, (max-width: 768px) 100vw, 768px\" \/><\/a>\n\t\t\t<\/dt><\/dl><dl class='gallery-item'>\n\t\t\t<dt class='gallery-icon portrait'>\n\t\t\t\t<a href='https:\/\/www.ugt.cat\/jubilats\/ujp-ugt-de-catalunya-celebra-el-comite-nacional\/img-20241122-wa0076\/'><img loading=\"lazy\" decoding=\"async\" width=\"768\" height=\"1024\" src=\"https:\/\/www.ugt.cat\/jubilats\/wp-content\/uploads\/2024\/11\/IMG-20241122-WA0076-768x1024.jpg\" class=\"attachment-large size-large\" alt=\"\" srcset=\"https:\/\/www.ugt.cat\/jubilats\/wp-content\/uploads\/2024\/11\/IMG-20241122-WA0076-768x1024.jpg 768w, https:\/\/www.ugt.cat\/jubilats\/wp-content\/uploads\/2024\/11\/IMG-20241122-WA0076-225x300.jpg 225w, https:\/\/www.ugt.cat\/jubilats\/wp-content\/uploads\/2024\/11\/IMG-20241122-WA0076-1152x1536.jpg 1152w, https:\/\/www.ugt.cat\/jubilats\/wp-content\/uploads\/2024\/11\/IMG-20241122-WA0076.jpg 1200w\" sizes=\"auto, (max-width: 768px) 100vw, 768px\" \/><\/a>\n\t\t\t<\/dt><\/dl><dl class='gallery-item'>\n\t\t\t<dt class='gallery-icon portrait'>\n\t\t\t\t<a href='https:\/\/www.ugt.cat\/jubilats\/ujp-ugt-de-catalunya-celebra-el-comite-nacional\/img-20241122-wa0075\/'><img loading=\"lazy\" decoding=\"async\" width=\"768\" height=\"1024\" src=\"https:\/\/www.ugt.cat\/jubilats\/wp-content\/uploads\/2024\/11\/IMG-20241122-WA0075-768x1024.jpg\" class=\"attachment-large size-large\" alt=\"\" srcset=\"https:\/\/www.ugt.cat\/jubilats\/wp-content\/uploads\/2024\/11\/IMG-20241122-WA0075-768x1024.jpg 768w, https:\/\/www.ugt.cat\/jubilats\/wp-content\/uploads\/2024\/11\/IMG-20241122-WA0075-225x300.jpg 225w, https:\/\/www.ugt.cat\/jubilats\/wp-content\/uploads\/2024\/11\/IMG-20241122-WA0075-1152x1536.jpg 1152w, https:\/\/www.ugt.cat\/jubilats\/wp-content\/uploads\/2024\/11\/IMG-20241122-WA0075.jpg 1200w\" sizes=\"auto, (max-width: 768px) 100vw, 768px\" \/><\/a>\n\t\t\t<\/dt><\/dl><br style=\"clear: both\" \/><dl class='gallery-item'>\n\t\t\t<dt class='gallery-icon portrait'>\n\t\t\t\t<a href='https:\/\/www.ugt.cat\/jubilats\/ujp-ugt-de-catalunya-celebra-el-comite-nacional\/img-20241122-wa0072\/'><img loading=\"lazy\" decoding=\"async\" width=\"768\" height=\"1024\" src=\"https:\/\/www.ugt.cat\/jubilats\/wp-content\/uploads\/2024\/11\/IMG-20241122-WA0072-768x1024.jpg\" class=\"attachment-large size-large\" alt=\"\" srcset=\"https:\/\/www.ugt.cat\/jubilats\/wp-content\/uploads\/2024\/11\/IMG-20241122-WA0072-768x1024.jpg 768w, https:\/\/www.ugt.cat\/jubilats\/wp-content\/uploads\/2024\/11\/IMG-20241122-WA0072-225x300.jpg 225w, https:\/\/www.ugt.cat\/jubilats\/wp-content\/uploads\/2024\/11\/IMG-20241122-WA0072-1152x1536.jpg 1152w, https:\/\/www.ugt.cat\/jubilats\/wp-content\/uploads\/2024\/11\/IMG-20241122-WA0072.jpg 1200w\" sizes=\"auto, (max-width: 768px) 100vw, 768px\" \/><\/a>\n\t\t\t<\/dt><\/dl><dl class='gallery-item'>\n\t\t\t<dt class='gallery-icon portrait'>\n\t\t\t\t<a href='https:\/\/www.ugt.cat\/jubilats\/ujp-ugt-de-catalunya-celebra-el-comite-nacional\/img-20241122-wa0057\/'><img loading=\"lazy\" decoding=\"async\" width=\"768\" height=\"1024\" src=\"https:\/\/www.ugt.cat\/jubilats\/wp-content\/uploads\/2024\/11\/IMG-20241122-WA0057-768x1024.jpg\" class=\"attachment-large size-large\" alt=\"\" srcset=\"https:\/\/www.ugt.cat\/jubilats\/wp-content\/uploads\/2024\/11\/IMG-20241122-WA0057-768x1024.jpg 768w, https:\/\/www.ugt.cat\/jubilats\/wp-content\/uploads\/2024\/11\/IMG-20241122-WA0057-225x300.jpg 225w, https:\/\/www.ugt.cat\/jubilats\/wp-content\/uploads\/2024\/11\/IMG-20241122-WA0057-1152x1536.jpg 1152w, https:\/\/www.ugt.cat\/jubilats\/wp-content\/uploads\/2024\/11\/IMG-20241122-WA0057.jpg 1200w\" sizes=\"auto, (max-width: 768px) 100vw, 768px\" \/><\/a>\n\t\t\t<\/dt><\/dl><dl class='gallery-item'>\n\t\t\t<dt class='gallery-icon portrait'>\n\t\t\t\t<a href='https:\/\/www.ugt.cat\/jubilats\/ujp-ugt-de-catalunya-celebra-el-comite-nacional\/img-20241122-wa0051\/'><img loading=\"lazy\" decoding=\"async\" width=\"768\" height=\"1024\" src=\"https:\/\/www.ugt.cat\/jubilats\/wp-content\/uploads\/2024\/11\/IMG-20241122-WA0051-768x1024.jpg\" class=\"attachment-large size-large\" alt=\"\" srcset=\"https:\/\/www.ugt.cat\/jubilats\/wp-content\/uploads\/2024\/11\/IMG-20241122-WA0051-768x1024.jpg 768w, https:\/\/www.ugt.cat\/jubilats\/wp-content\/uploads\/2024\/11\/IMG-20241122-WA0051-225x300.jpg 225w, https:\/\/www.ugt.cat\/jubilats\/wp-content\/uploads\/2024\/11\/IMG-20241122-WA0051-1152x1536.jpg 1152w, https:\/\/www.ugt.cat\/jubilats\/wp-content\/uploads\/2024\/11\/IMG-20241122-WA0051.jpg 1200w\" sizes=\"auto, (max-width: 768px) 100vw, 768px\" \/><\/a>\n\t\t\t<\/dt><\/dl><br style=\"clear: both\" \/><dl class='gallery-item'>\n\t\t\t<dt class='gallery-icon portrait'>\n\t\t\t\t<a href='https:\/\/www.ugt.cat\/jubilats\/ujp-ugt-de-catalunya-celebra-el-comite-nacional\/img-20241122-wa0052\/'><img loading=\"lazy\" decoding=\"async\" width=\"768\" height=\"1024\" src=\"https:\/\/www.ugt.cat\/jubilats\/wp-content\/uploads\/2024\/11\/IMG-20241122-WA0052-768x1024.jpg\" class=\"attachment-large size-large\" alt=\"\" srcset=\"https:\/\/www.ugt.cat\/jubilats\/wp-content\/uploads\/2024\/11\/IMG-20241122-WA0052-768x1024.jpg 768w, https:\/\/www.ugt.cat\/jubilats\/wp-content\/uploads\/2024\/11\/IMG-20241122-WA0052-225x300.jpg 225w, https:\/\/www.ugt.cat\/jubilats\/wp-content\/uploads\/2024\/11\/IMG-20241122-WA0052-1152x1536.jpg 1152w, https:\/\/www.ugt.cat\/jubilats\/wp-content\/uploads\/2024\/11\/IMG-20241122-WA0052.jpg 1200w\" sizes=\"auto, (max-width: 768px) 100vw, 768px\" \/><\/a>\n\t\t\t<\/dt><\/dl><dl class='gallery-item'>\n\t\t\t<dt class='gallery-icon portrait'>\n\t\t\t\t<a href='https:\/\/www.ugt.cat\/jubilats\/ujp-ugt-de-catalunya-celebra-el-comite-nacional\/img-20241122-wa0049\/'><img loading=\"lazy\" decoding=\"async\" width=\"768\" height=\"1024\" src=\"https:\/\/www.ugt.cat\/jubilats\/wp-content\/uploads\/2024\/11\/IMG-20241122-WA0049-768x1024.jpg\" class=\"attachment-large size-large\" alt=\"\" srcset=\"https:\/\/www.ugt.cat\/jubilats\/wp-content\/uploads\/2024\/11\/IMG-20241122-WA0049-768x1024.jpg 768w, https:\/\/www.ugt.cat\/jubilats\/wp-content\/uploads\/2024\/11\/IMG-20241122-WA0049-225x300.jpg 225w, https:\/\/www.ugt.cat\/jubilats\/wp-content\/uploads\/2024\/11\/IMG-20241122-WA0049-1152x1536.jpg 1152w, https:\/\/www.ugt.cat\/jubilats\/wp-content\/uploads\/2024\/11\/IMG-20241122-WA0049.jpg 1200w\" sizes=\"auto, (max-width: 768px) 100vw, 768px\" \/><\/a>\n\t\t\t<\/dt><\/dl><dl class='gallery-item'>\n\t\t\t<dt class='gallery-icon portrait'>\n\t\t\t\t<a href='https:\/\/www.ugt.cat\/jubilats\/ujp-ugt-de-catalunya-celebra-el-comite-nacional\/img-20241122-wa0048\/'><img loading=\"lazy\" decoding=\"async\" width=\"768\" height=\"1024\" src=\"https:\/\/www.ugt.cat\/jubilats\/wp-content\/uploads\/2024\/11\/IMG-20241122-WA0048-768x1024.jpg\" class=\"attachment-large size-large\" alt=\"\" srcset=\"https:\/\/www.ugt.cat\/jubilats\/wp-content\/uploads\/2024\/11\/IMG-20241122-WA0048-768x1024.jpg 768w, https:\/\/www.ugt.cat\/jubilats\/wp-content\/uploads\/2024\/11\/IMG-20241122-WA0048-225x300.jpg 225w, https:\/\/www.ugt.cat\/jubilats\/wp-content\/uploads\/2024\/11\/IMG-20241122-WA0048-1152x1536.jpg 1152w, https:\/\/www.ugt.cat\/jubilats\/wp-content\/uploads\/2024\/11\/IMG-20241122-WA0048.jpg 1200w\" sizes=\"auto, (max-width: 768px) 100vw, 768px\" \/><\/a>\n\t\t\t<\/dt><\/dl><br style=\"clear: both\" \/><dl class='gallery-item'>\n\t\t\t<dt class='gallery-icon landscape'>\n\t\t\t\t<a href='https:\/\/www.ugt.cat\/jubilats\/ujp-ugt-de-catalunya-celebra-el-comite-nacional\/img_20241122_114551\/'><img loading=\"lazy\" decoding=\"async\" width=\"1024\" height=\"459\" src=\"https:\/\/www.ugt.cat\/jubilats\/wp-content\/uploads\/2024\/11\/IMG_20241122_114551-1024x459.jpg\" class=\"attachment-large size-large\" alt=\"\" srcset=\"https:\/\/www.ugt.cat\/jubilats\/wp-content\/uploads\/2024\/11\/IMG_20241122_114551-1024x459.jpg 1024w, https:\/\/www.ugt.cat\/jubilats\/wp-content\/uploads\/2024\/11\/IMG_20241122_114551-300x134.jpg 300w, https:\/\/www.ugt.cat\/jubilats\/wp-content\/uploads\/2024\/11\/IMG_20241122_114551-768x344.jpg 768w, https:\/\/www.ugt.cat\/jubilats\/wp-content\/uploads\/2024\/11\/IMG_20241122_114551-1536x688.jpg 1536w, https:\/\/www.ugt.cat\/jubilats\/wp-content\/uploads\/2024\/11\/IMG_20241122_114551-2048x918.jpg 2048w\" sizes=\"auto, (max-width: 1024px) 100vw, 1024px\" \/><\/a>\n\t\t\t<\/dt><\/dl><dl class='gallery-item'>\n\t\t\t<dt class='gallery-icon portrait'>\n\t\t\t\t<a href='https:\/\/www.ugt.cat\/jubilats\/ujp-ugt-de-catalunya-celebra-el-comite-nacional\/img-20241122-wa0045\/'><img loading=\"lazy\" decoding=\"async\" width=\"768\" height=\"1024\" src=\"https:\/\/www.ugt.cat\/jubilats\/wp-content\/uploads\/2024\/11\/IMG-20241122-WA0045-768x1024.jpg\" class=\"attachment-large size-large\" alt=\"\" srcset=\"https:\/\/www.ugt.cat\/jubilats\/wp-content\/uploads\/2024\/11\/IMG-20241122-WA0045-768x1024.jpg 768w, https:\/\/www.ugt.cat\/jubilats\/wp-content\/uploads\/2024\/11\/IMG-20241122-WA0045-225x300.jpg 225w, https:\/\/www.ugt.cat\/jubilats\/wp-content\/uploads\/2024\/11\/IMG-20241122-WA0045-1152x1536.jpg 1152w, https:\/\/www.ugt.cat\/jubilats\/wp-content\/uploads\/2024\/11\/IMG-20241122-WA0045.jpg 1200w\" sizes=\"auto, (max-width: 768px) 100vw, 768px\" \/><\/a>\n\t\t\t<\/dt><\/dl><dl class='gallery-item'>\n\t\t\t<dt class='gallery-icon portrait'>\n\t\t\t\t<a href='https:\/\/www.ugt.cat\/jubilats\/ujp-ugt-de-catalunya-celebra-el-comite-nacional\/img-20241122-wa0041\/'><img loading=\"lazy\" decoding=\"async\" width=\"768\" height=\"1024\" src=\"https:\/\/www.ugt.cat\/jubilats\/wp-content\/uploads\/2024\/11\/IMG-20241122-WA0041-768x1024.jpg\" class=\"attachment-large size-large\" alt=\"\" srcset=\"https:\/\/www.ugt.cat\/jubilats\/wp-content\/uploads\/2024\/11\/IMG-20241122-WA0041-768x1024.jpg 768w, https:\/\/www.ugt.cat\/jubilats\/wp-content\/uploads\/2024\/11\/IMG-20241122-WA0041-225x300.jpg 225w, https:\/\/www.ugt.cat\/jubilats\/wp-content\/uploads\/2024\/11\/IMG-20241122-WA0041-1152x1536.jpg 1152w, https:\/\/www.ugt.cat\/jubilats\/wp-content\/uploads\/2024\/11\/IMG-20241122-WA0041.jpg 1200w\" sizes=\"auto, (max-width: 768px) 100vw, 768px\" \/><\/a>\n\t\t\t<\/dt><\/dl><br style=\"clear: both\" \/><dl class='gallery-item'>\n\t\t\t<dt class='gallery-icon portrait'>\n\t\t\t\t<a href='https:\/\/www.ugt.cat\/jubilats\/ujp-ugt-de-catalunya-celebra-el-comite-nacional\/img-20241122-wa0054\/'><img loading=\"lazy\" decoding=\"async\" width=\"768\" height=\"1024\" src=\"https:\/\/www.ugt.cat\/jubilats\/wp-content\/uploads\/2024\/11\/IMG-20241122-WA0054-768x1024.jpg\" class=\"attachment-large size-large\" alt=\"\" srcset=\"https:\/\/www.ugt.cat\/jubilats\/wp-content\/uploads\/2024\/11\/IMG-20241122-WA0054-768x1024.jpg 768w, https:\/\/www.ugt.cat\/jubilats\/wp-content\/uploads\/2024\/11\/IMG-20241122-WA0054-225x300.jpg 225w, https:\/\/www.ugt.cat\/jubilats\/wp-content\/uploads\/2024\/11\/IMG-20241122-WA0054-1152x1536.jpg 1152w, https:\/\/www.ugt.cat\/jubilats\/wp-content\/uploads\/2024\/11\/IMG-20241122-WA0054.jpg 1200w\" sizes=\"auto, (max-width: 768px) 100vw, 768px\" \/><\/a>\n\t\t\t<\/dt><\/dl><dl class='gallery-item'>\n\t\t\t<dt class='gallery-icon portrait'>\n\t\t\t\t<a href='https:\/\/www.ugt.cat\/jubilats\/ujp-ugt-de-catalunya-celebra-el-comite-nacional\/img-20241122-wa0044\/'><img loading=\"lazy\" decoding=\"async\" width=\"576\" height=\"1024\" src=\"https:\/\/www.ugt.cat\/jubilats\/wp-content\/uploads\/2024\/11\/IMG-20241122-WA0044-576x1024.jpg\" class=\"attachment-large size-large\" alt=\"\" srcset=\"https:\/\/www.ugt.cat\/jubilats\/wp-content\/uploads\/2024\/11\/IMG-20241122-WA0044-576x1024.jpg 576w, https:\/\/www.ugt.cat\/jubilats\/wp-content\/uploads\/2024\/11\/IMG-20241122-WA0044-169x300.jpg 169w, https:\/\/www.ugt.cat\/jubilats\/wp-content\/uploads\/2024\/11\/IMG-20241122-WA0044.jpg 750w\" sizes=\"auto, (max-width: 576px) 100vw, 576px\" \/><\/a>\n\t\t\t<\/dt><\/dl><dl class='gallery-item'>\n\t\t\t<dt class='gallery-icon landscape'>\n\t\t\t\t<a href='https:\/\/www.ugt.cat\/jubilats\/ujp-ugt-de-catalunya-celebra-el-comite-nacional\/img-20241122-wa0025\/'><img loading=\"lazy\" decoding=\"async\" width=\"1024\" height=\"768\" src=\"https:\/\/www.ugt.cat\/jubilats\/wp-content\/uploads\/2024\/11\/IMG-20241122-WA0025-1024x768.jpg\" class=\"attachment-large size-large\" alt=\"\" srcset=\"https:\/\/www.ugt.cat\/jubilats\/wp-content\/uploads\/2024\/11\/IMG-20241122-WA0025-1024x768.jpg 1024w, https:\/\/www.ugt.cat\/jubilats\/wp-content\/uploads\/2024\/11\/IMG-20241122-WA0025-300x225.jpg 300w, https:\/\/www.ugt.cat\/jubilats\/wp-content\/uploads\/2024\/11\/IMG-20241122-WA0025-768x576.jpg 768w, https:\/\/www.ugt.cat\/jubilats\/wp-content\/uploads\/2024\/11\/IMG-20241122-WA0025-1536x1152.jpg 1536w, https:\/\/www.ugt.cat\/jubilats\/wp-content\/uploads\/2024\/11\/IMG-20241122-WA0025.jpg 1600w\" sizes=\"auto, (max-width: 1024px) 100vw, 1024px\" \/><\/a>\n\t\t\t<\/dt><\/dl><br style=\"clear: both\" \/><dl class='gallery-item'>\n\t\t\t<dt class='gallery-icon landscape'>\n\t\t\t\t<a href='https:\/\/www.ugt.cat\/jubilats\/ujp-ugt-de-catalunya-celebra-el-comite-nacional\/img-20241122-wa0028\/'><img loading=\"lazy\" decoding=\"async\" width=\"1024\" height=\"768\" src=\"https:\/\/www.ugt.cat\/jubilats\/wp-content\/uploads\/2024\/11\/IMG-20241122-WA0028-1024x768.jpg\" class=\"attachment-large size-large\" alt=\"\" srcset=\"https:\/\/www.ugt.cat\/jubilats\/wp-content\/uploads\/2024\/11\/IMG-20241122-WA0028-1024x768.jpg 1024w, https:\/\/www.ugt.cat\/jubilats\/wp-content\/uploads\/2024\/11\/IMG-20241122-WA0028-300x225.jpg 300w, https:\/\/www.ugt.cat\/jubilats\/wp-content\/uploads\/2024\/11\/IMG-20241122-WA0028-768x576.jpg 768w, https:\/\/www.ugt.cat\/jubilats\/wp-content\/uploads\/2024\/11\/IMG-20241122-WA0028-1536x1152.jpg 1536w, https:\/\/www.ugt.cat\/jubilats\/wp-content\/uploads\/2024\/11\/IMG-20241122-WA0028.jpg 1600w\" sizes=\"auto, (max-width: 1024px) 100vw, 1024px\" \/><\/a>\n\t\t\t<\/dt><\/dl><dl class='gallery-item'>\n\t\t\t<dt class='gallery-icon landscape'>\n\t\t\t\t<a href='https:\/\/www.ugt.cat\/jubilats\/ujp-ugt-de-catalunya-celebra-el-comite-nacional\/img_20241122_125012\/'><img loading=\"lazy\" decoding=\"async\" width=\"1024\" height=\"459\" src=\"https:\/\/www.ugt.cat\/jubilats\/wp-content\/uploads\/2024\/11\/IMG_20241122_125012-1024x459.jpg\" class=\"attachment-large size-large\" alt=\"\" srcset=\"https:\/\/www.ugt.cat\/jubilats\/wp-content\/uploads\/2024\/11\/IMG_20241122_125012-1024x459.jpg 1024w, https:\/\/www.ugt.cat\/jubilats\/wp-content\/uploads\/2024\/11\/IMG_20241122_125012-300x134.jpg 300w, https:\/\/www.ugt.cat\/jubilats\/wp-content\/uploads\/2024\/11\/IMG_20241122_125012-768x344.jpg 768w, https:\/\/www.ugt.cat\/jubilats\/wp-content\/uploads\/2024\/11\/IMG_20241122_125012-1536x688.jpg 1536w, https:\/\/www.ugt.cat\/jubilats\/wp-content\/uploads\/2024\/11\/IMG_20241122_125012-2048x918.jpg 2048w\" sizes=\"auto, (max-width: 1024px) 100vw, 1024px\" \/><\/a>\n\t\t\t<\/dt><\/dl><dl class='gallery-item'>\n\t\t\t<dt class='gallery-icon landscape'>\n\t\t\t\t<a href='https:\/\/www.ugt.cat\/jubilats\/ujp-ugt-de-catalunya-celebra-el-comite-nacional\/img-20241122-wa0060\/'><img loading=\"lazy\" decoding=\"async\" width=\"1024\" height=\"768\" src=\"https:\/\/www.ugt.cat\/jubilats\/wp-content\/uploads\/2024\/11\/IMG-20241122-WA0060-1024x768.jpg\" class=\"attachment-large size-large\" alt=\"\" srcset=\"https:\/\/www.ugt.cat\/jubilats\/wp-content\/uploads\/2024\/11\/IMG-20241122-WA0060-1024x768.jpg 1024w, https:\/\/www.ugt.cat\/jubilats\/wp-content\/uploads\/2024\/11\/IMG-20241122-WA0060-300x225.jpg 300w, https:\/\/www.ugt.cat\/jubilats\/wp-content\/uploads\/2024\/11\/IMG-20241122-WA0060-768x576.jpg 768w, https:\/\/www.ugt.cat\/jubilats\/wp-content\/uploads\/2024\/11\/IMG-20241122-WA0060-1536x1152.jpg 1536w, https:\/\/www.ugt.cat\/jubilats\/wp-content\/uploads\/2024\/11\/IMG-20241122-WA0060.jpg 1600w\" sizes=\"auto, (max-width: 1024px) 100vw, 1024px\" \/><\/a>\n\t\t\t<\/dt><\/dl><br style=\"clear: both\" \/><dl class='gallery-item'>\n\t\t\t<dt class='gallery-icon landscape'>\n\t\t\t\t<a href='https:\/\/www.ugt.cat\/jubilats\/ujp-ugt-de-catalunya-celebra-el-comite-nacional\/img_20241122_114607\/'><img loading=\"lazy\" decoding=\"async\" width=\"1024\" height=\"459\" src=\"https:\/\/www.ugt.cat\/jubilats\/wp-content\/uploads\/2024\/11\/IMG_20241122_114607-1024x459.jpg\" class=\"attachment-large size-large\" alt=\"\" srcset=\"https:\/\/www.ugt.cat\/jubilats\/wp-content\/uploads\/2024\/11\/IMG_20241122_114607-1024x459.jpg 1024w, https:\/\/www.ugt.cat\/jubilats\/wp-content\/uploads\/2024\/11\/IMG_20241122_114607-300x134.jpg 300w, https:\/\/www.ugt.cat\/jubilats\/wp-content\/uploads\/2024\/11\/IMG_20241122_114607-768x344.jpg 768w, https:\/\/www.ugt.cat\/jubilats\/wp-content\/uploads\/2024\/11\/IMG_20241122_114607-1536x688.jpg 1536w, https:\/\/www.ugt.cat\/jubilats\/wp-content\/uploads\/2024\/11\/IMG_20241122_114607-2048x918.jpg 2048w\" sizes=\"auto, (max-width: 1024px) 100vw, 1024px\" \/><\/a>\n\t\t\t<\/dt><\/dl><dl class='gallery-item'>\n\t\t\t<dt class='gallery-icon landscape'>\n\t\t\t\t<a href='https:\/\/www.ugt.cat\/jubilats\/ujp-ugt-de-catalunya-celebra-el-comite-nacional\/img_20241122_114536\/'><img loading=\"lazy\" decoding=\"async\" width=\"1024\" height=\"459\" src=\"https:\/\/www.ugt.cat\/jubilats\/wp-content\/uploads\/2024\/11\/IMG_20241122_114536-1024x459.jpg\" class=\"attachment-large size-large\" alt=\"\" srcset=\"https:\/\/www.ugt.cat\/jubilats\/wp-content\/uploads\/2024\/11\/IMG_20241122_114536-1024x459.jpg 1024w, https:\/\/www.ugt.cat\/jubilats\/wp-content\/uploads\/2024\/11\/IMG_20241122_114536-300x134.jpg 300w, https:\/\/www.ugt.cat\/jubilats\/wp-content\/uploads\/2024\/11\/IMG_20241122_114536-768x344.jpg 768w, https:\/\/www.ugt.cat\/jubilats\/wp-content\/uploads\/2024\/11\/IMG_20241122_114536-1536x688.jpg 1536w, https:\/\/www.ugt.cat\/jubilats\/wp-content\/uploads\/2024\/11\/IMG_20241122_114536-2048x918.jpg 2048w\" sizes=\"auto, (max-width: 1024px) 100vw, 1024px\" \/><\/a>\n\t\t\t<\/dt><\/dl><dl class='gallery-item'>\n\t\t\t<dt class='gallery-icon landscape'>\n\t\t\t\t<a href='https:\/\/www.ugt.cat\/jubilats\/ujp-ugt-de-catalunya-celebra-el-comite-nacional\/img-20241122-wa0039\/'><img loading=\"lazy\" decoding=\"async\" width=\"1024\" height=\"768\" src=\"https:\/\/www.ugt.cat\/jubilats\/wp-content\/uploads\/2024\/11\/IMG-20241122-WA0039-1024x768.jpg\" class=\"attachment-large size-large\" alt=\"\" srcset=\"https:\/\/www.ugt.cat\/jubilats\/wp-content\/uploads\/2024\/11\/IMG-20241122-WA0039-1024x768.jpg 1024w, https:\/\/www.ugt.cat\/jubilats\/wp-content\/uploads\/2024\/11\/IMG-20241122-WA0039-300x225.jpg 300w, https:\/\/www.ugt.cat\/jubilats\/wp-content\/uploads\/2024\/11\/IMG-20241122-WA0039-768x576.jpg 768w, https:\/\/www.ugt.cat\/jubilats\/wp-content\/uploads\/2024\/11\/IMG-20241122-WA0039-1536x1152.jpg 1536w, https:\/\/www.ugt.cat\/jubilats\/wp-content\/uploads\/2024\/11\/IMG-20241122-WA0039.jpg 1600w\" sizes=\"auto, (max-width: 1024px) 100vw, 1024px\" \/><\/a>\n\t\t\t<\/dt><\/dl><br style=\"clear: both\" \/><dl class='gallery-item'>\n\t\t\t<dt class='gallery-icon landscape'>\n\t\t\t\t<a href='https:\/\/www.ugt.cat\/jubilats\/ujp-ugt-de-catalunya-celebra-el-comite-nacional\/img-20241122-wa0034\/'><img loading=\"lazy\" decoding=\"async\" width=\"1024\" height=\"768\" src=\"https:\/\/www.ugt.cat\/jubilats\/wp-content\/uploads\/2024\/11\/IMG-20241122-WA0034-1024x768.jpg\" class=\"attachment-large size-large\" alt=\"\" srcset=\"https:\/\/www.ugt.cat\/jubilats\/wp-content\/uploads\/2024\/11\/IMG-20241122-WA0034-1024x768.jpg 1024w, https:\/\/www.ugt.cat\/jubilats\/wp-content\/uploads\/2024\/11\/IMG-20241122-WA0034-300x225.jpg 300w, https:\/\/www.ugt.cat\/jubilats\/wp-content\/uploads\/2024\/11\/IMG-20241122-WA0034-768x576.jpg 768w, https:\/\/www.ugt.cat\/jubilats\/wp-content\/uploads\/2024\/11\/IMG-20241122-WA0034-1536x1152.jpg 1536w, https:\/\/www.ugt.cat\/jubilats\/wp-content\/uploads\/2024\/11\/IMG-20241122-WA0034.jpg 1600w\" sizes=\"auto, (max-width: 1024px) 100vw, 1024px\" \/><\/a>\n\t\t\t<\/dt><\/dl><dl class='gallery-item'>\n\t\t\t<dt class='gallery-icon landscape'>\n\t\t\t\t<a href='https:\/\/www.ugt.cat\/jubilats\/ujp-ugt-de-catalunya-celebra-el-comite-nacional\/img-20241122-wa0033\/'><img loading=\"lazy\" decoding=\"async\" width=\"1024\" height=\"768\" src=\"https:\/\/www.ugt.cat\/jubilats\/wp-content\/uploads\/2024\/11\/IMG-20241122-WA0033-1024x768.jpg\" class=\"attachment-large size-large\" alt=\"\" srcset=\"https:\/\/www.ugt.cat\/jubilats\/wp-content\/uploads\/2024\/11\/IMG-20241122-WA0033-1024x768.jpg 1024w, https:\/\/www.ugt.cat\/jubilats\/wp-content\/uploads\/2024\/11\/IMG-20241122-WA0033-300x225.jpg 300w, https:\/\/www.ugt.cat\/jubilats\/wp-content\/uploads\/2024\/11\/IMG-20241122-WA0033-768x576.jpg 768w, https:\/\/www.ugt.cat\/jubilats\/wp-content\/uploads\/2024\/11\/IMG-20241122-WA0033-1536x1152.jpg 1536w, https:\/\/www.ugt.cat\/jubilats\/wp-content\/uploads\/2024\/11\/IMG-20241122-WA0033.jpg 1600w\" sizes=\"auto, (max-width: 1024px) 100vw, 1024px\" \/><\/a>\n\t\t\t<\/dt><\/dl><dl class='gallery-item'>\n\t\t\t<dt class='gallery-icon portrait'>\n\t\t\t\t<a href='https:\/\/www.ugt.cat\/jubilats\/ujp-ugt-de-catalunya-celebra-el-comite-nacional\/img-20241122-wa0062\/'><img loading=\"lazy\" decoding=\"async\" width=\"768\" height=\"1024\" src=\"https:\/\/www.ugt.cat\/jubilats\/wp-content\/uploads\/2024\/11\/IMG-20241122-WA0062-768x1024.jpg\" class=\"attachment-large size-large\" alt=\"\" srcset=\"https:\/\/www.ugt.cat\/jubilats\/wp-content\/uploads\/2024\/11\/IMG-20241122-WA0062-768x1024.jpg 768w, https:\/\/www.ugt.cat\/jubilats\/wp-content\/uploads\/2024\/11\/IMG-20241122-WA0062-225x300.jpg 225w, https:\/\/www.ugt.cat\/jubilats\/wp-content\/uploads\/2024\/11\/IMG-20241122-WA0062-1152x1536.jpg 1152w, https:\/\/www.ugt.cat\/jubilats\/wp-content\/uploads\/2024\/11\/IMG-20241122-WA0062.jpg 1200w\" sizes=\"auto, (max-width: 768px) 100vw, 768px\" \/><\/a>\n\t\t\t<\/dt><\/dl><br style=\"clear: both\" \/><dl class='gallery-item'>\n\t\t\t<dt class='gallery-icon landscape'>\n\t\t\t\t<a href='https:\/\/www.ugt.cat\/jubilats\/ujp-ugt-de-catalunya-celebra-el-comite-nacional\/img-20241122-wa0029\/'><img loading=\"lazy\" decoding=\"async\" width=\"1024\" height=\"768\" src=\"https:\/\/www.ugt.cat\/jubilats\/wp-content\/uploads\/2024\/11\/IMG-20241122-WA0029-1024x768.jpg\" class=\"attachment-large size-large\" alt=\"\" srcset=\"https:\/\/www.ugt.cat\/jubilats\/wp-content\/uploads\/2024\/11\/IMG-20241122-WA0029-1024x768.jpg 1024w, https:\/\/www.ugt.cat\/jubilats\/wp-content\/uploads\/2024\/11\/IMG-20241122-WA0029-300x225.jpg 300w, https:\/\/www.ugt.cat\/jubilats\/wp-content\/uploads\/2024\/11\/IMG-20241122-WA0029-768x576.jpg 768w, https:\/\/www.ugt.cat\/jubilats\/wp-content\/uploads\/2024\/11\/IMG-20241122-WA0029-1536x1152.jpg 1536w, https:\/\/www.ugt.cat\/jubilats\/wp-content\/uploads\/2024\/11\/IMG-20241122-WA0029.jpg 1600w\" sizes=\"auto, (max-width: 1024px) 100vw, 1024px\" \/><\/a>\n\t\t\t<\/dt><\/dl><dl class='gallery-item'>\n\t\t\t<dt class='gallery-icon landscape'>\n\t\t\t\t<a href='https:\/\/www.ugt.cat\/jubilats\/ujp-ugt-de-catalunya-celebra-el-comite-nacional\/img-20241122-wa0020\/'><img loading=\"lazy\" decoding=\"async\" width=\"1024\" height=\"768\" src=\"https:\/\/www.ugt.cat\/jubilats\/wp-content\/uploads\/2024\/11\/IMG-20241122-WA0020-1024x768.jpg\" class=\"attachment-large size-large\" alt=\"\" srcset=\"https:\/\/www.ugt.cat\/jubilats\/wp-content\/uploads\/2024\/11\/IMG-20241122-WA0020-1024x768.jpg 1024w, https:\/\/www.ugt.cat\/jubilats\/wp-content\/uploads\/2024\/11\/IMG-20241122-WA0020-300x225.jpg 300w, https:\/\/www.ugt.cat\/jubilats\/wp-content\/uploads\/2024\/11\/IMG-20241122-WA0020-768x576.jpg 768w, https:\/\/www.ugt.cat\/jubilats\/wp-content\/uploads\/2024\/11\/IMG-20241122-WA0020-1536x1152.jpg 1536w, https:\/\/www.ugt.cat\/jubilats\/wp-content\/uploads\/2024\/11\/IMG-20241122-WA0020.jpg 1600w\" sizes=\"auto, (max-width: 1024px) 100vw, 1024px\" \/><\/a>\n\t\t\t<\/dt><\/dl><dl class='gallery-item'>\n\t\t\t<dt class='gallery-icon landscape'>\n\t\t\t\t<a href='https:\/\/www.ugt.cat\/jubilats\/ujp-ugt-de-catalunya-celebra-el-comite-nacional\/img_20241122_104405\/'><img loading=\"lazy\" decoding=\"async\" width=\"1024\" height=\"459\" src=\"https:\/\/www.ugt.cat\/jubilats\/wp-content\/uploads\/2024\/11\/IMG_20241122_104405-1024x459.jpg\" class=\"attachment-large size-large\" alt=\"\" srcset=\"https:\/\/www.ugt.cat\/jubilats\/wp-content\/uploads\/2024\/11\/IMG_20241122_104405-1024x459.jpg 1024w, https:\/\/www.ugt.cat\/jubilats\/wp-content\/uploads\/2024\/11\/IMG_20241122_104405-300x134.jpg 300w, https:\/\/www.ugt.cat\/jubilats\/wp-content\/uploads\/2024\/11\/IMG_20241122_104405-768x344.jpg 768w, https:\/\/www.ugt.cat\/jubilats\/wp-content\/uploads\/2024\/11\/IMG_20241122_104405-1536x688.jpg 1536w, https:\/\/www.ugt.cat\/jubilats\/wp-content\/uploads\/2024\/11\/IMG_20241122_104405-2048x918.jpg 2048w\" sizes=\"auto, (max-width: 1024px) 100vw, 1024px\" \/><\/a>\n\t\t\t<\/dt><\/dl><br style=\"clear: both\" \/><dl class='gallery-item'>\n\t\t\t<dt class='gallery-icon landscape'>\n\t\t\t\t<a href='https:\/\/www.ugt.cat\/jubilats\/ujp-ugt-de-catalunya-celebra-el-comite-nacional\/img-20241122-wa0017\/'><img loading=\"lazy\" decoding=\"async\" width=\"1024\" height=\"768\" src=\"https:\/\/www.ugt.cat\/jubilats\/wp-content\/uploads\/2024\/11\/IMG-20241122-WA0017-1024x768.jpg\" class=\"attachment-large size-large\" alt=\"\" srcset=\"https:\/\/www.ugt.cat\/jubilats\/wp-content\/uploads\/2024\/11\/IMG-20241122-WA0017-1024x768.jpg 1024w, https:\/\/www.ugt.cat\/jubilats\/wp-content\/uploads\/2024\/11\/IMG-20241122-WA0017-300x225.jpg 300w, https:\/\/www.ugt.cat\/jubilats\/wp-content\/uploads\/2024\/11\/IMG-20241122-WA0017-768x576.jpg 768w, https:\/\/www.ugt.cat\/jubilats\/wp-content\/uploads\/2024\/11\/IMG-20241122-WA0017-1536x1152.jpg 1536w, https:\/\/www.ugt.cat\/jubilats\/wp-content\/uploads\/2024\/11\/IMG-20241122-WA0017.jpg 1600w\" sizes=\"auto, (max-width: 1024px) 100vw, 1024px\" \/><\/a>\n\t\t\t<\/dt><\/dl>\n\t\t\t<br style='clear: both' \/>\n\t\t<\/div>\n\n<p>&nbsp;<\/p>\n<p>&nbsp;<\/p>\n","protected":false},"excerpt":{"rendered":"<p>S&#8217;ha celebrat el 4rt. Comit\u00e8 Nacional ordinari d&#8217;UJP-UGT de Catalunya a la seu de Barcelona. A continuaci\u00f3 de l&#8217;obertura de l&#8217;acte pel secretari d&#8217;organitzaci\u00f3 Florenci Cepero, ha intervingut N\u00faria Sol\u00e9 vicesecretaria general de la UGT de Catalunya amb la salutaci\u00f3 <a class=\"more-link\" href=\"https:\/\/www.ugt.cat\/jubilats\/ujp-ugt-de-catalunya-celebra-el-comite-nacional\/\">Continua llegint <span class=\"meta-nav\">&rarr;<\/span><\/a><\/p>\n","protected":false},"author":6,"featured_media":9604,"comment_status":"closed","ping_status":"open","sticky":false,"template":"","format":"standard","meta":{"footnotes":""},"categories":[1],"tags":[],"class_list":["post-9582","post","type-post","status-publish","format-standard","has-post-thumbnail","hentry","category-general"],"_links":{"self":[{"href":"https:\/\/www.ugt.cat\/jubilats\/wp-json\/wp\/v2\/posts\/9582","targetHints":{"allow":["GET"]}}],"collection":[{"href":"https:\/\/www.ugt.cat\/jubilats\/wp-json\/wp\/v2\/posts"}],"about":[{"href":"https:\/\/www.ugt.cat\/jubilats\/wp-json\/wp\/v2\/types\/post"}],"author":[{"embeddable":true,"href":"https:\/\/www.ugt.cat\/jubilats\/wp-json\/wp\/v2\/users\/6"}],"replies":[{"embeddable":true,"href":"https:\/\/www.ugt.cat\/jubilats\/wp-json\/wp\/v2\/comments?post=9582"}],"version-history":[{"count":7,"href":"https:\/\/www.ugt.cat\/jubilats\/wp-json\/wp\/v2\/posts\/9582\/revisions"}],"predecessor-version":[{"id":9646,"href":"https:\/\/www.ugt.cat\/jubilats\/wp-json\/wp\/v2\/posts\/9582\/revisions\/9646"}],"wp:featuredmedia":[{"embeddable":true,"href":"https:\/\/www.ugt.cat\/jubilats\/wp-json\/wp\/v2\/media\/9604"}],"wp:attachment":[{"href":"https:\/\/www.ugt.cat\/jubilats\/wp-json\/wp\/v2\/media?parent=9582"}],"wp:term":[{"taxonomy":"category","embeddable":true,"href":"https:\/\/www.ugt.cat\/jubilats\/wp-json\/wp\/v2\/categories?post=9582"},{"taxonomy":"post_tag","embeddable":true,"href":"https:\/\/www.ugt.cat\/jubilats\/wp-json\/wp\/v2\/tags?post=9582"}],"curies":[{"name":"wp","href":"https:\/\/api.w.org\/{rel}","templated":true}]}}